{"id":30718,"date":"2025-08-02T11:44:29","date_gmt":"2025-08-02T14:44:29","guid":{"rendered":"https:\/\/diariotribuna.com.br\/?p=30718"},"modified":"2025-08-02T11:44:29","modified_gmt":"2025-08-02T14:44:29","slug":"obras-publicas-paralisadas-diminuem-em-mg","status":"publish","type":"post","link":"https:\/\/diariotribuna.com.br\/?p=30718","title":{"rendered":"Obras p\u00fablicas paralisadas diminuem em MG\u00a0"},"content":{"rendered":"<p><em><span>Foto: Reprodu\u00e7\u00e3o Adobe Stock\/DC<\/span><\/em><\/p>\n<p><strong><span>COLUNA MG<\/span><\/strong><br \/><span>Principais destaques dos jornais e portais integrantes da rede Sindijori MG\u00a0<\/span><br \/><span><a href=\"http:\/\/www.sindijorimg.com.br\/\">www.sindijorimg.com.br<\/a><\/span><\/p>\n<p><strong><span>Obras p\u00fablicas paralisadas diminuem<\/span><\/strong><br \/><span>Levantamento de obras paralisadas do Tribunal de Contas da Uni\u00e3o (TCU) mostra uma invers\u00e3o em Minas Gerais, no \u00e2mbito das obras p\u00fablicas financiadas com recursos do governo federal. Segundo o TCU, 47,3% das obras p\u00fablicas no Estado, financiadas com recursos federais, est\u00e3o paralisadas neste ano. Trata-se de uma redu\u00e7\u00e3o na paralisa\u00e7\u00e3o de obras do governo federal em territ\u00f3rio mineiro e uma interrup\u00e7\u00e3o do aumento das paralisa\u00e7\u00f5es observado nos \u00faltimos anos. As interven\u00e7\u00f5es p\u00fablicas em quest\u00e3o t\u00eam investimentos previstos da ordem de R$ 3 bilh\u00f5es, sendo que metade destes recursos j\u00e1 foi efetivamente realizada para suas constru\u00e7\u00f5es. (Di\u00e1rio do Com\u00e9rcio \u2013 Belo Horizonte)<\/span><br \/><span><a href=\"https:\/\/diariodocomercio.com.br\/economia\/obras-publicas-paralisadas-diminuem-em-minas-gerais\/\">https:\/\/diariodocomercio.com.br\/economia\/obras-publicas-paralisadas-diminuem-em-minas-gerais\/<\/a><\/span><\/p>\n<p><strong><span>Hospitais oncol\u00f3gicos ganham recursos<\/span><\/strong><br \/><span>A Cooperativa Regional de Cafeicultores em Guaxup\u00e9 doou R$ 2,7 milh\u00f5es para 77 hospitais municipais e oncol\u00f3gicos em atividade em sua \u00e1rea de atua\u00e7\u00e3o nos estados de Minas Gerais e S\u00e3o Paulo. As contribui\u00e7\u00f5es foram entregues a representantes das institui\u00e7\u00f5es hospitalares na tarde de 1\u00ba de agosto. As doa\u00e7\u00f5es iniciaram em 2020, no per\u00edodo pand\u00eamico, com o principal objetivo de apoiar a rotina de hospitais presentes em regi\u00f5es onde a Cooxup\u00e9 mant\u00e9m fam\u00edlias cooperadas e produ\u00e7\u00e3o de caf\u00e9. Desde ent\u00e3o, a cooperativa cafeeira j\u00e1 destinou, ao todo, R$ 11,2 milh\u00f5es para estas doa\u00e7\u00f5es. (Folha Regional \u2013 Muzambinho)<\/span><br \/><span><a href=\"https:\/\/afolharegional.com.br\/noticias\/hospitais-municipais-e-oncologicos-contarao-com-r-27-milhoes-doados-pela-cooxupe\/\">https:\/\/afolharegional.com.br\/noticias\/hospitais-municipais-e-oncologicos-contarao-com-r-27-milhoes-doados-pela-cooxupe\/<\/a><\/span><\/p>\n<p><strong><span>Parceria para energia compartilhada<\/span><\/strong><br \/><span>Neste s\u00e1bado, 2, no hall prefeitura, foram apresentados aos cidad\u00e3os de Tim\u00f3teo os detalhes sobre a energia solar compartilhada e o passo a passo da ades\u00e3o ao programa para economizar todos os meses na conta de luz. A parceria firmada entre a Administra\u00e7\u00e3o Municipal e a empresa do grupo Cemig, a Cemig SIM, vai ofertar para os moradores de Tim\u00f3teo, al\u00e9m do acesso a uma energia sustent\u00e1vel, uma redu\u00e7\u00e3o na conta, que pode chegar a 16% todos os meses. A Prefeitura \u00e9 cliente Cemig SIM desde abril deste ano e estender\u00e1 \u00e0 popula\u00e7\u00e3o os benef\u00edcios ambientais e econ\u00f4micos dessa parceria. (Portal Carlos Souto)<\/span><br \/><span><a href=\"https:\/\/www.portalcarlossouto.com.br\/noticias\/economia\/parceria-entre-prefeitura-e-cemig-garante-energia-sustentavel-e-desconto-na-fatura-da-populacao-de-timoteo\/\">https:\/\/www.portalcarlossouto.com.br\/noticias\/economia\/parceria-entre-prefeitura-e-cemig-garante-energia-sustentavel-e-desconto-na-fatura-da-populacao-de-timoteo\/<\/a><\/span><\/p>\n<p><strong><span>InovaCoop em Te\u00f3filo Otoni<\/span><\/strong><br \/><span>Fortalecer a cultura do cooperativismo de cr\u00e9dito por meio da educa\u00e7\u00e3o financeira. Este \u00e9 um dos objetivos do \u201cInovaCoop 2025 \u2013 Onde o Cooperativismo Encontra a Inova\u00e7\u00e3o\u201d, evento que ser\u00e1 realizado em Te\u00f3filo Otoni, no Vale do Mucuri, no dia 6 de agosto. Promovido pelo Sebrae Minas e Sicoob Credivale, o evento tem inscri-<\/span><br \/><span>\u00e7\u00f5es gratuitas e entre os palestrantes confirmados, est\u00e1 o criador de um dos maiores perfis de educa\u00e7\u00e3o financeira do Brasil, Eduardo Feldberg, conhecido como o \u2018Primo Pobre\u2019. (Di\u00e1rio Tribuna \u2013 Te\u00f3filo Otoni)<\/span><br \/><span><a href=\"https:\/\/diariotribuna.com.br\/?p=30712\">https:\/\/diariotribuna.com.br\/?p=30712<\/a><\/span><\/p>\n<p><strong><span>Elei\u00e7\u00f5es: jogo come\u00e7a a ser jogado<\/span><\/strong><br \/><span>Este segundo semestre ser\u00e1 um espa\u00e7o para o incremento nos discursos relacionados \u00e0 disputa ao Governo de Minas, cujos tr\u00eas nomes citados at\u00e9 agora s\u00e3o: o vice-governador Mateus Sim\u00f5es (Novo), Rodrigo Pacheco (PSD) e Cleitinho Azevedo (Republicanos). Especialistas analisam sobre o fortalecimento do atual secret\u00e1rio de Governo, Marcelo Aro (Podemos), pela peleja ao Senado. Outros pol\u00edticos mencionados nessa poss\u00edvel disputa s\u00e3o: o empres\u00e1rio e presidente da Fiemg, Fl\u00e1vio Roscoe; o ex-prefeito de BH, Alexandre Kalil (Republicanos); o ex-prefeito de Uberl\u00e2ndia, Odelmo Le\u00e3o (PP); a chefe do Executivo de Juiz de Fora, Margarida Salom\u00e3o (PT); e o deputado federal Euclydes Pettersen (Republicanos). (Edi\u00e7\u00e3o do Brasil \u2013 Belo Horizonte)<\/span><br \/><span><a href=\"https:\/\/edicaodobrasil.com.br\/\">https:\/\/edicaodobrasil.com.br\/<\/a><\/span><\/p>\n<p><strong><span>Samarco reabre Programa Indenizat\u00f3rio\u00a0<\/span><\/strong><br \/><span>A pedido do Minist\u00e9rio P\u00fablico Federal, Minist\u00e9rio P\u00fablico do Estado de Minas Gerais, Minist\u00e9rio P\u00fablico do Estado do Esp\u00edrito Santo, Defensoria P\u00fablica da Uni\u00e3o, Defensoria P\u00fablica do Estado de Minas Gerais e a Defensoria P\u00fablica do Estado do Esp\u00edrito Santo, o Programa Indenizat\u00f3rio Definitivo (PID) foi reaberto no dia 1\u00ba\/08, e a plataforma estar\u00e1 dispon\u00edvel at\u00e9 o dia 14 de setembro de 2025. Os crit\u00e9rios de elegibilidade para ingressar no programa se mant\u00eam. A medida permitir\u00e1 que pessoas eleg\u00edveis que ainda n\u00e3o tenham ingressado nas oportunidades anteriores possam solicitar a indeniza\u00e7\u00e3o individual de forma simplificada. (Portal Silmara Freitas)<\/span><br \/><span><a href=\"https:\/\/www.silmaradefreitas.com.br\/samarco-reabre-programa-indenizatorio-definitivo-pid-e-amplia-acesso-a-reparacao\/\">https:\/\/www.silmaradefreitas.com.br\/samarco-reabre-programa-indenizatorio-definitivo-pid-e-amplia-acesso-a-reparacao\/<\/a><\/span><\/p>\n<p><span><\/span><\/p>\n<p>\u00a0<\/p>","protected":false},"excerpt":{"rendered":"<p>Foto: Reprodu\u00e7\u00e3o Adobe Stock\/DC COLUNA MGPrincipais destaques dos jornais e portais integrantes da rede Sindijori MG\u00a0www.sindijorimg.com.br Obras p\u00fablicas paralisadas diminuemLevantamento de obras paralisadas do Tribunal de Contas da Uni\u00e3o (TCU) mostra uma invers\u00e3o em Minas Gerais, no \u00e2mbito das obras p\u00fablicas financiadas com recursos do governo federal. Segundo o TCU, 47,3% das obras p\u00fablicas no [&hellip;]<\/p>\n","protected":false},"author":0,"featured_media":30719,"comment_status":"open","ping_status":"open","sticky":false,"template":"","format":"standard","meta":{"rop_custom_images_group":[],"rop_custom_messages_group":[],"rop_publish_now":"initial","rop_publish_now_accounts":[],"rop_publish_now_history":[],"rop_publish_now_status":"pending","footnotes":""},"categories":[6745],"tags":[],"class_list":["post-30718","post","type-post","status-publish","format-standard","has-post-thumbnail","hentry","category-coluna-sindijori"],"_links":{"self":[{"href":"https:\/\/diariotribuna.com.br\/index.php?rest_route=\/wp\/v2\/posts\/30718"}],"collection":[{"href":"https:\/\/diariotribuna.com.br\/index.php?rest_route=\/wp\/v2\/posts"}],"about":[{"href":"https:\/\/diariotribuna.com.br\/index.php?rest_route=\/wp\/v2\/types\/post"}],"replies":[{"embeddable":true,"href":"https:\/\/diariotribuna.com.br\/index.php?rest_route=%2Fwp%2Fv2%2Fcomments&post=30718"}],"version-history":[{"count":0,"href":"https:\/\/diariotribuna.com.br\/index.php?rest_route=\/wp\/v2\/posts\/30718\/revisions"}],"wp:featuredmedia":[{"embeddable":true,"href":"https:\/\/diariotribuna.com.br\/index.php?rest_route=\/wp\/v2\/media\/30719"}],"wp:attachment":[{"href":"https:\/\/diariotribuna.com.br\/index.php?rest_route=%2Fwp%2Fv2%2Fmedia&parent=30718"}],"wp:term":[{"taxonomy":"category","embeddable":true,"href":"https:\/\/diariotribuna.com.br\/index.php?rest_route=%2Fwp%2Fv2%2Fcategories&post=30718"},{"taxonomy":"post_tag","embeddable":true,"href":"https:\/\/diariotribuna.com.br\/index.php?rest_route=%2Fwp%2Fv2%2Ftags&post=30718"}],"curies":[{"name":"wp","href":"https:\/\/api.w.org\/{rel}","templated":true}]}}