{"id":30737,"date":"2025-08-04T13:58:37","date_gmt":"2025-08-04T16:58:37","guid":{"rendered":"https:\/\/diariotribuna.com.br\/?p=30737"},"modified":"2025-08-04T13:58:37","modified_gmt":"2025-08-04T16:58:37","slug":"corrida-eu-amo-leite-celebrara-saude-esporte-e-o-valor-do-leite","status":"publish","type":"post","link":"https:\/\/diariotribuna.com.br\/?p=30737","title":{"rendered":"Corrida Eu Amo Leite celebrar\u00e1 sa\u00fade, esporte e o valor do leite\u00a0"},"content":{"rendered":"<p>O <strong>Sindicato da Ind\u00fastria de Latic\u00ednios de Minas Gerais (SILEMG)<\/strong> promove, no dia <strong>28 de setembro de 2025<\/strong>, a <strong>terceira edi\u00e7\u00e3o da Corrida Eu Amo Leite<\/strong>, evento que une <strong>atividade f\u00edsica, bem-estar<\/strong> e a valoriza\u00e7\u00e3o de um dos <strong>alimentos mais completos: o leite<\/strong>.<\/p>\n<p>A programa\u00e7\u00e3o ser\u00e1 realizada na <strong>Pra\u00e7a da Assembleia<\/strong>, em <strong>Belo Horizonte<\/strong>, com dist\u00e2ncias para todos os p\u00fablicos: <strong>corridas de 5K e 10K<\/strong>, <strong>caminhada de 3K<\/strong> e a <strong>Corridinha Kids<\/strong>, voltada ao p\u00fablico infantil.<\/p>\n<p>O <strong>kit do atleta<\/strong> inclui <strong>camisa, viseira, porta-t\u00eanis<\/strong> e a tradicional <strong>medalha da vaquinha<\/strong>, entregue a todos que finalizarem as provas. Em breve, o SILEMG anunciar\u00e1 <strong>novos e deliciosos itens<\/strong> que tamb\u00e9m far\u00e3o parte do kit, refor\u00e7ando o prop\u00f3sito do evento.<\/p>\n<p>Al\u00e9m das provas, o p\u00fablico poder\u00e1 aproveitar uma <strong>arena aberta<\/strong>, com <strong>alongamento coletivo<\/strong>, <strong>atividades de promo\u00e7\u00e3o da sa\u00fade<\/strong> e <strong>espa\u00e7os interativos para toda a fam\u00edlia<\/strong>, incentivando a ado\u00e7\u00e3o de <strong>h\u00e1bitos saud\u00e1veis<\/strong> e uma <strong>alimenta\u00e7\u00e3o equilibrada<\/strong> desde a inf\u00e2ncia.<\/p>\n\n<p><strong>As inscri\u00e7\u00f5es j\u00e1 est\u00e3o abertas<\/strong> e podem ser feitas em: <a target=\"_new\" class=\"\" href=\"https:\/\/www.resultadofinal.com\/euamoleite\" rel=\"noopener\">www.resultadofinal.com\/euamoleite<\/a><\/p>\n<p>\u00a0<\/p>","protected":false},"excerpt":{"rendered":"<p>O Sindicato da Ind\u00fastria de Latic\u00ednios de Minas Gerais (SILEMG) promove, no dia 28 de setembro de 2025, a terceira edi\u00e7\u00e3o da Corrida Eu Amo Leite, evento que une atividade f\u00edsica, bem-estar e a valoriza\u00e7\u00e3o de um dos alimentos mais completos: o leite. A programa\u00e7\u00e3o ser\u00e1 realizada na Pra\u00e7a da Assembleia, em Belo Horizonte, com [&hellip;]<\/p>\n","protected":false},"author":0,"featured_media":30738,"comment_status":"open","ping_status":"open","sticky":false,"template":"","format":"standard","meta":{"rop_custom_images_group":[],"rop_custom_messages_group":[],"rop_publish_now":"initial","rop_publish_now_accounts":[],"rop_publish_now_history":[],"rop_publish_now_status":"pending","footnotes":""},"categories":[6745],"tags":[],"class_list":["post-30737","post","type-post","status-publish","format-standard","has-post-thumbnail","hentry","category-coluna-sindijori"],"_links":{"self":[{"href":"https:\/\/diariotribuna.com.br\/index.php?rest_route=\/wp\/v2\/posts\/30737"}],"collection":[{"href":"https:\/\/diariotribuna.com.br\/index.php?rest_route=\/wp\/v2\/posts"}],"about":[{"href":"https:\/\/diariotribuna.com.br\/index.php?rest_route=\/wp\/v2\/types\/post"}],"replies":[{"embeddable":true,"href":"https:\/\/diariotribuna.com.br\/index.php?rest_route=%2Fwp%2Fv2%2Fcomments&post=30737"}],"version-history":[{"count":0,"href":"https:\/\/diariotribuna.com.br\/index.php?rest_route=\/wp\/v2\/posts\/30737\/revisions"}],"wp:featuredmedia":[{"embeddable":true,"href":"https:\/\/diariotribuna.com.br\/index.php?rest_route=\/wp\/v2\/media\/30738"}],"wp:attachment":[{"href":"https:\/\/diariotribuna.com.br\/index.php?rest_route=%2Fwp%2Fv2%2Fmedia&parent=30737"}],"wp:term":[{"taxonomy":"category","embeddable":true,"href":"https:\/\/diariotribuna.com.br\/index.php?rest_route=%2Fwp%2Fv2%2Fcategories&post=30737"},{"taxonomy":"post_tag","embeddable":true,"href":"https:\/\/diariotribuna.com.br\/index.php?rest_route=%2Fwp%2Fv2%2Ftags&post=30737"}],"curies":[{"name":"wp","href":"https:\/\/api.w.org\/{rel}","templated":true}]}}