{"id":30748,"date":"2025-08-05T13:02:56","date_gmt":"2025-08-05T16:02:56","guid":{"rendered":"https:\/\/diariotribuna.com.br\/?p=30748"},"modified":"2025-08-05T13:02:56","modified_gmt":"2025-08-05T16:02:56","slug":"ao-lado-de-alckmin-pacheco-participa-de-evento-em-homenagem-ao-exvicepresidente-jose-alencar","status":"publish","type":"post","link":"https:\/\/diariotribuna.com.br\/?p=30748","title":{"rendered":"Ao lado de Alckmin, Pacheco participa de evento em homenagem ao ex&amp;vice&amp;presidente Jos\u00e9 Alencar\u00a0"},"content":{"rendered":"<p><strong>BRAS\u00cdLIA<\/strong> \u2013 O senador <strong>Rodrigo Pacheco (PSD-MG)<\/strong> participou, nesta ter\u00e7a-feira (5), ao lado do vice-presidente <strong>Geraldo Alckmin<\/strong>, de uma homenagem ao ex-vice-presidente <strong>Jos\u00e9 Alencar<\/strong>, no <strong>descerramento da foto de Alencar na galeria da Vice-Presid\u00eancia<\/strong>, localizada no Anexo II do <strong>Pal\u00e1cio do Planalto<\/strong>, em Bras\u00edlia. O presidente da <strong>Federa\u00e7\u00e3o das Ind\u00fastrias do Estado de S\u00e3o Paulo (Fiesp)<\/strong>, <strong>Josu\u00e9 Gomes<\/strong>, filho de Jos\u00e9 Alencar, tamb\u00e9m esteve presente no ato.<\/p>\n<p>Rodrigo Pacheco relembrou a carreira p\u00fablica de Alencar e destacou as qualidades que o tornaram <strong>um dos nomes mais importantes da pol\u00edtica de Minas Gerais<\/strong>.<\/p>\n<p>\u2014 <strong>Jos\u00e9 Alencar foi um dos homens p\u00fablicos que mais dignificaram o nosso estado de Minas Gerais.<\/strong> Teve no di\u00e1logo inesgot\u00e1vel, na compreens\u00e3o dos problemas reais, na simplicidade do trato e na incans\u00e1vel busca de unir os brasileiros seus principais legados \u2014 afirmou.<\/p>\n<p>O senador, que exerceu o cargo de <strong>presidente do Senado e do Congresso Nacional por quatro anos<\/strong>, ressaltou tamb\u00e9m a trajet\u00f3ria empresarial de Jos\u00e9 Alencar, <strong>mineiro de Muria\u00e9<\/strong>, que se consolidou como um dos grandes nomes da ind\u00fastria mineira.<\/p>\n<p>\u2014 <strong>Sua voca\u00e7\u00e3o empreendedora se tornou exemplo de dinamismo, inova\u00e7\u00e3o e transforma\u00e7\u00e3o da cadeia produtiva do nosso estado<\/strong>, sem deixar de lado a sua grande preocupa\u00e7\u00e3o com as quest\u00f5es sociais da nossa gente \u2014 salientou.<\/p>\n<p>Pacheco ainda destacou a <strong>origem humilde<\/strong> de Alencar e sua <strong>perseveran\u00e7a em transformar a pr\u00f3pria realidade<\/strong> e a de muitos que foram impactados por sua atua\u00e7\u00e3o.<\/p>\n\n<p>\u2014 <strong>De origem humilde, a trajet\u00f3ria de Jos\u00e9 Alencar foi marcada pela sua constante luta para transformar a realidade<\/strong>, \u00e0s vezes muito adversa, em oportunidades de crescimento e prosperidade, que ainda permitiram o desenvolvimento a muitas pessoas que tiveram o privil\u00e9gio de sua conviv\u00eancia e do seu empreendedorismo \u2014 disse.<\/p>\n<p>\u00a0<\/p>","protected":false},"excerpt":{"rendered":"<p>BRAS\u00cdLIA \u2013 O senador Rodrigo Pacheco (PSD-MG) participou, nesta ter\u00e7a-feira (5), ao lado do vice-presidente Geraldo Alckmin, de uma homenagem ao ex-vice-presidente Jos\u00e9 Alencar, no descerramento da foto de Alencar na galeria da Vice-Presid\u00eancia, localizada no Anexo II do Pal\u00e1cio do Planalto, em Bras\u00edlia. O presidente da Federa\u00e7\u00e3o das Ind\u00fastrias do Estado de S\u00e3o Paulo [&hellip;]<\/p>\n","protected":false},"author":0,"featured_media":30749,"comment_status":"open","ping_status":"open","sticky":false,"template":"","format":"standard","meta":{"rop_custom_images_group":[],"rop_custom_messages_group":[],"rop_publish_now":"initial","rop_publish_now_accounts":[],"rop_publish_now_history":[],"rop_publish_now_status":"pending","footnotes":""},"categories":[6745],"tags":[],"class_list":["post-30748","post","type-post","status-publish","format-standard","has-post-thumbnail","hentry","category-coluna-sindijori"],"_links":{"self":[{"href":"https:\/\/diariotribuna.com.br\/index.php?rest_route=\/wp\/v2\/posts\/30748"}],"collection":[{"href":"https:\/\/diariotribuna.com.br\/index.php?rest_route=\/wp\/v2\/posts"}],"about":[{"href":"https:\/\/diariotribuna.com.br\/index.php?rest_route=\/wp\/v2\/types\/post"}],"replies":[{"embeddable":true,"href":"https:\/\/diariotribuna.com.br\/index.php?rest_route=%2Fwp%2Fv2%2Fcomments&post=30748"}],"version-history":[{"count":0,"href":"https:\/\/diariotribuna.com.br\/index.php?rest_route=\/wp\/v2\/posts\/30748\/revisions"}],"wp:featuredmedia":[{"embeddable":true,"href":"https:\/\/diariotribuna.com.br\/index.php?rest_route=\/wp\/v2\/media\/30749"}],"wp:attachment":[{"href":"https:\/\/diariotribuna.com.br\/index.php?rest_route=%2Fwp%2Fv2%2Fmedia&parent=30748"}],"wp:term":[{"taxonomy":"category","embeddable":true,"href":"https:\/\/diariotribuna.com.br\/index.php?rest_route=%2Fwp%2Fv2%2Fcategories&post=30748"},{"taxonomy":"post_tag","embeddable":true,"href":"https:\/\/diariotribuna.com.br\/index.php?rest_route=%2Fwp%2Fv2%2Ftags&post=30748"}],"curies":[{"name":"wp","href":"https:\/\/api.w.org\/{rel}","templated":true}]}}