{"id":30772,"date":"2025-08-08T13:28:15","date_gmt":"2025-08-08T16:28:15","guid":{"rendered":"https:\/\/diariotribuna.com.br\/?p=30772"},"modified":"2025-08-08T13:28:15","modified_gmt":"2025-08-08T16:28:15","slug":"missao-tecnica-do-sistema-faemg-senar-impulsiona-queijarias-do-vale-do-suacui","status":"publish","type":"post","link":"https:\/\/diariotribuna.com.br\/?p=30772","title":{"rendered":"Miss\u00e3o t\u00e9cnica do Sistema Faemg Senar impulsiona queijarias do Vale do Sua\u00e7u\u00ed\u00a0"},"content":{"rendered":"<p class=\"MsoNormal\"><span>FAEMG SENAR | Divulga\u00e7\u00e3o<\/span><\/p>\n<p><span><\/span><span><\/span><span><\/span><span><\/span><span><\/span><span><\/span><span><\/span><span><\/span><span><\/span><span><\/span><\/p>\n<p>Produtores trocaram experi\u00eancias e conheceram propriedades em regi\u00f5es refer\u00eancia na produ\u00e7\u00e3o de queijos artesanais regularizados<\/p>\n<p>Ap\u00f3s um dia inteiro de estrada, 15 produtores da regi\u00e3o do <strong>Vale do Sua\u00e7u\u00ed<\/strong>, que abrange os munic\u00edpios de <strong>Santa Maria do Sua\u00e7u\u00ed<\/strong>, <strong>\u00c1gua Boa<\/strong>, <strong>S\u00e3o Sebasti\u00e3o do Maranh\u00e3o<\/strong>, <strong>S\u00e3o Pedro do Sua\u00e7u\u00ed<\/strong> e <strong>S\u00e3o Jos\u00e9 do Jacur\u00ed<\/strong>, participaram de uma miss\u00e3o t\u00e9cnica com destino \u00e0s cidades de <strong>Itamonte<\/strong> e <strong>Alagoa<\/strong>. O objetivo da miss\u00e3o foi conhecer de perto o processo que levou os queijos do Sul de Minas Gerais ao reconhecimento internacional. A iniciativa foi promovida pelo <strong>Sistema Faemg Senar<\/strong> e <strong>Sebrae<\/strong>.<\/p>\n<p>Em <strong>Itamonte<\/strong>, a comitiva iniciou as visitas na <strong>Queijaria Velho Pitta<\/strong>, fundada pelo casal <strong>Bianca<\/strong> e <strong>Gustavo Pitta<\/strong>. Com uma produ\u00e7\u00e3o di\u00e1ria de cerca de 380 litros de leite, a queijaria fabrica de 10 a 11 quilos de queijo por dia. Os cuidados com a higiene, desde a ordenha at\u00e9 a embalagem, garantem a qualidade do produto, um diferencial que, segundo <strong>Bianca<\/strong>, foi potencializado com o apoio do programa de <strong>Assist\u00eancia T\u00e9cnica e Gerencial (ATeG)<\/strong> do <strong>Sistema Faemg Senar<\/strong>, por meio do <strong>Sindicato Rural de Itamonte<\/strong>.<\/p>\n<p>A queijaria possui o <strong>Selo de Inspe\u00e7\u00e3o Municipal (SIM)<\/strong>, que atesta a seguran\u00e7a alimentar dos produtos de origem animal, al\u00e9m do <strong>Selo ARTE<\/strong>, certifica\u00e7\u00e3o que permite a comercializa\u00e7\u00e3o nacional de alimentos artesanais de origem animal.<\/p>\n<p>Ainda em <strong>Itamonte<\/strong>, os produtores conheceram a <strong>Queijaria Artesanal Capoeira Grande<\/strong>, conduzida pelos irm\u00e3os <strong>Fabr\u00edcio<\/strong> e <strong>Fabiano Fonseca<\/strong>. Com o suporte do <strong>ATeG<\/strong>, aprimoraram t\u00e9cnicas de matura\u00e7\u00e3o, conquistaram o registro sanit\u00e1rio e viram o valor de mercado de seus queijos aumentar. Hoje, produzem em m\u00e9dia 10,3 kg por dia, com pre\u00e7o m\u00e9dio de R$ 55 \u2014 50% superior ao praticado antes da regulariza\u00e7\u00e3o.<\/p>\n<p>A visita seguiu para a <strong>Queijaria Morro Grande<\/strong>, dos produtores <strong>Luciane<\/strong> e <strong>Jo\u00e3o Carlos de Carvalho<\/strong>, refer\u00eancia na produ\u00e7\u00e3o de mu\u00e7arela e do tradicional <strong>Queijo Artesanal da Mantiqueira<\/strong>. \u201cEles s\u00e3o exemplos para os outros produtores\u201d, destaca <strong>M\u00e1rcia Motta<\/strong>, m\u00e9dica veterin\u00e1ria do <strong>Sindicato Rural de Itamonte<\/strong>. \u201cForam um dos primeiros a buscar capacita\u00e7\u00e3o, reconhecer que podiam melhorar e vencer o medo de ir atr\u00e1s dos registros e selos que garantem a qualidade dos queijos\u201d, completa.<\/p>\n<p><strong>Alagoa<\/strong><\/p>\n<p>No segundo dia da miss\u00e3o, a comitiva seguiu para <strong>Alagoa<\/strong>, munic\u00edpio com mais de 140 queijarias atendidas pelo <strong>Sindicato Rural de Baependi<\/strong>. Desde 2020, o produto t\u00edpico da cidade ganhou identidade pr\u00f3pria, deixando de ser chamado apenas de \u201cparmes\u00e3o\u201d para ostentar oficialmente o t\u00edtulo de <strong>Queijo Artesanal de Alagoa<\/strong>.<\/p>\n<p>Uma das visitas mais aguardadas foi \u00e0 <strong>Queijaria Pedra do Segredo<\/strong>, do produtor <strong>Jayme Porf\u00edrio<\/strong>, vencedora da <strong>Expoqueijo 2025<\/strong> com o trof\u00e9u <strong>Super Ouro<\/strong> \u2014 a primeira vez que um queijo brasileiro conquista o reconhecimento no concurso internacional realizado em <strong>Arax\u00e1<\/strong>.<\/p>\n<p>A \u00faltima parada foi no <strong>S\u00edtio Tr\u00eas Irm\u00e3os<\/strong>, onde o produtor <strong>Aldo Gabriel de Barros<\/strong> continua o legado iniciado pelo pai. Seus queijos maturados por 60 e 90 dias j\u00e1 receberam pr\u00eamios nacionais e encantaram os visitantes durante a degusta\u00e7\u00e3o. Um detalhe que chamou a aten\u00e7\u00e3o: diferentemente da maioria dos produtores da regi\u00e3o, <strong>Aldo<\/strong> utiliza leite da ra\u00e7a <strong>jersey<\/strong>, conhecido por seu alto teor de gordura e qualidade.<\/p>\n<p><strong>Troca de experi\u00eancias<\/strong><\/p>\n<p>Para <strong>Paula Lobato<\/strong>, analista de <strong>Assist\u00eancia T\u00e9cnica e Gerencial<\/strong> do <strong>Sistema Faemg Senar<\/strong>, a miss\u00e3o cumpriu plenamente seu objetivo. \u201cOs produtores do <strong>Vale do Sua\u00e7u\u00ed<\/strong> conheceram realidades diversas, desde queijarias estruturadas com foco no turismo rural at\u00e9 outras menores, que atendem aos requisitos sanit\u00e1rios b\u00e1sicos para garantir a legaliza\u00e7\u00e3o da produ\u00e7\u00e3o\u201d, avalia. \u201cMas os ganhos v\u00e3o al\u00e9m. Eles viram na pr\u00e1tica a for\u00e7a da uni\u00e3o entre produtores, sindicatos e associa\u00e7\u00f5es\u201d, pontua. Segundo ela, esse trabalho conjunto fortalece o setor e incentiva os produtores a buscarem os registros necess\u00e1rios para a comercializa\u00e7\u00e3o legal dos queijos.<\/p>\n<p>A viagem tamb\u00e9m provocou reflex\u00f5es e trouxe inspira\u00e7\u00e3o para quem ainda est\u00e1 em processo de formaliza\u00e7\u00e3o. <strong>Leandro Nunes<\/strong>, de <strong>Santa Maria do Sua\u00e7u\u00ed<\/strong>, destacou: \u201cA gente j\u00e1 sabia que o queijo \u00e9 parecido com o nosso, mas l\u00e1 eles t\u00eam o h\u00e1bito da matura\u00e7\u00e3o, o que agrega valor. Minha expectativa era ver de perto como isso funciona, para no futuro buscar o registro\u201d.<\/p>\n\n<p>J\u00e1 para <strong>Leandro Ferreira dos Santos<\/strong>, de <strong>S\u00e3o Pedro do Sua\u00e7u\u00ed<\/strong>, a longa jornada valeu a pena. \u201cPercebi que vou ter que come\u00e7ar do zero, construir uma nova queijaria, mas estou animado. Vou investir na estrutura e buscar o SIM, para vender para quem valoriza o nosso produto\u201d, afirmou o produtor, que hoje comercializa o quilo a R$ 27 para atravessadores.<\/p>\n<p>\u00a0<\/p>","protected":false},"excerpt":{"rendered":"<p>FAEMG SENAR | Divulga\u00e7\u00e3o Produtores trocaram experi\u00eancias e conheceram propriedades em regi\u00f5es refer\u00eancia na produ\u00e7\u00e3o de queijos artesanais regularizados Ap\u00f3s um dia inteiro de estrada, 15 produtores da regi\u00e3o do Vale do Sua\u00e7u\u00ed, que abrange os munic\u00edpios de Santa Maria do Sua\u00e7u\u00ed, \u00c1gua Boa, S\u00e3o Sebasti\u00e3o do Maranh\u00e3o, S\u00e3o Pedro do Sua\u00e7u\u00ed e S\u00e3o Jos\u00e9 [&hellip;]<\/p>\n","protected":false},"author":0,"featured_media":30773,"comment_status":"open","ping_status":"open","sticky":false,"template":"","format":"standard","meta":{"rop_custom_images_group":[],"rop_custom_messages_group":[],"rop_publish_now":"initial","rop_publish_now_accounts":[],"rop_publish_now_history":[],"rop_publish_now_status":"pending","footnotes":""},"categories":[6745],"tags":[],"class_list":["post-30772","post","type-post","status-publish","format-standard","has-post-thumbnail","hentry","category-coluna-sindijori"],"_links":{"self":[{"href":"https:\/\/diariotribuna.com.br\/index.php?rest_route=\/wp\/v2\/posts\/30772"}],"collection":[{"href":"https:\/\/diariotribuna.com.br\/index.php?rest_route=\/wp\/v2\/posts"}],"about":[{"href":"https:\/\/diariotribuna.com.br\/index.php?rest_route=\/wp\/v2\/types\/post"}],"replies":[{"embeddable":true,"href":"https:\/\/diariotribuna.com.br\/index.php?rest_route=%2Fwp%2Fv2%2Fcomments&post=30772"}],"version-history":[{"count":0,"href":"https:\/\/diariotribuna.com.br\/index.php?rest_route=\/wp\/v2\/posts\/30772\/revisions"}],"wp:featuredmedia":[{"embeddable":true,"href":"https:\/\/diariotribuna.com.br\/index.php?rest_route=\/wp\/v2\/media\/30773"}],"wp:attachment":[{"href":"https:\/\/diariotribuna.com.br\/index.php?rest_route=%2Fwp%2Fv2%2Fmedia&parent=30772"}],"wp:term":[{"taxonomy":"category","embeddable":true,"href":"https:\/\/diariotribuna.com.br\/index.php?rest_route=%2Fwp%2Fv2%2Fcategories&post=30772"},{"taxonomy":"post_tag","embeddable":true,"href":"https:\/\/diariotribuna.com.br\/index.php?rest_route=%2Fwp%2Fv2%2Ftags&post=30772"}],"curies":[{"name":"wp","href":"https:\/\/api.w.org\/{rel}","templated":true}]}}