{"id":30778,"date":"2025-08-09T10:20:07","date_gmt":"2025-08-09T13:20:07","guid":{"rendered":"https:\/\/diariotribuna.com.br\/?p=30778"},"modified":"2025-08-14T22:02:55","modified_gmt":"2025-08-15T01:02:55","slug":"policia-civil-mg-divulga-numeros-oficiais-dos-homicidios-ocorridos-no-1o-semestre-de-2025-nas-cidades-pertencentes-a-delegacia-regional-de-teofilo-otoni","status":"publish","type":"post","link":"https:\/\/diariotribuna.com.br\/?p=30778","title":{"rendered":"Pol\u00edcia Civil &#8211; MG divulga n\u00fameros oficiais dos homic\u00eddios ocorridos no 1\u00ba semestre de 2025 nas cidades pertencentes \u00e0 Delegacia Regional de Te\u00f3filo Otoni"},"content":{"rendered":"\n<figure class=\"wp-block-image size-full is-resized\"><img loading=\"lazy\" decoding=\"async\" width=\"700\" height=\"463\" src=\"https:\/\/diariotribuna.com.br\/wp-content\/uploads\/2025\/08\/5.jpg\" alt=\"\" class=\"wp-image-30779\" style=\"width:535px;height:auto\" srcset=\"https:\/\/diariotribuna.com.br\/wp-content\/uploads\/2025\/08\/5.jpg 700w, https:\/\/diariotribuna.com.br\/wp-content\/uploads\/2025\/08\/5-300x198.jpg 300w, https:\/\/diariotribuna.com.br\/wp-content\/uploads\/2025\/08\/5-696x460.jpg 696w, https:\/\/diariotribuna.com.br\/wp-content\/uploads\/2025\/08\/5-635x420.jpg 635w\" sizes=\"(max-width: 700px) 100vw, 700px\" \/><\/figure>\n\n\n\n<div style=\"height:6px\" aria-hidden=\"true\" class=\"wp-block-spacer\"><\/div>\n\n\n\n<p>A Pol\u00edcia Civil do Estado de Minas Gerais, atrav\u00e9s da 1\u00aa DRPC do 15\u00ba DEPPC (Te\u00f3filo Otoni), divulgou na sexta-feira (8\/8\/2025), os n\u00fameros de homic\u00eddios ocorridos em 2025 na \u00e1rea das suas 21 cidades, no per\u00edodo de 1\u00ba de janeiro a 30 de junho. Os dados foram obtidos junto ao Instituto M\u00e9dico Legal (IML) de Te\u00f3filo Otoni, levando em considera\u00e7\u00e3o os homic\u00eddios consumados (\u00f3bitos no local), bem como os que faleceram posteriormente.<\/p>\n\n\n\n<p>O IML de Te\u00f3filo Otoni emitiu 157 laudos de necropsia e 1 laudo de exuma\u00e7\u00e3o do dia 1\/1 at\u00e9 o dia 30\/6\/2025 (pessoas mortas). No ano passado foram 170 nesse mesmo per\u00edodo. Os levantamentos apontam que dentro do per\u00edodo mencionado tiveram 7 homic\u00eddios registrados no munic\u00edpio de Te\u00f3filo Otoni (urbano e rural).<\/p>\n\n\n\n<figure class=\"wp-block-gallery has-nested-images columns-default is-cropped wp-block-gallery-1 is-layout-flex wp-block-gallery-is-layout-flex\">\n<figure class=\"wp-block-image size-large\"><img loading=\"lazy\" decoding=\"async\" width=\"700\" height=\"522\" data-id=\"30781\" src=\"https:\/\/diariotribuna.com.br\/wp-content\/uploads\/2025\/08\/1.jpg\" alt=\"\" class=\"wp-image-30781\" srcset=\"https:\/\/diariotribuna.com.br\/wp-content\/uploads\/2025\/08\/1.jpg 700w, https:\/\/diariotribuna.com.br\/wp-content\/uploads\/2025\/08\/1-300x224.jpg 300w, https:\/\/diariotribuna.com.br\/wp-content\/uploads\/2025\/08\/1-80x60.jpg 80w, https:\/\/diariotribuna.com.br\/wp-content\/uploads\/2025\/08\/1-265x198.jpg 265w, https:\/\/diariotribuna.com.br\/wp-content\/uploads\/2025\/08\/1-696x519.jpg 696w, https:\/\/diariotribuna.com.br\/wp-content\/uploads\/2025\/08\/1-563x420.jpg 563w\" sizes=\"(max-width: 700px) 100vw, 700px\" \/><\/figure>\n\n\n\n<figure class=\"wp-block-image size-large\"><img loading=\"lazy\" decoding=\"async\" width=\"700\" height=\"519\" data-id=\"30780\" src=\"https:\/\/diariotribuna.com.br\/wp-content\/uploads\/2025\/08\/2.jpg\" alt=\"\" class=\"wp-image-30780\" srcset=\"https:\/\/diariotribuna.com.br\/wp-content\/uploads\/2025\/08\/2.jpg 700w, https:\/\/diariotribuna.com.br\/wp-content\/uploads\/2025\/08\/2-300x222.jpg 300w, https:\/\/diariotribuna.com.br\/wp-content\/uploads\/2025\/08\/2-80x60.jpg 80w, https:\/\/diariotribuna.com.br\/wp-content\/uploads\/2025\/08\/2-696x516.jpg 696w, https:\/\/diariotribuna.com.br\/wp-content\/uploads\/2025\/08\/2-566x420.jpg 566w\" sizes=\"(max-width: 700px) 100vw, 700px\" \/><\/figure>\n<\/figure>\n\n\n\n<div style=\"height:7px\" aria-hidden=\"true\" class=\"wp-block-spacer\"><\/div>\n\n\n\n<figure class=\"wp-block-gallery has-nested-images columns-default is-cropped wp-block-gallery-2 is-layout-flex wp-block-gallery-is-layout-flex\">\n<figure class=\"wp-block-image size-large\"><img loading=\"lazy\" decoding=\"async\" width=\"700\" height=\"524\" data-id=\"30783\" src=\"https:\/\/diariotribuna.com.br\/wp-content\/uploads\/2025\/08\/3.jpg\" alt=\"\" class=\"wp-image-30783\" srcset=\"https:\/\/diariotribuna.com.br\/wp-content\/uploads\/2025\/08\/3.jpg 700w, https:\/\/diariotribuna.com.br\/wp-content\/uploads\/2025\/08\/3-300x225.jpg 300w, https:\/\/diariotribuna.com.br\/wp-content\/uploads\/2025\/08\/3-80x60.jpg 80w, https:\/\/diariotribuna.com.br\/wp-content\/uploads\/2025\/08\/3-265x198.jpg 265w, https:\/\/diariotribuna.com.br\/wp-content\/uploads\/2025\/08\/3-696x521.jpg 696w, https:\/\/diariotribuna.com.br\/wp-content\/uploads\/2025\/08\/3-561x420.jpg 561w\" sizes=\"(max-width: 700px) 100vw, 700px\" \/><\/figure>\n\n\n\n<figure class=\"wp-block-image size-large\"><img loading=\"lazy\" decoding=\"async\" width=\"700\" height=\"525\" data-id=\"30782\" src=\"https:\/\/diariotribuna.com.br\/wp-content\/uploads\/2025\/08\/4.jpg\" alt=\"\" class=\"wp-image-30782\" srcset=\"https:\/\/diariotribuna.com.br\/wp-content\/uploads\/2025\/08\/4.jpg 700w, https:\/\/diariotribuna.com.br\/wp-content\/uploads\/2025\/08\/4-300x225.jpg 300w, https:\/\/diariotribuna.com.br\/wp-content\/uploads\/2025\/08\/4-80x60.jpg 80w, https:\/\/diariotribuna.com.br\/wp-content\/uploads\/2025\/08\/4-265x198.jpg 265w, https:\/\/diariotribuna.com.br\/wp-content\/uploads\/2025\/08\/4-696x522.jpg 696w, https:\/\/diariotribuna.com.br\/wp-content\/uploads\/2025\/08\/4-560x420.jpg 560w\" sizes=\"(max-width: 700px) 100vw, 700px\" \/><\/figure>\n<\/figure>\n\n\n\n<div style=\"height:7px\" aria-hidden=\"true\" class=\"wp-block-spacer\"><\/div>\n\n\n\n<p><strong>Dados tabulados por:<\/strong> Francisco Couy (assistente t\u00e9cnico) e Heloyza Oliveira (assessora)<\/p>\n\n\n\n<p><strong>Gr\u00e1ficos:<\/strong> Willian Apolin\u00e1rio (perito)<\/p>\n\n\n\n<p><strong>Delegado Regional de Te\u00f3filo Otoni:<\/strong> Gean V\u00edtor Fantin<\/p>\n\n\n\n<p><strong>Coordenador IML TO:<\/strong> D\u00eanio Soares<\/p>\n\n\n\n<p><strong>M\u00e9dicos Legistas do IML-TO:<\/strong> Ademir Camilo, D\u00eanio Soares, Gustavo Merian, J\u00falio Campos<\/p>\n\n\n\n<pre class=\"wp-block-verse\"><strong>PCMG: Trabalho e dedica\u00e7\u00e3o a favor da seguran\u00e7a p\u00fablica de Minas Gerais<\/strong><\/pre>\n\n\n\n<p><strong>Fonte:<\/strong> IML Te\u00f3filo Otoni \/ IBGE (censo)<\/p>\n","protected":false},"excerpt":{"rendered":"<p>A Pol\u00edcia Civil do Estado de Minas Gerais, atrav\u00e9s da 1\u00aa DRPC do 15\u00ba DEPPC (Te\u00f3filo Otoni), divulgou na sexta-feira (8\/8\/2025), os n\u00fameros de homic\u00eddios ocorridos em 2025 na \u00e1rea das suas 21 cidades, no per\u00edodo de 1\u00ba de janeiro a 30 de junho. Os dados foram obtidos junto ao Instituto M\u00e9dico Legal (IML) de [&hellip;]<\/p>\n","protected":false},"author":1,"featured_media":30781,"comment_status":"open","ping_status":"open","sticky":false,"template":"","format":"standard","meta":{"rop_custom_images_group":[],"rop_custom_messages_group":[],"rop_publish_now":"initial","rop_publish_now_accounts":[],"rop_publish_now_history":[],"rop_publish_now_status":"pending","footnotes":""},"categories":[19],"tags":[7280,96,444,149,7279,75],"class_list":["post-30778","post","type-post","status-publish","format-standard","has-post-thumbnail","hentry","category-gerais","tag-1o-semestre-2025","tag-itambacuri","tag-malacacheta","tag-novo-cruzeiro","tag-numero-de-homicidios","tag-teofilo-otoni"],"_links":{"self":[{"href":"https:\/\/diariotribuna.com.br\/index.php?rest_route=\/wp\/v2\/posts\/30778"}],"collection":[{"href":"https:\/\/diariotribuna.com.br\/index.php?rest_route=\/wp\/v2\/posts"}],"about":[{"href":"https:\/\/diariotribuna.com.br\/index.php?rest_route=\/wp\/v2\/types\/post"}],"author":[{"embeddable":true,"href":"https:\/\/diariotribuna.com.br\/index.php?rest_route=\/wp\/v2\/users\/1"}],"replies":[{"embeddable":true,"href":"https:\/\/diariotribuna.com.br\/index.php?rest_route=%2Fwp%2Fv2%2Fcomments&post=30778"}],"version-history":[{"count":6,"href":"https:\/\/diariotribuna.com.br\/index.php?rest_route=\/wp\/v2\/posts\/30778\/revisions"}],"predecessor-version":[{"id":30789,"href":"https:\/\/diariotribuna.com.br\/index.php?rest_route=\/wp\/v2\/posts\/30778\/revisions\/30789"}],"wp:featuredmedia":[{"embeddable":true,"href":"https:\/\/diariotribuna.com.br\/index.php?rest_route=\/wp\/v2\/media\/30781"}],"wp:attachment":[{"href":"https:\/\/diariotribuna.com.br\/index.php?rest_route=%2Fwp%2Fv2%2Fmedia&parent=30778"}],"wp:term":[{"taxonomy":"category","embeddable":true,"href":"https:\/\/diariotribuna.com.br\/index.php?rest_route=%2Fwp%2Fv2%2Fcategories&post=30778"},{"taxonomy":"post_tag","embeddable":true,"href":"https:\/\/diariotribuna.com.br\/index.php?rest_route=%2Fwp%2Fv2%2Ftags&post=30778"}],"curies":[{"name":"wp","href":"https:\/\/api.w.org\/{rel}","templated":true}]}}