{"id":30790,"date":"2025-08-09T11:06:54","date_gmt":"2025-08-09T14:06:54","guid":{"rendered":"https:\/\/diariotribuna.com.br\/?p=30790"},"modified":"2025-08-09T11:06:54","modified_gmt":"2025-08-09T14:06:54","slug":"producao-da-industria-cresce-2-em-minas","status":"publish","type":"post","link":"https:\/\/diariotribuna.com.br\/?p=30790","title":{"rendered":"Produ\u00e7\u00e3o da ind\u00fastria cresce 2% em Minas\u00a0"},"content":{"rendered":"<p><em><span>Foto: Divulga\u00e7\u00e3o Stellantis<\/span><\/em><\/p>\n<p><strong><span>COLUNA MG<\/span><\/strong><br \/><span>Principais destaques dos jornais e portais integrantes da Rede Sindijori MG<\/span><br \/><span><a href=\"http:\/\/www.sindijorimg.com.br\/\">www.sindijorimg.com.br<\/a><\/span><\/p>\n<p><strong><span>Produ\u00e7\u00e3o da ind\u00fastria cresce 2% em Minas<\/span><\/strong><br \/><span>A ind\u00fastria de Minas Gerais registrou um crescimento de 2% na produ\u00e7\u00e3o no primeiro semestre deste ano ante o mesmo intervalo de 2024, conforme a Pesquisa Industrial Mensal (PIM) Regional, do Instituto Brasileiro de Geografia e Estat\u00edstica (IBGE). O resultado do Estado ficou acima da m\u00e9dia nacional (1,2%) e na s\u00e9tima posi\u00e7\u00e3o entre as 18 localidades pesquisadas pela entidade. De acordo com os dados divulgados nesta sexta-feira (8), o desempenho mineiro foi puxado pela \u00e1rea de transforma\u00e7\u00e3o, que cresceu 2,8%, enquanto a extrativa se manteve est\u00e1vel, com leve alta de 0,1%. (Di\u00e1rio do Com\u00e9rcio \u2013 Belo Horizonte)\u00a0<\/span><br \/><span><a href=\"https:\/\/diariodocomercio.com.br\/economia\/producao-industria-minas-gerais-primeiro-semestre\/\">https:\/\/diariodocomercio.com.br\/economia\/producao-industria-minas-gerais-primeiro-semestre\/<\/a><\/span><\/p>\n<p><strong><span>Varia\u00e7\u00e3o de pre\u00e7os tem queda em MoC<\/span><\/strong><br \/><span>A varia\u00e7\u00e3o de pre\u00e7os em Montes Claros apresentou queda no m\u00eas de julho, comparada ao m\u00eas anterior: de 0,81% para 0,30%. Trata-se do menor \u00edndice registrado em 2025 at\u00e9 o momento. A informa\u00e7\u00e3o \u00e9 do Departamento de Economia da Universidade Estadual de Montes Claros (Unimontes), respons\u00e1vel pelo c\u00e1lculo do \u00cdndice de Pre\u00e7os ao Consumidor de Montes Claros (IPC-Moc). O acumulado do ano chega a 3,92%. A professora V\u00e2nia Vilas Boas, coordenadora do IPC-Moc, explica que a queda de 0,81% para 0,30% \u00e9 consequ\u00eancia da redu\u00e7\u00e3o verificada especialmente em dois grupos: alimenta\u00e7\u00e3o e transporte. (Gazeta Norte Mineira \u2013 Montes Claros)<\/span><br \/><span><a href=\"https:\/\/gazetanm.com.br\/variacao-de-precos-tem-queda-em-moc-de-junho-para-julho\/\">https:\/\/gazetanm.com.br\/variacao-de-precos-tem-queda-em-moc-de-junho-para-julho\/<\/a><\/span><\/p>\n<p><strong><span>Valadares debate mercado do leite<\/span><\/strong><br \/><span>Na pr\u00f3xima quarta-feira (13), Valadares receber\u00e1, no audit\u00f3rio do Parque de Exposi\u00e7\u00f5es, a 39\u00aa Reuni\u00e3o da Comiss\u00e3o T\u00e9cnica de Pecu\u00e1ria de Leite do Sistema Faemg Senar, que reunir\u00e1 produtores de diversas regi\u00f5es do estado para debater desafios, tend\u00eancias de mercado, inova\u00e7\u00f5es e estrat\u00e9gias para o fortalecimento da cadeia produtiva \u2014 com destaque especial para o Vale do Rio Doce. (Di\u00e1rio do Rio Doce \u2013 Governador Valadares)<\/span><br \/><span><a href=\"https:\/\/drd.com.br\/valadares-sedia-reuniao-estadual-para-fortalecer-a-pecuaria-leiteira\/\">https:\/\/drd.com.br\/valadares-sedia-reuniao-estadual-para-fortalecer-a-pecuaria-leiteira\/<\/a><\/span><\/p>\n<p><strong><span>Conex\u00e3o prospecta R$ 23 milh\u00f5es<\/span><\/strong><br \/><span>Com uma estimativa inicial de prospec\u00e7\u00e3o de neg\u00f3cios que ultrapassa R$ 23 milh\u00f5es, o Conex\u00e3o Industrial Alto Parana\u00edba 2025 confirmou seu papel como plataforma estrat\u00e9gica de fortalecimento da ind\u00fastria regional. O evento reuniu empresas \u00e2ncoras e fornecedores regionais em um ambiente voltado para a gera\u00e7\u00e3o de oportunidades e inova\u00e7\u00e3o. A iniciativa foi da Fiemg Alto Parana\u00edba, com apoio m\u00e1ster do Sebrae Minas e parceria da Prefeitura de Patos de Minas e do Instituto Euvaldo Lodi (IEL). (Folha Patense)<\/span><br \/><span><a href=\"https:\/\/www.folhapatense.com.br\/folha-patense-no-1670-090825\">https:\/\/www.folhapatense.com.br\/folha-patense-no-1670-090825<\/a><\/span><\/p>\n<p><strong><span>Uberaba tem vara de viol\u00eancia dom\u00e9stica<\/span><\/strong><br \/><span>A Comarca de Uberaba passa a contar com Vara voltada para viol\u00eancia dom\u00e9stica. O objetivo \u00e9 dar mais agilidade aos processos que envolvem viol\u00eancia familiar e contra mulheres e a instala\u00e7\u00e3o da Vara se deu durante as comemora\u00e7\u00f5es de 19 anos da Lei Maria da Penha. O juiz diretor do foro da Comarca de Uberaba, Fabiano Garcia Veronez, ser\u00e1 titular da Vara Criminal Especializada em Viol\u00eancia Dom\u00e9stica e Familiar Contra a Mulher. \u201cNeste ano, excepcionalmente, n\u00f3s nos comprometemos a realizar 40 audi\u00eancias, e n\u00e3o 50, porque na sexta, dia 8 de agosto, tivemos a presen\u00e7a da Dire\u00e7\u00e3o do Tribunal para a convers\u00e3o da unidade em vara especializada\u201d, explicou o juiz Fabiano Veronez. (Jornal da Manh\u00e3 \u2013 Uberaba)<\/span><br \/><span><a href=\"https:\/\/jmonline.com.br\/politica\/comarca-passa-a-contar-com-vara-voltada-para-violencia-domestica-1.532763\">https:\/\/jmonline.com.br\/politica\/comarca-passa-a-contar-com-vara-voltada-para-violencia-domestica-1.532763<\/a><\/span><\/p>\n<p><strong><span>Vale do A\u00e7o com feriado no dia 15<\/span><\/strong><br \/><span>O dia 15 de agosto (sexta-feira) ser\u00e1 feriado nos munic\u00edpios do Vale do A\u00e7o. Trata-se do feriado religioso de Assun\u00e7\u00e3o de Nossa Senhora, cujo cumprimento depende de regulamenta\u00e7\u00e3o municipal. Por isso, nem todas as cidades guardam essa data. Em Ipatinga, por exemplo, o feriado est\u00e1 regulamentado pela Lei Municipal 528, de 17 de dezembro de 1975. Por esta raz\u00e3o, o com\u00e9rcio lojista n\u00e3o funcionar\u00e1. Os demais segmentos dependem de acordo coletivo para o funcionamento. Tamb\u00e9m nas demais cidades da Regi\u00e3o Metropolitana do Vale do A\u00e7o o dia 15 de agosto \u00e9 considerado feriado municipal. (Di\u00e1rio do A\u00e7o \u2013 Ipatinga)<\/span><br \/><span><a href=\"https:\/\/www.diariodoaco.com.br\/noticia\/0000115-dia-15-de-agosto-sera-feriado-no-vale-do-aco\">https:\/\/www.diariodoaco.com.br\/noticia\/0000115-dia-15-de-agosto-sera-feriado-no-vale-do-aco<\/a><\/span><\/p>\n<p><span><\/span><\/p>\n<p>\u00a0<\/p>","protected":false},"excerpt":{"rendered":"<p>Foto: Divulga\u00e7\u00e3o Stellantis COLUNA MGPrincipais destaques dos jornais e portais integrantes da Rede Sindijori MGwww.sindijorimg.com.br Produ\u00e7\u00e3o da ind\u00fastria cresce 2% em MinasA ind\u00fastria de Minas Gerais registrou um crescimento de 2% na produ\u00e7\u00e3o no primeiro semestre deste ano ante o mesmo intervalo de 2024, conforme a Pesquisa Industrial Mensal (PIM) Regional, do Instituto Brasileiro de [&hellip;]<\/p>\n","protected":false},"author":0,"featured_media":30791,"comment_status":"open","ping_status":"open","sticky":false,"template":"","format":"standard","meta":{"rop_custom_images_group":[],"rop_custom_messages_group":[],"rop_publish_now":"initial","rop_publish_now_accounts":[],"rop_publish_now_history":[],"rop_publish_now_status":"pending","footnotes":""},"categories":[6745],"tags":[],"class_list":["post-30790","post","type-post","status-publish","format-standard","has-post-thumbnail","hentry","category-coluna-sindijori"],"_links":{"self":[{"href":"https:\/\/diariotribuna.com.br\/index.php?rest_route=\/wp\/v2\/posts\/30790"}],"collection":[{"href":"https:\/\/diariotribuna.com.br\/index.php?rest_route=\/wp\/v2\/posts"}],"about":[{"href":"https:\/\/diariotribuna.com.br\/index.php?rest_route=\/wp\/v2\/types\/post"}],"replies":[{"embeddable":true,"href":"https:\/\/diariotribuna.com.br\/index.php?rest_route=%2Fwp%2Fv2%2Fcomments&post=30790"}],"version-history":[{"count":0,"href":"https:\/\/diariotribuna.com.br\/index.php?rest_route=\/wp\/v2\/posts\/30790\/revisions"}],"wp:featuredmedia":[{"embeddable":true,"href":"https:\/\/diariotribuna.com.br\/index.php?rest_route=\/wp\/v2\/media\/30791"}],"wp:attachment":[{"href":"https:\/\/diariotribuna.com.br\/index.php?rest_route=%2Fwp%2Fv2%2Fmedia&parent=30790"}],"wp:term":[{"taxonomy":"category","embeddable":true,"href":"https:\/\/diariotribuna.com.br\/index.php?rest_route=%2Fwp%2Fv2%2Fcategories&post=30790"},{"taxonomy":"post_tag","embeddable":true,"href":"https:\/\/diariotribuna.com.br\/index.php?rest_route=%2Fwp%2Fv2%2Ftags&post=30790"}],"curies":[{"name":"wp","href":"https:\/\/api.w.org\/{rel}","templated":true}]}}