{"id":30798,"date":"2025-08-11T00:00:16","date_gmt":"2025-08-11T03:00:16","guid":{"rendered":"https:\/\/diariotribuna.com.br\/?p=30798"},"modified":"2025-08-12T20:41:57","modified_gmt":"2025-08-12T23:41:57","slug":"pcmg-se-mobiliza-para-campanha-nacional-de-coleta-de-dna","status":"publish","type":"post","link":"https:\/\/diariotribuna.com.br\/?p=30798","title":{"rendered":"PCMG se mobiliza para Campanha Nacional de Coleta de DNA"},"content":{"rendered":"\n<figure class=\"wp-block-image size-full is-resized\"><img loading=\"lazy\" decoding=\"async\" width=\"700\" height=\"334\" src=\"https:\/\/diariotribuna.com.br\/wp-content\/uploads\/2025\/08\/PNPD.png\" alt=\"\" class=\"wp-image-30799\" style=\"width:564px;height:auto\" srcset=\"https:\/\/diariotribuna.com.br\/wp-content\/uploads\/2025\/08\/PNPD.png 700w, https:\/\/diariotribuna.com.br\/wp-content\/uploads\/2025\/08\/PNPD-300x143.png 300w, https:\/\/diariotribuna.com.br\/wp-content\/uploads\/2025\/08\/PNPD-696x332.png 696w\" sizes=\"(max-width: 700px) 100vw, 700px\" \/><\/figure>\n\n\n\n<p>A Pol\u00edcia Civil de Minas Gerais (PCMG) integra iniciativa do Minist\u00e9rio da Justi\u00e7a e Seguran\u00e7a P\u00fablica (MJSP) lan\u00e7ada na ter\u00e7a-feira (5\/8), no Pal\u00e1cio da Justi\u00e7a, em Bras\u00edlia (DF). A edi\u00e7\u00e3o 2025 da Campanha Nacional de Coleta de DNA de Familiares de Pessoas Desaparecidas ser\u00e1 realizada de 5 a 15 de agosto e tem como objetivo incentivar familiares de pessoas desaparecidas a doarem material gen\u00e9tico, que ser\u00e1 comparado com perfis armazenados nos bancos estaduais e no Banco Nacional de Perfis Gen\u00e9ticos.<\/p>\n\n\n\n<p>O cruzamento de informa\u00e7\u00f5es com pessoas falecidas ou com pessoas vivas com identidade desconhecida poder\u00e1 permitir a identifica\u00e7\u00e3o de desaparecidos. Segundo a chefe da Divis\u00e3o de Refer\u00eancia \u00e0 Pessoa Desaparecida (DRPD), delegada Ingrid Estevam, \u00e9 fundamental que os familiares de pessoas desaparecidas se engajem nesta causa para que haja poss\u00edveis identifica\u00e7\u00f5es. \u201cA PCMG est\u00e1 devidamente preparada para receber estes familiares com toda a estrutura necess\u00e1ria. O objetivo, todos os anos, \u00e9 alcan\u00e7ar resultados significativos, oferecendo respostas para casos ainda n\u00e3o esclarecidos\u201d, afirmou.<\/p>\n\n\n\n<p>De acordo com o chefe de Laborat\u00f3rio de DNA da PCMG, perito criminal Giovanni Vitral, nos \u00faltimos cinco anos j\u00e1 foram identificadas 28 pessoas pelo banco de perfis gen\u00e9ticos. \u201cO trabalho no Instituto de Criminal\u00edstica teve in\u00edcio em 2014, mas os \u2018matches\u2019 [correspond\u00eancias gen\u00e9ticas] come\u00e7aram em 2019, a partir do projeto de fortalecimento da Rede Integrada de Bancos de Perfis Gen\u00e9ticos (RIBPG), quando pudemos processar mais amostras de restos mortais e de familiares\u201d, explicou.<\/p>\n\n\n\n<p><strong>Pontos focais &#8211;<\/strong> Em Belo Horizonte, os familiares dever\u00e3o procurar a DRPD para emitir requisi\u00e7\u00e3o pericial, portando documento de identifica\u00e7\u00e3o e o Registro de Evento de Defesa Social (Reds) do desaparecimento. Em seguida, eles ser\u00e3o direcionados ao Instituto M\u00e9dico-Legal Dr. Andr\u00e9 Roquette (IMLAR) para coleta do material, das 8h \u00e0s 18h.<\/p>\n\n\n\n<p>No interior do estado, os familiares dever\u00e3o procurar a Delegacia Regional de Pol\u00edcia Civil para emiss\u00e3o da requisi\u00e7\u00e3o pericial e, posteriormente, ser\u00e3o direcionados ao Posto M\u00e9dico-Legal, das 8h \u00e0s 18h. Os familiares dever\u00e3o levar identidade e o Reds do desaparecimento realizado na Delegacia Regional de Pol\u00edcia.<\/p>\n\n\n\n<p><strong>Como funciona &#8211;<\/strong> No IML, o familiar pode entregar qualquer material de uso pessoal do desaparecido, como barbeadores, escovas de dente, bon\u00e9s, roupas usadas pelo desaparecido e que n\u00e3o tenham sido lavadas, escova de cabelo ou pente de uso exclusivo do desaparecido, entre outros. Em rela\u00e7\u00e3o ao grau de parentesco, a ordem de prefer\u00eancia para a coleta \u00e9 de pai e m\u00e3e, pai ou m\u00e3e acompanhado de filhos, pai ou m\u00e3e, filhos e irm\u00e3os de mesmo pai e mesma m\u00e3e (no m\u00ednimo dois).<\/p>\n\n\n\n<p>O perito Giovanni Vitral esclarece que o procedimento de coleta \u00e9 simples e indolor. Ap\u00f3s a coleta, o material \u00e9 encaminhado ao Laborat\u00f3rio de DNA da PCMG para processamento e obten\u00e7\u00e3o do perfil gen\u00e9tico. O c\u00f3digo \u00e9 inserido no banco de dados, que busca por compatibilidades, apontando ou n\u00e3o a identifica\u00e7\u00e3o da pessoa desaparecida. (Assessoria de comunica\u00e7\u00e3o da PCMG).<\/p>\n","protected":false},"excerpt":{"rendered":"<p>A Pol\u00edcia Civil de Minas Gerais (PCMG) integra iniciativa do Minist\u00e9rio da Justi\u00e7a e Seguran\u00e7a P\u00fablica (MJSP) lan\u00e7ada na ter\u00e7a-feira (5\/8), no Pal\u00e1cio da Justi\u00e7a, em Bras\u00edlia (DF). A edi\u00e7\u00e3o 2025 da Campanha Nacional de Coleta de DNA de Familiares de Pessoas Desaparecidas ser\u00e1 realizada de 5 a 15 de agosto e tem como objetivo [&hellip;]<\/p>\n","protected":false},"author":1,"featured_media":30799,"comment_status":"open","ping_status":"open","sticky":false,"template":"","format":"standard","meta":{"rop_custom_images_group":[],"rop_custom_messages_group":[],"rop_publish_now":"initial","rop_publish_now_accounts":[],"rop_publish_now_history":[],"rop_publish_now_status":"pending","footnotes":""},"categories":[20],"tags":[7281,7282,1005,292],"class_list":["post-30798","post","type-post","status-publish","format-standard","has-post-thumbnail","hentry","category-policia","tag-campanha-nacional","tag-coleta-de-dna","tag-mg","tag-policia-civil"],"_links":{"self":[{"href":"https:\/\/diariotribuna.com.br\/index.php?rest_route=\/wp\/v2\/posts\/30798"}],"collection":[{"href":"https:\/\/diariotribuna.com.br\/index.php?rest_route=\/wp\/v2\/posts"}],"about":[{"href":"https:\/\/diariotribuna.com.br\/index.php?rest_route=\/wp\/v2\/types\/post"}],"author":[{"embeddable":true,"href":"https:\/\/diariotribuna.com.br\/index.php?rest_route=\/wp\/v2\/users\/1"}],"replies":[{"embeddable":true,"href":"https:\/\/diariotribuna.com.br\/index.php?rest_route=%2Fwp%2Fv2%2Fcomments&post=30798"}],"version-history":[{"count":1,"href":"https:\/\/diariotribuna.com.br\/index.php?rest_route=\/wp\/v2\/posts\/30798\/revisions"}],"predecessor-version":[{"id":30800,"href":"https:\/\/diariotribuna.com.br\/index.php?rest_route=\/wp\/v2\/posts\/30798\/revisions\/30800"}],"wp:featuredmedia":[{"embeddable":true,"href":"https:\/\/diariotribuna.com.br\/index.php?rest_route=\/wp\/v2\/media\/30799"}],"wp:attachment":[{"href":"https:\/\/diariotribuna.com.br\/index.php?rest_route=%2Fwp%2Fv2%2Fmedia&parent=30798"}],"wp:term":[{"taxonomy":"category","embeddable":true,"href":"https:\/\/diariotribuna.com.br\/index.php?rest_route=%2Fwp%2Fv2%2Fcategories&post=30798"},{"taxonomy":"post_tag","embeddable":true,"href":"https:\/\/diariotribuna.com.br\/index.php?rest_route=%2Fwp%2Fv2%2Ftags&post=30798"}],"curies":[{"name":"wp","href":"https:\/\/api.w.org\/{rel}","templated":true}]}}