{"id":30801,"date":"2025-08-11T12:28:00","date_gmt":"2025-08-11T15:28:00","guid":{"rendered":"https:\/\/diariotribuna.com.br\/?p=30801"},"modified":"2025-08-11T12:28:00","modified_gmt":"2025-08-11T15:28:00","slug":"sul-de-minas-no-epicentro-da-disputa-global","status":"publish","type":"post","link":"https:\/\/diariotribuna.com.br\/?p=30801","title":{"rendered":"Sul de Minas no epicentro da disputa global\u00a0"},"content":{"rendered":"<p><em><span>Foto: Divulga\u00e7\u00e3o Cabo Verde Minera\u00e7\u00e3o<\/span><\/em><\/p>\n<p><strong><span>COLUNA MG<\/span><\/strong><br \/><span>Principais destaques dos jornais e portais integrantes da rede Sindijori MG\u00a0<\/span><br \/><span><a href=\"http:\/\/www.sindijorimg.com.br\/\">www.sindijorimg.com.br<\/a><\/span><\/p>\n<p><strong><span>\u00a0<\/span><\/strong><\/p>\n<p><strong><span>Sul de Minas no epicentro da disputa global<\/span><\/strong><br \/><span>A corrida global por terras raras, minerais essenciais para a transi\u00e7\u00e3o energ\u00e9tica, pode colocar Po\u00e7os de Caldas e cidades pr\u00f3ximas, no sul de Minas, no centro de uma disputa estrat\u00e9gica. Com uma cratera de vulc\u00e3o extinto que pode abrigar 20% da demanda mundial desses min\u00e9rios, a regi\u00e3o atrai empresas e at\u00e9 interesse dos EUA, em meio a tens\u00f5es comerciais com a China. Segundo a Ag\u00eancia Nacional de Minera\u00e7\u00e3o (ANM), o Brasil j\u00e1 concedeu 1.882 autoriza\u00e7\u00f5es para pesquisa de terras raras. Sendo 361 s\u00f3 em Minas Gerais. A regi\u00e3o, que inclui ainda cidades como Andradas, Caldas e \u00c1guas da Prata (SP), pode gerar 300 milh\u00f5es de toneladas desses min\u00e9rios. (Po\u00e7os J\u00e1)<\/span><br \/><span><a href=\"https:\/\/pocosja.com.br\/geral\/2025\/08\/11\/sul-de-minas-pode-se-tornar-um-dos-epicentros-da-disputa-global-por-terras-raras\/\">https:\/\/pocosja.com.br\/geral\/2025\/08\/11\/sul-de-minas-pode-se-tornar-um-dos-epicentros-da-disputa-global-por-terras-raras\/<\/a><\/span><\/p>\n<p><strong><span>Em Uberl\u00e2ndia, 70 casos de s\u00edfilis gestacional<\/span><\/strong><br \/><span>Uberl\u00e2ndia registrou 76 casos de s\u00edfilis gestacional no primeiro semestre de 2025. Segundo dados da Secretaria de Estado de Sa\u00fade de Minas Gerais (SES-MG), por meio da Superintend\u00eancia Regional de Sa\u00fade de Uberl\u00e2ndia, a Infec\u00e7\u00e3o Sexualmente Transmiss\u00edvel (IST) foi diagnosticada em mulheres gr\u00e1vidas com idades entre 14 e 40 anos. O n\u00famero de casos deste ano representa uma queda de 22% em rela\u00e7\u00e3o ao mesmo per\u00edodo de 2024, quando 98 pacientes, com idades entre 19 e 42 anos, foram diagnosticadas com s\u00edfilis gestacional. (Di\u00e1rio de Uberl\u00e2ndia)<\/span><br \/><span><a href=\"https:\/\/diariodeuberlandia.com.br\/noticia\/38612\/uberlandia-registra-de-70-casos-sifilis-gestacional\">https:\/\/diariodeuberlandia.com.br\/noticia\/38612\/uberlandia-registra-de-70-casos-sifilis-gestacional<\/a><\/span><\/p>\n<p><strong><span>Varginha apoia entidades<\/span><\/strong><br \/><span>No final de semana o prefeito de Varginha, Leonardo Ciacci, acompanhado do vice-prefeito Ant\u00f4nio Silva e representantes de 11 entidades assistenciais, realizou o pagamento de R$ 2.745.665,00 destinados por meio de emendas impositivas, termos de colabora\u00e7\u00e3o, chamamentos p\u00fablicos e conv\u00eanios. Desde o in\u00edcio da gest\u00e3o, j\u00e1 foram repassados \u00e0s organiza\u00e7\u00f5es um total de R$ 22.810.641,70, recursos que fortalecem os servi\u00e7os sociais prestados \u00e0 popula\u00e7\u00e3o local. (Gazeta de Varginha)<\/span><br \/><span><a href=\"https:\/\/www.gazetadevarginha.com.br\/post\/prefeitura-de-varginha-libera-mais-de-r-2-7-milh%C3%B5es-para-entidades-assistenciais\">https:\/\/www.gazetadevarginha.com.br\/post\/prefeitura-de-varginha-libera-mais-de-r-2-7-milh%C3%B5es-para-entidades-assistenciais<\/a><\/span><\/p>\n<p><strong><span>Paracatu avan\u00e7a com programa de obras<\/span><\/strong><br \/><span>Foi apresentado na semana passada o programa &#8220;Paracatu Avan\u00e7ar&#8221; com investimentos de R$ 71 milh\u00f5es em 36 obras, que dever\u00e3o fomentar a economia do munic\u00edpio e alavancar a gera\u00e7\u00e3o de empregos na cidade. A preocupa\u00e7\u00e3o com o fim da minera\u00e7\u00e3o na cidade, que pode ocorrer em aproximadamente 10 anos, traz grande preocupa\u00e7\u00e3o sobre o futuro do munic\u00edpio, que vai precisar gerar empregos e continuar se mantendo economicamente. A minera\u00e7\u00e3o \u00e9 respons\u00e1vel pela gera\u00e7\u00e3o de milhares de empregos na cidade, e o fim da minera\u00e7\u00e3o, sem d\u00favidas impactaria na economia da cidade, gerando desempregos e preju\u00edzos para o munic\u00edpio. (Paracatu News)<\/span><br \/><span>read:\/\/https_paracatunews.com.br\/?url=https%3A%2F%2Fparacatunews.com.br%2Fnoticia%2F20558%2Ftemendo-fim-da-mineracao-paracatu-avanca-com-programa-de-obras-de-r-71-milhoes<\/span><\/p>\n<p><strong><span>Feira homenageia Ad\u00e9lia Prado<\/span><\/strong><br \/><span>Uma das mais proeminentes vozes da literatura brasileira ser\u00e1 a grande homenageada do 16\u00ba Sal\u00e3o do Livro do Vale do A\u00e7o: Ad\u00e9lia Prado. Aos 89 anos, a poetisa e escritora mineira, inspira gera\u00e7\u00f5es com sua obra com estilo \u00fanico e dar\u00e1 luz ao tema &#8220;Mulheres na Literatura&#8221;, que marca a edi\u00e7\u00e3o de 2025 do evento liter\u00e1rio, que ser\u00e1 de 9 a 14 de setembro, no Centro Cultural Usiminas, em Ipatinga. Teatro, m\u00fasica, interven\u00e7\u00f5es, exposi\u00e7\u00e3o, roda de conversa e a Feira de Livros tamb\u00e9m v\u00e3o resgatar e homenagear a obra de Ad\u00e9lia Prado, reconhecida pelo Pr\u00eamio Cam\u00f5es 2024 e Pr\u00eamio Machado de Assis pela Academia Brasileira de Letras, pelo conjunto de sua obra. (Portal Conex 10)<\/span><br \/><span><a href=\"https:\/\/www.conex10.com.br\/post\/0005686\/salao-do-livro-do-vale-do-aco-homenageia-adelia-prado\">https:\/\/www.conex10.com.br\/post\/0005686\/salao-do-livro-do-vale-do-aco-homenageia-adelia-prado<\/a><\/span><\/p>\n<p><strong><span>Divin\u00f3polis com crescimento desordenado<\/span><\/strong><br \/><span>Os principais dados do censo de 2022, realizado pelo Instituto Brasileiro de Geografia e Estat\u00edstica (IBGE), revelam que Divin\u00f3polis tem grandes desafios urban\u00edsticos. O censo revelou que os principais desafios urban\u00edsticos de Divin\u00f3polis incluem o crescimento desordenado, a falta de infraestrutura adequada, a mobilidade urbana e a gest\u00e3o de res\u00edduos. A expans\u00e3o da cidade tem gerado problemas como a ocupa\u00e7\u00e3o irregular de \u00e1reas, a press\u00e3o sobre os recursos naturais e a necessidade de melhorias na infraestrutura vi\u00e1ria e de saneamento. (Portal G37 \u2013 Divin\u00f3polis)<\/span><br \/><span><a href=\"https:\/\/g37.com.br\/divinopolis\/censo-revela-que-divinopolis-possui-mais-de-106-mil-imoveis-e-63-mil-lotes-vagos\/\">https:\/\/g37.com.br\/divinopolis\/censo-revela-que-divinopolis-possui-mais-de-106-mil-imoveis-e-63-mil-lotes-vagos\/<\/a><\/span><\/p>\n<p><span><\/span><\/p>\n<p>\u00a0<\/p>","protected":false},"excerpt":{"rendered":"<p>Foto: Divulga\u00e7\u00e3o Cabo Verde Minera\u00e7\u00e3o COLUNA MGPrincipais destaques dos jornais e portais integrantes da rede Sindijori MG\u00a0www.sindijorimg.com.br \u00a0 Sul de Minas no epicentro da disputa globalA corrida global por terras raras, minerais essenciais para a transi\u00e7\u00e3o energ\u00e9tica, pode colocar Po\u00e7os de Caldas e cidades pr\u00f3ximas, no sul de Minas, no centro de uma disputa estrat\u00e9gica. [&hellip;]<\/p>\n","protected":false},"author":0,"featured_media":30802,"comment_status":"open","ping_status":"open","sticky":false,"template":"","format":"standard","meta":{"rop_custom_images_group":[],"rop_custom_messages_group":[],"rop_publish_now":"initial","rop_publish_now_accounts":[],"rop_publish_now_history":[],"rop_publish_now_status":"pending","footnotes":""},"categories":[6745],"tags":[],"class_list":["post-30801","post","type-post","status-publish","format-standard","has-post-thumbnail","hentry","category-coluna-sindijori"],"_links":{"self":[{"href":"https:\/\/diariotribuna.com.br\/index.php?rest_route=\/wp\/v2\/posts\/30801"}],"collection":[{"href":"https:\/\/diariotribuna.com.br\/index.php?rest_route=\/wp\/v2\/posts"}],"about":[{"href":"https:\/\/diariotribuna.com.br\/index.php?rest_route=\/wp\/v2\/types\/post"}],"replies":[{"embeddable":true,"href":"https:\/\/diariotribuna.com.br\/index.php?rest_route=%2Fwp%2Fv2%2Fcomments&post=30801"}],"version-history":[{"count":0,"href":"https:\/\/diariotribuna.com.br\/index.php?rest_route=\/wp\/v2\/posts\/30801\/revisions"}],"wp:featuredmedia":[{"embeddable":true,"href":"https:\/\/diariotribuna.com.br\/index.php?rest_route=\/wp\/v2\/media\/30802"}],"wp:attachment":[{"href":"https:\/\/diariotribuna.com.br\/index.php?rest_route=%2Fwp%2Fv2%2Fmedia&parent=30801"}],"wp:term":[{"taxonomy":"category","embeddable":true,"href":"https:\/\/diariotribuna.com.br\/index.php?rest_route=%2Fwp%2Fv2%2Fcategories&post=30801"},{"taxonomy":"post_tag","embeddable":true,"href":"https:\/\/diariotribuna.com.br\/index.php?rest_route=%2Fwp%2Fv2%2Ftags&post=30801"}],"curies":[{"name":"wp","href":"https:\/\/api.w.org\/{rel}","templated":true}]}}