{"id":30808,"date":"2025-08-11T18:29:36","date_gmt":"2025-08-11T21:29:36","guid":{"rendered":"https:\/\/diariotribuna.com.br\/?p=30808"},"modified":"2025-08-11T18:29:36","modified_gmt":"2025-08-11T21:29:36","slug":"infrabusiness-expo-comeca-nesta-terca-12-e-deve-movimentar-r-1-bilhao-em-negocios-em-belo-horizonte","status":"publish","type":"post","link":"https:\/\/diariotribuna.com.br\/?p=30808","title":{"rendered":"InfraBusiness Expo come\u00e7a nesta ter\u00e7a (12) e deve movimentar R$ 1 bilh\u00e3o em neg\u00f3cios em Belo Horizonte\u00a0"},"content":{"rendered":"<h5><em>Romeu Zema, Ricardo Amorim, Antonio Anastasia, Mateus Sim\u00f5es, Rubens Menin e Eug\u00eanio Matar est\u00e3o est\u00e3o entre os participantes da InfraBusiness Expo (Imagem Divulga\u00e7\u00e3o InfraBusiness)<\/em><\/h5>\n<p><strong>Evento reunir\u00e1 mais de 100 expositores e principais lideran\u00e7as da infraestrutura nacional entre 12 e 14 de agosto, no Expominas<\/strong><\/p>\n<p>Come\u00e7a nesta ter\u00e7a-feira (12) a <strong>InfraBusiness Expo<\/strong>, que j\u00e1 nasce como um dos grandes encontros da cadeia produtiva da infraestrutura da <strong>Am\u00e9rica Latina<\/strong>. Marcada para os dias <strong>12, 13 e 14 de agosto<\/strong>, no <strong>Expominas<\/strong>, em <strong>Belo Horizonte<\/strong>, a feira contar\u00e1 com uma \u00e1rea expositiva de mais de <strong>30 mil m\u00b2<\/strong> e presen\u00e7a confirmada de mais de <strong>100 empresas nacionais e internacionais<\/strong>, entre fabricantes de m\u00e1quinas pesadas, institui\u00e7\u00f5es financeiras, operadoras log\u00edsticas, empresas de energia, saneamento e tecnologia.<\/p>\n<p>A expectativa \u00e9 que o evento movimente cerca de <strong>R$ 1 bilh\u00e3o<\/strong> em neg\u00f3cios durante os tr\u00eas dias, atraindo um p\u00fablico estimado de <strong>30 mil visitantes qualificados<\/strong>.<\/p>\n<p><em>\u201cA InfraBusiness nasce como uma feira feita por quem vive o setor. Estamos oferecendo uma plataforma in\u00e9dita de inova\u00e7\u00e3o, networking e gera\u00e7\u00e3o de neg\u00f3cios em um momento decisivo para o futuro da infraestrutura brasileira. Minas Gerais \u00e9 hoje um dos maiores polos da constru\u00e7\u00e3o pesada do pa\u00eds, com mais de R$ 100 bilh\u00f5es em investimentos previstos at\u00e9 2031\u201d<\/em><br \/><em>\u2014 Emir Cadar Filho, idealizador da feira e vice-presidente da <strong>Federa\u00e7\u00e3o das Ind\u00fastrias do Estado de Minas Gerais (Fiemg)<\/strong><\/em><\/p>\n<h3><strong>Infraestrutura, tecnologia e conex\u00e3o<\/strong><\/h3>\n<p>Al\u00e9m da exposi\u00e7\u00e3o de solu\u00e7\u00f5es e equipamentos, a feira abrigar\u00e1 uma s\u00e9rie de espa\u00e7os de ativa\u00e7\u00e3o e experi\u00eancias voltadas \u00e0 demonstra\u00e7\u00e3o de <strong>tecnologias aplicadas \u00e0 infraestrutura<\/strong>. O evento tamb\u00e9m ser\u00e1 um ponto de encontro estrat\u00e9gico entre representantes do setor privado e gestores p\u00fablicos, em um momento marcado por novos ciclos de concess\u00f5es, amplia\u00e7\u00e3o de investimentos em <strong>mobilidade urbana<\/strong>, expans\u00e3o da <strong>malha log\u00edstica<\/strong> e avan\u00e7os na <strong>transi\u00e7\u00e3o energ\u00e9tica<\/strong>.<\/p>\n<h3><strong>Congresso t\u00e9cnico debate inova\u00e7\u00e3o e cidades inteligentes<\/strong><\/h3>\n<p>Paralelamente \u00e0 feira, o <strong>Congresso InfraBusiness Expo<\/strong> reunir\u00e1 lideran\u00e7as empresariais, especialistas e autoridades p\u00fablicas em uma programa\u00e7\u00e3o com pain\u00e9is tem\u00e1ticos, palestras magnas e debates sobre os rumos da infraestrutura nacional. Entre os temas abordados est\u00e3o <strong>digitaliza\u00e7\u00e3o da engenharia<\/strong>, <strong>financiamento de grandes obras<\/strong>, <strong>concess\u00f5es<\/strong>, <strong>mobilidade urbana<\/strong> e <strong>sustentabilidade<\/strong>.<\/p>\n<p>J\u00e1 est\u00e3o confirmadas presen\u00e7as como a do economista <strong>Ricardo Amorim<\/strong>, o empres\u00e1rio <strong>Rubens Menin<\/strong>, o governador e o vice-governador de Minas, <strong>Romeu Zema<\/strong> e <strong>Mateus Sim\u00f5es<\/strong>, o ex-governador de Minas e ministro do Tribunal de Contas da Uni\u00e3o, <strong>Antonio Anastasia<\/strong>, o executive chairman da <strong>Localiza<\/strong>, <strong>Eug\u00eanio Mattar<\/strong>, a CEO da <strong>Anglo American<\/strong>, <strong>Ana Sanches<\/strong>, o diretor-geral da <strong>Ag\u00eancia Nacional de Transportes Terrestres (ANTT)<\/strong>, <strong>Guilherme Sampaio<\/strong>, o presidente do Conselho de Administra\u00e7\u00e3o da <strong>Rede Mater Dei de Sa\u00fade<\/strong>, <strong>Henrique Salvador<\/strong>, entre diversos outros.<\/p>\n<p>As inscri\u00e7\u00f5es para o congresso podem ser feitas diretamente no site oficial da feira: <a href=\"https:\/\/infrabusinessexpo.com.br\/\">www.infrabusinessexpo.com.br.<\/a><\/p>\n<h3><strong>Minas Gerais no centro dos investimentos em infraestrutura<\/strong><\/h3>\n<p>Com lideran\u00e7a nacional em <strong>extens\u00e3o de malha rodovi\u00e1ria<\/strong> e forte presen\u00e7a industrial, <strong>Minas Gerais<\/strong> foi escolhida estrategicamente para sediar a primeira edi\u00e7\u00e3o da <strong>InfraBusiness Expo<\/strong>. Segundo dados da <strong>FIEMG<\/strong>, o estado concentra mais de <strong>7 mil empresas do setor<\/strong>, respons\u00e1veis por <strong>153 mil empregos formais<\/strong> e uma massa salarial anual superior a <strong>R$ 7,6 bilh\u00f5es<\/strong>.<\/p>\n<p>A <strong>InfraBusiness<\/strong> \u00e9 organizada pela <strong>Cubo Eventos<\/strong>, com apoio institucional da <strong>FIEMG<\/strong> e do <strong>Sicepot-MG<\/strong>, e patroc\u00ednio da <strong>Vale<\/strong>, do <strong>Governo Federal pelo BNDES<\/strong>, da <strong>Prefeitura de Belo Horizonte<\/strong>, por meio da <strong>Belotur<\/strong>, e do <strong>CREA-MG<\/strong>. J\u00e1 o <strong>Congresso InfraBusiness<\/strong> tem patroc\u00ednio da <strong>Fecom\u00e9rcio-MG<\/strong>, <strong>Sindimaco-MG<\/strong>, <strong>Banco Inter<\/strong>, <strong>ArcelorMittal<\/strong>, <strong>Patrus Transportes<\/strong> e <strong>Exclusive Seguros<\/strong>.<\/p>\n<p><em>\u201cNosso objetivo \u00e9 impulsionar investimentos, atrair capital privado e criar conex\u00f5es que acelerem o desenvolvimento da infraestrutura no Brasil. A resposta do mercado j\u00e1 mostra que a InfraBusiness veio para ocupar um papel central na agenda nacional do setor\u201d<\/em><br \/><em>\u2014 Emir Cadar Filho, idealizador da feira e vice-presidente da <strong>Federa\u00e7\u00e3o das Ind\u00fastrias do Estado de Minas Gerais (Fiemg)<\/strong><\/em><\/p>\n<h3><strong>Contexto<\/strong><\/h3>\n<p><strong>Belo Horizonte<\/strong> foi escolhida como sede da <strong>InfraBusiness Expo<\/strong> por sua posi\u00e7\u00e3o estrat\u00e9gica no centro de decis\u00f5es e investimentos em infraestrutura no Brasil. <strong>Minas Gerais<\/strong> projeta cerca de <strong>R$ 513 bilh\u00f5es<\/strong> em empreendimentos log\u00edsticos at\u00e9 2029, sendo mais de <strong>480 obras estruturantes<\/strong> em rodovias, ferrovias e energia, com foco nos ciclos <strong>2025\u20132027<\/strong>.<\/p>\n<p>Como capital do estado, <strong>BH<\/strong> concentra grandes empresas, centros de decis\u00e3o, infraestrutura de eventos e um ambiente de neg\u00f3cios conectado \u00e0 inova\u00e7\u00e3o, tornando-se o territ\u00f3rio natural para sediar um encontro nacional sobre o futuro da infraestrutura.<\/p>\n<h3><strong>Mais informa\u00e7\u00f5es e inscri\u00e7\u00f5es<\/strong>:<\/h3>\n<p><a class=\"\" target=\"_new\" href=\"https:\/\/infrabusinessexpo.com.br\/\" rel=\"noopener\">www.infrabusinessexpo.com.br<\/a><\/p>\n<h3><strong>Contato e credenciamento para a imprensa<\/strong><\/h3>\n\n<p><strong>CORP Comunica\u00e7\u00e3o<\/strong>:<br \/><strong>Saulo Penaforte<\/strong> \u2013 (31) 99683-5270 \u2013 <a class=\"cursor-pointer\">saulo.penaforte@corpcomunicacao.com.br<\/a><br \/><strong>Leonardo Pessanha<\/strong> \u2013 (21) 99184-7178 \u2013 <a class=\"cursor-pointer\">leonardo.souza@corpcomunicacao.com.br<\/a><br \/><strong>Andrea C\u00e2ndido<\/strong> \u2013 (31) 99198-6666 \u2013 <a class=\"cursor-pointer\">andrea.candido@corpcomunicacao.com.br<\/a><\/p>\n<p>\u00a0<\/p>","protected":false},"excerpt":{"rendered":"<p>Romeu Zema, Ricardo Amorim, Antonio Anastasia, Mateus Sim\u00f5es, Rubens Menin e Eug\u00eanio Matar est\u00e3o est\u00e3o entre os participantes da InfraBusiness Expo (Imagem Divulga\u00e7\u00e3o InfraBusiness) Evento reunir\u00e1 mais de 100 expositores e principais lideran\u00e7as da infraestrutura nacional entre 12 e 14 de agosto, no Expominas Come\u00e7a nesta ter\u00e7a-feira (12) a InfraBusiness Expo, que j\u00e1 nasce como [&hellip;]<\/p>\n","protected":false},"author":0,"featured_media":30809,"comment_status":"open","ping_status":"open","sticky":false,"template":"","format":"standard","meta":{"rop_custom_images_group":[],"rop_custom_messages_group":[],"rop_publish_now":"initial","rop_publish_now_accounts":[],"rop_publish_now_history":[],"rop_publish_now_status":"pending","footnotes":""},"categories":[6745],"tags":[],"class_list":["post-30808","post","type-post","status-publish","format-standard","has-post-thumbnail","hentry","category-coluna-sindijori"],"_links":{"self":[{"href":"https:\/\/diariotribuna.com.br\/index.php?rest_route=\/wp\/v2\/posts\/30808"}],"collection":[{"href":"https:\/\/diariotribuna.com.br\/index.php?rest_route=\/wp\/v2\/posts"}],"about":[{"href":"https:\/\/diariotribuna.com.br\/index.php?rest_route=\/wp\/v2\/types\/post"}],"replies":[{"embeddable":true,"href":"https:\/\/diariotribuna.com.br\/index.php?rest_route=%2Fwp%2Fv2%2Fcomments&post=30808"}],"version-history":[{"count":0,"href":"https:\/\/diariotribuna.com.br\/index.php?rest_route=\/wp\/v2\/posts\/30808\/revisions"}],"wp:featuredmedia":[{"embeddable":true,"href":"https:\/\/diariotribuna.com.br\/index.php?rest_route=\/wp\/v2\/media\/30809"}],"wp:attachment":[{"href":"https:\/\/diariotribuna.com.br\/index.php?rest_route=%2Fwp%2Fv2%2Fmedia&parent=30808"}],"wp:term":[{"taxonomy":"category","embeddable":true,"href":"https:\/\/diariotribuna.com.br\/index.php?rest_route=%2Fwp%2Fv2%2Fcategories&post=30808"},{"taxonomy":"post_tag","embeddable":true,"href":"https:\/\/diariotribuna.com.br\/index.php?rest_route=%2Fwp%2Fv2%2Ftags&post=30808"}],"curies":[{"name":"wp","href":"https:\/\/api.w.org\/{rel}","templated":true}]}}