{"id":30810,"date":"2025-08-11T22:29:21","date_gmt":"2025-08-12T01:29:21","guid":{"rendered":"https:\/\/diariotribuna.com.br\/?p=30810"},"modified":"2025-08-17T23:29:05","modified_gmt":"2025-08-18T02:29:05","slug":"equipe-de-handebol-de-teofilo-otoni-e-campea-estadual-no-jemg-2025-e-segue-para-a-etapa-nacional-em-brasilia","status":"publish","type":"post","link":"https:\/\/diariotribuna.com.br\/?p=30810","title":{"rendered":"Equipe de Handebol de Te\u00f3filo Otoni \u00e9 campe\u00e3 estadual no JEMG 2025 e segue para a etapa nacional em Bras\u00edlia"},"content":{"rendered":"\n<figure class=\"wp-block-image size-full is-resized\"><img loading=\"lazy\" decoding=\"async\" width=\"700\" height=\"423\" src=\"https:\/\/diariotribuna.com.br\/wp-content\/uploads\/2025\/08\/1-1.jpg\" alt=\"\" class=\"wp-image-30811\" style=\"width:550px;height:auto\" srcset=\"https:\/\/diariotribuna.com.br\/wp-content\/uploads\/2025\/08\/1-1.jpg 700w, https:\/\/diariotribuna.com.br\/wp-content\/uploads\/2025\/08\/1-1-300x181.jpg 300w, https:\/\/diariotribuna.com.br\/wp-content\/uploads\/2025\/08\/1-1-696x421.jpg 696w, https:\/\/diariotribuna.com.br\/wp-content\/uploads\/2025\/08\/1-1-695x420.jpg 695w\" sizes=\"(max-width: 700px) 100vw, 700px\" \/><figcaption class=\"wp-element-caption\"><strong>Equipe de Handebol masculino da Escola Estadual Clotilde Onofri de Campos, de Te\u00f3filo Otoni<\/strong><\/figcaption><\/figure>\n\n\n\n<p>Os alunos-atletas do Handebol Masculino da Escola Estadual Clotilde Onofri de Campos, de Te\u00f3filo Otoni, conquistaram o tricampeonato da etapa estadual dos Jogos Escolares de Minas Gerais (JEMG), na manh\u00e3 de s\u00e1bado, 9 de agosto, em Par\u00e1 de Minas, vencendo a equipe de Varginha na final&nbsp;por&nbsp;25&#215;22.<\/p>\n\n\n\n<p>A equipe se classificou para a etapa nacional que acontecer\u00e1 em setembro, em Bras\u00edlia, onde representar\u00e1 Minas Gerais como o campe\u00e3o&nbsp;estadual. A equipe voltou para Te\u00f3filo Otoni trazendo na bagagem muita alegria e gratid\u00e3o a todos que torceram por essa importante vit\u00f3ria, e retribuiu representando muito bem nossa cidade.<\/p>\n\n\n\n<p>E a emo\u00e7\u00e3o continuou na manh\u00e3 desta segunda-feira (11), quando o secret\u00e1rio de Esportes e Lazer, Adilson Ba\u00eda e sua equipe receberam o Professor Pedro Faria com o Trof\u00e9u de Campe\u00e3o Estadual dos Jogos Escolares de Minas Gerais, com a equipe de Handebol Masculino da Escola Estadual Clotilde Onofri.<\/p>\n\n\n\n<p>Os atletas v\u00e3o seguir \u00e0 Bras\u00edlia, de avi\u00e3o, custeados pelo Governo de Minas, para a etapa nacional, a \u00faltima da competi\u00e7\u00e3o, sendo 26 estados participantes. Vale ressaltar que, Te\u00f3filo Otoni sediou a etapa microrregional do JEMG 2025, com a participa\u00e7\u00e3o de 59 escolas de 27 munic\u00edpios, e superlotou a Pra\u00e7a Tiradentes, na abertura do evento, no dia 19 de maio, confirmando a valoriza\u00e7\u00e3o do esporte na cidade.<\/p>\n\n\n\n<p>O prefeito F\u00e1bio Marinho ressalta a import\u00e2ncia do JEMG, que promove a intera\u00e7\u00e3o dos estudantes-atletas de todo o estado, e afirma que Te\u00f3filo Otoni valoriza o esporte em todas as modalidades. Marinho ficou muito feliz com essa conquista, e torce para que Te\u00f3filo Otoni continue brilhando no mundo esportivo, dessa vez em n\u00edvel nacional.<\/p>\n\n\n\n<figure class=\"wp-block-image size-full is-resized\"><img loading=\"lazy\" decoding=\"async\" width=\"700\" height=\"617\" src=\"https:\/\/diariotribuna.com.br\/wp-content\/uploads\/2025\/08\/2-1.jpg\" alt=\"\" class=\"wp-image-30812\" style=\"width:468px;height:auto\" srcset=\"https:\/\/diariotribuna.com.br\/wp-content\/uploads\/2025\/08\/2-1.jpg 700w, https:\/\/diariotribuna.com.br\/wp-content\/uploads\/2025\/08\/2-1-300x264.jpg 300w, https:\/\/diariotribuna.com.br\/wp-content\/uploads\/2025\/08\/2-1-696x613.jpg 696w, https:\/\/diariotribuna.com.br\/wp-content\/uploads\/2025\/08\/2-1-476x420.jpg 476w\" sizes=\"(max-width: 700px) 100vw, 700px\" \/><figcaption class=\"wp-element-caption\"><strong>Equipe da Secretaria Municipal de Sa\u00fade recebendo o treinador Pedro Faria, com o trof\u00e9u<\/strong><\/figcaption><\/figure>\n\n\n\n<p>O secret\u00e1rio municipal de esportes, Adilson Ba\u00eda destaca a vit\u00f3ria conquistada pela equipe de Handebol masculino de Te\u00f3filo Otoni, que nos deu o campeonato estadual. \u201cAgrade\u00e7o ao nosso prefeito Marinho, pelo apoio inconteste que ele vem direcionando para o nosso esporte. E eu, estando secret\u00e1rio de esportes, me sinto lisonjeado por esse momento. Tenho certeza de que outras vit\u00f3rias vir\u00e3o porque, quando o trabalho \u00e9 bem feito, as coisas tendem a sair de forma positiva\u201d, Ba\u00eda tamb\u00e9m parabenizou o Professor Pedro, treinador da equipe. \u201cCom orgulho eu digo que \u00e9 um funcion\u00e1rio da prefeitura, prestando servi\u00e7os tamb\u00e9m na Secretaria Municipal de Esportes\u201d.<\/p>\n","protected":false},"excerpt":{"rendered":"<p>Os alunos-atletas do Handebol Masculino da Escola Estadual Clotilde Onofri de Campos, de Te\u00f3filo Otoni, conquistaram o tricampeonato da etapa estadual dos Jogos Escolares de Minas Gerais (JEMG), na manh\u00e3 de s\u00e1bado, 9 de agosto, em Par\u00e1 de Minas, vencendo a equipe de Varginha na final&nbsp;por&nbsp;25&#215;22. A equipe se classificou para a etapa nacional que [&hellip;]<\/p>\n","protected":false},"author":1,"featured_media":30811,"comment_status":"open","ping_status":"open","sticky":false,"template":"","format":"standard","meta":{"rop_custom_images_group":[],"rop_custom_messages_group":[],"rop_publish_now":"initial","rop_publish_now_accounts":[],"rop_publish_now_history":[],"rop_publish_now_status":"pending","footnotes":""},"categories":[19],"tags":[7286,7287,7285,7284,75],"class_list":["post-30810","post","type-post","status-publish","format-standard","has-post-thumbnail","hentry","category-gerais","tag-campeao-estadual","tag-clotilde-onofri","tag-handebol","tag-jemg","tag-teofilo-otoni"],"_links":{"self":[{"href":"https:\/\/diariotribuna.com.br\/index.php?rest_route=\/wp\/v2\/posts\/30810"}],"collection":[{"href":"https:\/\/diariotribuna.com.br\/index.php?rest_route=\/wp\/v2\/posts"}],"about":[{"href":"https:\/\/diariotribuna.com.br\/index.php?rest_route=\/wp\/v2\/types\/post"}],"author":[{"embeddable":true,"href":"https:\/\/diariotribuna.com.br\/index.php?rest_route=\/wp\/v2\/users\/1"}],"replies":[{"embeddable":true,"href":"https:\/\/diariotribuna.com.br\/index.php?rest_route=%2Fwp%2Fv2%2Fcomments&post=30810"}],"version-history":[{"count":1,"href":"https:\/\/diariotribuna.com.br\/index.php?rest_route=\/wp\/v2\/posts\/30810\/revisions"}],"predecessor-version":[{"id":30813,"href":"https:\/\/diariotribuna.com.br\/index.php?rest_route=\/wp\/v2\/posts\/30810\/revisions\/30813"}],"wp:featuredmedia":[{"embeddable":true,"href":"https:\/\/diariotribuna.com.br\/index.php?rest_route=\/wp\/v2\/media\/30811"}],"wp:attachment":[{"href":"https:\/\/diariotribuna.com.br\/index.php?rest_route=%2Fwp%2Fv2%2Fmedia&parent=30810"}],"wp:term":[{"taxonomy":"category","embeddable":true,"href":"https:\/\/diariotribuna.com.br\/index.php?rest_route=%2Fwp%2Fv2%2Fcategories&post=30810"},{"taxonomy":"post_tag","embeddable":true,"href":"https:\/\/diariotribuna.com.br\/index.php?rest_route=%2Fwp%2Fv2%2Ftags&post=30810"}],"curies":[{"name":"wp","href":"https:\/\/api.w.org\/{rel}","templated":true}]}}