{"id":30814,"date":"2025-08-12T11:41:24","date_gmt":"2025-08-12T14:41:24","guid":{"rendered":"https:\/\/diariotribuna.com.br\/?p=30814"},"modified":"2025-08-12T11:41:24","modified_gmt":"2025-08-12T14:41:24","slug":"farmaceutica-investe-r-100-milhoes-em-minas","status":"publish","type":"post","link":"https:\/\/diariotribuna.com.br\/?p=30814","title":{"rendered":"Farmac\u00eautica investe R$ 100 milh\u00f5es em Minas\u00a0"},"content":{"rendered":"<p><em><span>Foto: Reprodu\u00e7\u00e3o<\/span><\/em><\/p>\n<p><strong><span>COLUNA MG<\/span><\/strong><br \/><span>Principais destaques dos jornais e portais integrantes da rede Sindijori MG\u00a0<\/span><br \/><span><a href=\"http:\/\/www.sindijorimg.com.br\/\">www.sindijorimg.com.br<\/a><\/span><\/p>\n<p><strong><span>\u00a0<\/span><\/strong><\/p>\n<p><strong><span>Farmac\u00eautica investe R$ 100 milh\u00f5es em Minas<\/span><\/strong><br \/><span>A Cimed, terceira maior farmac\u00eautica do Brasil em volume de vendas, acaba de anunciar a amplia\u00e7\u00e3o de suas duas plantas fabris localizadas em Pouso Alegre. Com um investimento total de R$ 100 milh\u00f5es, a companhia ir\u00e1 aumentar em mais de 30% sua capacidade produtiva em um movimento estrat\u00e9gico para suportar a expans\u00e3o acelerada de suas marcas, principalmente com Jo\u00e3o e Maria e Carmed Oral care, al\u00e9m da entrada em novas categorias que ser\u00e3o anunciadas at\u00e9 o final do ano. O an\u00fancio acaba de ser oficializado em evento com a presen\u00e7a do governador de Minas Gerais, Romeu Zema. (Estrada Nacional \u2013 Pouso Alegre)<\/span><br \/><span><a href=\"https:\/\/www.estradanacional.info\/post\/terceira-maior-farmac%C3%AAutica-do-brasil-investe-r-100-milh%C3%B5es-na-amplia%C3%A7%C3%A3o-de-suas-f%C3%A1bricas-em-minas\">https:\/\/www.estradanacional.info\/post\/terceira-maior-farmac%C3%AAutica-do-brasil-investe-r-100-milh%C3%B5es-na-amplia%C3%A7%C3%A3o-de-suas-f%C3%A1bricas-em-minas<\/a><\/span><\/p>\n<p><strong><span>Festival do Tropeiro tem premiados<\/span><\/strong><br \/><span>A cidade de \u00c1guas Formosas, no Vale do Mucuri, foi palco de uma celebra\u00e7\u00e3o \u00e0 cultura, \u00e0 gastronomia e \u00e0s ra\u00edzes mineiras com a festa de premia\u00e7\u00e3o do 1\u00ba Festival do Tropeiro Mineiro, que movimentou a regi\u00e3o e atraiu moradores, turistas e apreciadores da culin\u00e1ria de Minas. No dia 2 de agosto, na 46\u00aa Feagro, no Parque de Exposi\u00e7\u00e3o Olinto Medrado, em \u00c1guas Formosas, foram anunciados os vencedores do concurso gastron\u00f4mico que elegeu os melhores pratos. Os grandes vencedores foram:1\u00ba lugar na Categoria Sabor: Bistr\u00f4 2 Irm\u00e3os (Santa Helena); 1\u00ba lugar na Categoria Criatividade: Cantinho da Lulu (\u00c1guas Formosas); 1\u00ba lugar na Categoria Apresenta\u00e7\u00e3o: Sabor da Casa (Bert\u00f3polis). (Di\u00e1rio Tribuna \u2013 Te\u00f3filo Otoni)<\/span><br \/><span><a href=\"https:\/\/diariotribuna.com.br\/?p=30803\">https:\/\/diariotribuna.com.br\/?p=30803<\/a><\/span><\/p>\n<p><strong><span>Pre\u00e7o do leite tem queda em Minas<\/span><\/strong><br \/><span>O aumento da oferta de leite no campo, resultado do maior investimento por parte dos produtores, aliado ao consumo menor, provocou nova queda de pre\u00e7o em Minas Gerais. Em julho, referente ao leite captado em junho, o produtor recebeu, em m\u00e9dia, R$ 2,71 no Estado. O valor ficou 0,73% menor que o praticado no pagamento de junho. Frente ao pagamento de julho de 2024, o pre\u00e7o em Minas recuou 2,86%. Para o pagamento de agosto, a tend\u00eancia \u00e9 de nova queda. Segundo o Conseleite Minas Gerais, o leite entregue em julho e que ser\u00e1 pago em agosto est\u00e1 com um valor m\u00e9dio de refer\u00eancia de R$ 2,69 por litro, 0,6% a menos. (Di\u00e1rio do Com\u00e9rcio \u2013 Belo Horizonte)<\/span><br \/><span><a href=\"https:\/\/diariodocomercio.com.br\/agronegocio\/preco-do-leite-ao-produtor-volta-a-recuar-em-minas-gerais\/\">https:\/\/diariodocomercio.com.br\/agronegocio\/preco-do-leite-ao-produtor-volta-a-recuar-em-minas-gerais\/<\/a><\/span><\/p>\n<p><strong><span>Uberaba aprova desburocratiza\u00e7\u00e3o<\/span><\/strong><br \/><span>A C\u00e2mara de Vereadores aprovou Projeto de Lei que institui o estatuto da desburocratiza\u00e7\u00e3o no \u00e2mbito da administra\u00e7\u00e3o. De acordo com o autor da proposta, vereador Caio Godoi, embora exista legisla\u00e7\u00e3o federal sobre o tema, Uberaba ainda possui determinados procedimentos administrativos que exigem reconhecimento de firma e documento autenticado. O projeto estabelece aos usu\u00e1rios dos servi\u00e7os p\u00fablicos direito \u00e0 vista do processo e a obter certid\u00f5es ou c\u00f3pias reprogr\u00e1ficas dos dados e documentos que o integram, ressalvados os dados e documentos de terceiros protegidos por sigilo ou pelo direito \u00e0 privacidade, \u00e0 honra e \u00e0 imagem. (Jornal da Manh\u00e3 \u2013 Uberaba)<\/span><br \/><span><a href=\"https:\/\/jmonline.com.br\/politica\/camara-de-uberaba-aprova-o-fim-da-exigencia-de-reconhecimento-de-firma-e-autenticac-o-1.533060\">https:\/\/jmonline.com.br\/politica\/camara-de-uberaba-aprova-o-fim-da-exigencia-de-reconhecimento-de-firma-e-autenticac-o-1.533060<\/a><\/span><\/p>\n<p><strong><span>Decis\u00e3o da Azul pode afetar Vale do A\u00e7o<\/span><\/strong><br \/><span>Em an\u00fancio oficial realizado na \u00faltima sexta-feira, 8, a Azul Linhas A\u00e9reas confirmou que vai deixar durante este semestre o processo de reestrutura\u00e7\u00e3o financeira iniciado em maio deste ano, nos EUA. Segundo a Azul, 13 cidades e 53 rotas hoje consideradas n\u00e3o lucrativas ser\u00e3o encerradas. O informe da empresa, n\u00e3o especificou quais os munic\u00edpios e trechos ser\u00e3o afetados. No Leste de Minas, a Azul opera atualmente para o Vale do A\u00e7o, Governador Valadares e Manhua\u00e7u, este \u00faltimo atrav\u00e9s do sistema &#8220;Azul Conecta&#8221;, que usa avi\u00f5es de pequeno porte. (Portal Conex 10)<\/span><br \/><span><a href=\"https:\/\/www.conex10.com.br\/post\/0005688\/mudancas-na-azul-podem-afetar-voos-para-o-leste-de-minas\">https:\/\/www.conex10.com.br\/post\/0005688\/mudancas-na-azul-podem-afetar-voos-para-o-leste-de-minas<\/a><\/span><\/p>\n<p><strong><span>Banco de Alimentos recebe verba<\/span><\/strong><br \/><span>O Banco Municipal de Alimentos de Formiga acaba de garantir um importante recurso federal no valor de R$ 800.000,00 para sua moderniza\u00e7\u00e3o. O Termo de Conv\u00eanio com o Minist\u00e9rio do Desenvolvimento e Assist\u00eancia Social, Fam\u00edlia e Combate \u00e0 Fome (MDS) foi publicado no Di\u00e1rio Oficial da Uni\u00e3o na sexta-feira, 8 de agosto. Apesar de Formiga n\u00e3o se enquadrar nos crit\u00e9rios priorit\u00e1rios definidos pelo edital, o projeto t\u00e9cnico apresentado pela equipe local alcan\u00e7ou a 11\u00aa coloca\u00e7\u00e3o nacional, ficando \u00e0 frente de centenas de munic\u00edpios e atr\u00e1s apenas de cinco capitais e cinco grandes centros urbanos. (O Pergaminho \u2013 Formiga)<\/span><br \/><span><a href=\"https:\/\/www.opergaminho.com.br\/banco-de-alimentos-recebe-r-800-mil-do-governo-federal\">https:\/\/www.opergaminho.com.br\/banco-de-alimentos-recebe-r-800-mil-do-governo-federal<\/a><\/span><\/p>\n\n<p>\u00a0<\/p>","protected":false},"excerpt":{"rendered":"<p>Foto: Reprodu\u00e7\u00e3o COLUNA MGPrincipais destaques dos jornais e portais integrantes da rede Sindijori MG\u00a0www.sindijorimg.com.br \u00a0 Farmac\u00eautica investe R$ 100 milh\u00f5es em MinasA Cimed, terceira maior farmac\u00eautica do Brasil em volume de vendas, acaba de anunciar a amplia\u00e7\u00e3o de suas duas plantas fabris localizadas em Pouso Alegre. Com um investimento total de R$ 100 milh\u00f5es, a [&hellip;]<\/p>\n","protected":false},"author":0,"featured_media":30815,"comment_status":"open","ping_status":"open","sticky":false,"template":"","format":"standard","meta":{"rop_custom_images_group":[],"rop_custom_messages_group":[],"rop_publish_now":"initial","rop_publish_now_accounts":[],"rop_publish_now_history":[],"rop_publish_now_status":"pending","footnotes":""},"categories":[6745],"tags":[],"class_list":["post-30814","post","type-post","status-publish","format-standard","has-post-thumbnail","hentry","category-coluna-sindijori"],"_links":{"self":[{"href":"https:\/\/diariotribuna.com.br\/index.php?rest_route=\/wp\/v2\/posts\/30814"}],"collection":[{"href":"https:\/\/diariotribuna.com.br\/index.php?rest_route=\/wp\/v2\/posts"}],"about":[{"href":"https:\/\/diariotribuna.com.br\/index.php?rest_route=\/wp\/v2\/types\/post"}],"replies":[{"embeddable":true,"href":"https:\/\/diariotribuna.com.br\/index.php?rest_route=%2Fwp%2Fv2%2Fcomments&post=30814"}],"version-history":[{"count":0,"href":"https:\/\/diariotribuna.com.br\/index.php?rest_route=\/wp\/v2\/posts\/30814\/revisions"}],"wp:featuredmedia":[{"embeddable":true,"href":"https:\/\/diariotribuna.com.br\/index.php?rest_route=\/wp\/v2\/media\/30815"}],"wp:attachment":[{"href":"https:\/\/diariotribuna.com.br\/index.php?rest_route=%2Fwp%2Fv2%2Fmedia&parent=30814"}],"wp:term":[{"taxonomy":"category","embeddable":true,"href":"https:\/\/diariotribuna.com.br\/index.php?rest_route=%2Fwp%2Fv2%2Fcategories&post=30814"},{"taxonomy":"post_tag","embeddable":true,"href":"https:\/\/diariotribuna.com.br\/index.php?rest_route=%2Fwp%2Fv2%2Ftags&post=30814"}],"curies":[{"name":"wp","href":"https:\/\/api.w.org\/{rel}","templated":true}]}}