{"id":30831,"date":"2025-08-13T08:03:33","date_gmt":"2025-08-13T11:03:33","guid":{"rendered":"https:\/\/diariotribuna.com.br\/?p=30831"},"modified":"2025-08-13T08:03:33","modified_gmt":"2025-08-13T11:03:33","slug":"rodrigo-pacheco-se-reune-com-ministro-para-viabilizar-aeroportos-em-minas-gerais","status":"publish","type":"post","link":"https:\/\/diariotribuna.com.br\/?p=30831","title":{"rendered":"Rodrigo Pacheco se re\u00fane com ministro para viabilizar aeroportos em Minas Gerais\u00a0"},"content":{"rendered":"<p><strong>BRAS\u00cdLIA<\/strong> \u2013 O senador <strong>Rodrigo Pacheco (PSD-MG)<\/strong> reuniu-se, nesta ter\u00e7a-feira (12), em <strong>Bras\u00edlia<\/strong>, com o ministro de <strong>Portos e Aeroportos, Silvio Costa Filho<\/strong>, para viabilizar a retomada das obras do aeroporto de <strong>Itajub\u00e1<\/strong> e a constru\u00e7\u00e3o do aeroporto de <strong>Itabira<\/strong>, em <strong>Minas Gerais<\/strong>.<\/p>\n<p>No encontro, que contou com a participa\u00e7\u00e3o dos prefeitos <strong>Rodrigo Riera<\/strong>, de Itajub\u00e1, e <strong>Marco Ant\u00f4nio Lage<\/strong>, de Itabira, o senador destacou que o ministro se colocou \u00e0 disposi\u00e7\u00e3o para viabilizar as demandas e refor\u00e7ou a relev\u00e2ncia dos equipamentos.<\/p>\n<p><em>Levei a quest\u00e3o dos aeroportos ao ministro, que se prontificou a tomar as medidas necess\u00e1rias. S\u00e3o obras essenciais para melhorar a log\u00edstica e o transporte de dois importantes munic\u00edpios de Minas Gerais, refer\u00eancias em suas atividades econ\u00f4micas.<\/em> \u2013 <strong>Rodrigo Pacheco<\/strong><\/p>\n<p>Segundo informa\u00e7\u00e3o repassada pelo prefeito de Itajub\u00e1, as obras referentes ao aeroporto da cidade est\u00e3o paralisadas desde 2016, com investimentos j\u00e1 realizados da ordem de <strong>R$ 60 milh\u00f5es<\/strong>.<\/p>\n<p>J\u00e1 o prefeito de Itabira estima que a constru\u00e7\u00e3o do aeroporto de Itabira envolva um montante de <strong>R$ 20 milh\u00f5es<\/strong>.<\/p>\n<p>\u00a0<\/p>","protected":false},"excerpt":{"rendered":"<p>BRAS\u00cdLIA \u2013 O senador Rodrigo Pacheco (PSD-MG) reuniu-se, nesta ter\u00e7a-feira (12), em Bras\u00edlia, com o ministro de Portos e Aeroportos, Silvio Costa Filho, para viabilizar a retomada das obras do aeroporto de Itajub\u00e1 e a constru\u00e7\u00e3o do aeroporto de Itabira, em Minas Gerais. No encontro, que contou com a participa\u00e7\u00e3o dos prefeitos Rodrigo Riera, de [&hellip;]<\/p>\n","protected":false},"author":0,"featured_media":30832,"comment_status":"open","ping_status":"open","sticky":false,"template":"","format":"standard","meta":{"rop_custom_images_group":[],"rop_custom_messages_group":[],"rop_publish_now":"initial","rop_publish_now_accounts":[],"rop_publish_now_history":[],"rop_publish_now_status":"pending","footnotes":""},"categories":[6745],"tags":[],"class_list":["post-30831","post","type-post","status-publish","format-standard","has-post-thumbnail","hentry","category-coluna-sindijori"],"_links":{"self":[{"href":"https:\/\/diariotribuna.com.br\/index.php?rest_route=\/wp\/v2\/posts\/30831"}],"collection":[{"href":"https:\/\/diariotribuna.com.br\/index.php?rest_route=\/wp\/v2\/posts"}],"about":[{"href":"https:\/\/diariotribuna.com.br\/index.php?rest_route=\/wp\/v2\/types\/post"}],"replies":[{"embeddable":true,"href":"https:\/\/diariotribuna.com.br\/index.php?rest_route=%2Fwp%2Fv2%2Fcomments&post=30831"}],"version-history":[{"count":0,"href":"https:\/\/diariotribuna.com.br\/index.php?rest_route=\/wp\/v2\/posts\/30831\/revisions"}],"wp:featuredmedia":[{"embeddable":true,"href":"https:\/\/diariotribuna.com.br\/index.php?rest_route=\/wp\/v2\/media\/30832"}],"wp:attachment":[{"href":"https:\/\/diariotribuna.com.br\/index.php?rest_route=%2Fwp%2Fv2%2Fmedia&parent=30831"}],"wp:term":[{"taxonomy":"category","embeddable":true,"href":"https:\/\/diariotribuna.com.br\/index.php?rest_route=%2Fwp%2Fv2%2Fcategories&post=30831"},{"taxonomy":"post_tag","embeddable":true,"href":"https:\/\/diariotribuna.com.br\/index.php?rest_route=%2Fwp%2Fv2%2Ftags&post=30831"}],"curies":[{"name":"wp","href":"https:\/\/api.w.org\/{rel}","templated":true}]}}