{"id":30835,"date":"2025-08-13T14:22:01","date_gmt":"2025-08-13T17:22:01","guid":{"rendered":"https:\/\/diariotribuna.com.br\/?p=30835"},"modified":"2025-08-13T14:22:01","modified_gmt":"2025-08-13T17:22:01","slug":"primeiro-dia-da-infrabusiness-expo-confirma-protagonismo-de-minas-na-infraestrutura-nacional","status":"publish","type":"post","link":"https:\/\/diariotribuna.com.br\/?p=30835","title":{"rendered":"Primeiro dia da InfraBusiness Expo confirma protagonismo de Minas na infraestrutura nacional\u00a0"},"content":{"rendered":"<p class=\"MsoNormal\"><span>SISTEMA FIEMG | Divulga\u00e7\u00e3o<\/span><span><\/span><\/p>\n<p><span><\/span><span><\/span><\/p>\n<p>Estreia da edi\u00e7\u00e3o nacional segue at\u00e9 o dia 14 em <strong>Belo Horizonte<\/strong>, reunindo mais de 100 expositores, 130 equipamentos e projetando R$ 1 bilh\u00e3o em neg\u00f3cios.<\/p>\n<p><strong>Belo Horizonte<\/strong> recebeu nesta ter\u00e7a-feira (12) a abertura oficial da <strong>InfraBusiness Expo 2025<\/strong>, consolidando <strong>Minas Gerais<\/strong> como palco da primeira edi\u00e7\u00e3o nacional de um dos maiores impulsos para a cadeia produtiva da infraestrutura. Realizado no <strong>Expominas<\/strong>, o evento ocupa mais de 30 mil m\u00b2, sendo 16.500 m\u00b2 de \u00e1rea coberta, com a presen\u00e7a de mais de 100 expositores e 130 equipamentos entre escavadeiras hidr\u00e1ulicas, motoniveladoras, caminh\u00f5es, guindastes, pavimentadoras e tratores de esteira. Empresas nacionais e internacionais apresentam solu\u00e7\u00f5es para constru\u00e7\u00e3o pesada, log\u00edstica, energia, saneamento e tecnologia.<\/p>\n<p><strong>Minas Gerais<\/strong> foi escolhida para sediar a feira por sua lideran\u00e7a nacional em malha rodovi\u00e1ria, forte presen\u00e7a industrial e relev\u00e2ncia econ\u00f4mica. O estado concentra mais de 7 mil empresas do setor, respons\u00e1veis por 153 mil empregos formais e uma massa salarial anual superior a R$ 7,6 bilh\u00f5es. Al\u00e9m disso, projeta cerca de R$ 513 bilh\u00f5es em empreendimentos log\u00edsticos at\u00e9 2029, com mais de 480 obras estruturantes previstas em rodovias, ferrovias e energia.<\/p>\n<p>O idealizador da feira e vice-presidente da <strong>Federa\u00e7\u00e3o das Ind\u00fastrias do Estado de Minas Gerais (FIEMG)<\/strong>, Emir Cadar Filho, ressaltou:<\/p>\n<p><em>\u201cEstamos criando uma plataforma in\u00e9dita para gerar neg\u00f3cios, atrair investimentos e acelerar o desenvolvimento do pa\u00eds. Aqui no <strong>Expominas<\/strong>, conseguimos reunir em um s\u00f3 espa\u00e7o toda a cadeia produtiva da infraestrutura \u2014 fabricantes de m\u00e1quinas, fornecedores de tecnologia, empresas de log\u00edstica, concession\u00e1rias de rodovias, saneamento, energia e institui\u00e7\u00f5es financeiras. <strong>Minas Gerais<\/strong> \u00e9 estrat\u00e9gica porque est\u00e1 no centro do Brasil e no centro dos investimentos. \u00c9 um estado que sabe receber e que tem uma das maiores malhas rodovi\u00e1rias do pa\u00eds.\u201d<\/em><\/p>\n<p>Ele tamb\u00e9m apresentou o <strong>Trof\u00e9u Legado da Infraestrutura 2025<\/strong>, criado para reconhecer contribui\u00e7\u00f5es marcantes ao setor. Nesta primeira edi\u00e7\u00e3o, o homenageado foi seu pai, Emir Cadar, pioneiro na constru\u00e7\u00e3o pesada e refer\u00eancia nacional pela contribui\u00e7\u00e3o ao desenvolvimento de <strong>Minas<\/strong> e do <strong>Brasil<\/strong>.<\/p>\n<p><em>\u201c\u00c9 uma homenagem pessoal e profissional. Meu pai dedicou sua vida a construir obras que melhoraram a vida das pessoas e ajudaram a desenvolver regi\u00f5es inteiras. \u00c9 uma honra fazer essa entrega na primeira edi\u00e7\u00e3o da <strong>InfraBusiness<\/strong>.\u201d<\/em><\/p>\n<p>O presidente da <strong>FIEMG<\/strong>, Fl\u00e1vio Roscoe, destacou que a feira refor\u00e7a o protagonismo de <strong>Minas Gerais<\/strong> e cria conex\u00f5es estrat\u00e9gicas:<\/p>\n<p><em>\u201cA <strong>FIEMG<\/strong> est\u00e1 comprometida em conectar empresas, fomentar neg\u00f3cios e criar um ambiente prop\u00edcio ao crescimento sustent\u00e1vel. Um evento como a <strong>InfraBusiness<\/strong> une investidores, fornecedores e gestores p\u00fablicos, estimula a ado\u00e7\u00e3o de novas tecnologias e amplia a competitividade do setor.\u201d<\/em><\/p>\n<p>J\u00e1 o governador <strong>Romeu Zema<\/strong> ressaltou a import\u00e2ncia do evento para impulsionar o desenvolvimento:<\/p>\n<p><em>\u201c<strong>Minas<\/strong> \u00e9 hoje um dos maiores polos de infraestrutura do <strong>Brasil<\/strong>, com mais de R$ 100 bilh\u00f5es em investimentos previstos at\u00e9 2031. A <strong>InfraBusiness<\/strong> \u00e9 prova de que parcerias entre o setor p\u00fablico e privado trazem resultados concretos para a popula\u00e7\u00e3o.\u201d<\/em><\/p>\n<p><strong>Feira segue at\u00e9 quinta-feira com congresso t\u00e9cnico e expectativa de R$ 1 bilh\u00e3o em neg\u00f3cios<\/strong><\/p>\n<p>A programa\u00e7\u00e3o da <strong>InfraBusiness Expo<\/strong> segue at\u00e9 quinta-feira (14) com o congresso t\u00e9cnico, que re\u00fane lideran\u00e7as empresariais, autoridades e especialistas para debater temas como inova\u00e7\u00e3o tecnol\u00f3gica, concess\u00f5es, saneamento, mobilidade urbana, cidades inteligentes, transi\u00e7\u00e3o energ\u00e9tica e financiamento de grandes obras. O evento oferece pain\u00e9is tem\u00e1ticos, palestras magnas e discuss\u00f5es estrat\u00e9gicas sobre o papel da infraestrutura no desenvolvimento econ\u00f4mico.<\/p>\n\n<p>A feira \u00e9 organizada pela <strong>Cubo Eventos<\/strong>, com apoio institucional da <strong>FIEMG<\/strong> e do <strong>Sicepot-MG<\/strong>, e patroc\u00ednio da <strong>Vale<\/strong>, do <strong>Governo Federal<\/strong> pelo <strong>BNDES<\/strong>, da <strong>Prefeitura de Belo Horizonte<\/strong>, por meio da <strong>Belotur<\/strong> e do <strong>CREA-MG<\/strong>. J\u00e1 o <strong>Congresso InfraBusiness<\/strong> tem patroc\u00ednio da <strong>Fecom\u00e9rcio-MG<\/strong>, <strong>Sindimaco-MG<\/strong>, <strong>Banco Inter<\/strong>, <strong>ArcelorMittal<\/strong>, <strong>Patrus Transportes<\/strong> e <strong>Exclusive Seguros<\/strong>. A expectativa \u00e9 movimentar R$ 1 bilh\u00e3o em neg\u00f3cios, consolidando a <strong>InfraBusiness Expo<\/strong> como refer\u00eancia na Am\u00e9rica Latina e ponto de conex\u00e3o entre o setor p\u00fablico e privado.<\/p>\n<p>\u00a0<\/p>","protected":false},"excerpt":{"rendered":"<p>SISTEMA FIEMG | Divulga\u00e7\u00e3o Estreia da edi\u00e7\u00e3o nacional segue at\u00e9 o dia 14 em Belo Horizonte, reunindo mais de 100 expositores, 130 equipamentos e projetando R$ 1 bilh\u00e3o em neg\u00f3cios. Belo Horizonte recebeu nesta ter\u00e7a-feira (12) a abertura oficial da InfraBusiness Expo 2025, consolidando Minas Gerais como palco da primeira edi\u00e7\u00e3o nacional de um dos [&hellip;]<\/p>\n","protected":false},"author":0,"featured_media":30836,"comment_status":"open","ping_status":"open","sticky":false,"template":"","format":"standard","meta":{"rop_custom_images_group":[],"rop_custom_messages_group":[],"rop_publish_now":"initial","rop_publish_now_accounts":[],"rop_publish_now_history":[],"rop_publish_now_status":"pending","footnotes":""},"categories":[6745],"tags":[],"class_list":["post-30835","post","type-post","status-publish","format-standard","has-post-thumbnail","hentry","category-coluna-sindijori"],"_links":{"self":[{"href":"https:\/\/diariotribuna.com.br\/index.php?rest_route=\/wp\/v2\/posts\/30835"}],"collection":[{"href":"https:\/\/diariotribuna.com.br\/index.php?rest_route=\/wp\/v2\/posts"}],"about":[{"href":"https:\/\/diariotribuna.com.br\/index.php?rest_route=\/wp\/v2\/types\/post"}],"replies":[{"embeddable":true,"href":"https:\/\/diariotribuna.com.br\/index.php?rest_route=%2Fwp%2Fv2%2Fcomments&post=30835"}],"version-history":[{"count":0,"href":"https:\/\/diariotribuna.com.br\/index.php?rest_route=\/wp\/v2\/posts\/30835\/revisions"}],"wp:featuredmedia":[{"embeddable":true,"href":"https:\/\/diariotribuna.com.br\/index.php?rest_route=\/wp\/v2\/media\/30836"}],"wp:attachment":[{"href":"https:\/\/diariotribuna.com.br\/index.php?rest_route=%2Fwp%2Fv2%2Fmedia&parent=30835"}],"wp:term":[{"taxonomy":"category","embeddable":true,"href":"https:\/\/diariotribuna.com.br\/index.php?rest_route=%2Fwp%2Fv2%2Fcategories&post=30835"},{"taxonomy":"post_tag","embeddable":true,"href":"https:\/\/diariotribuna.com.br\/index.php?rest_route=%2Fwp%2Fv2%2Ftags&post=30835"}],"curies":[{"name":"wp","href":"https:\/\/api.w.org\/{rel}","templated":true}]}}