{"id":30847,"date":"2025-08-14T08:23:31","date_gmt":"2025-08-14T11:23:31","guid":{"rendered":"https:\/\/diariotribuna.com.br\/?p=30847"},"modified":"2025-08-14T08:23:31","modified_gmt":"2025-08-14T11:23:31","slug":"equipes-da-rede-etec-de-minas-gerais-sao-finalistas-na-obap","status":"publish","type":"post","link":"https:\/\/diariotribuna.com.br\/?p=30847","title":{"rendered":"Equipes da Rede e&amp;Tec de Minas Gerais s\u00e3o finalistas na OBAP\u00a0"},"content":{"rendered":"<p class=\"MsoNormal\"><span>FAEMG SENAR | Divulga\u00e7\u00e3o<\/span><\/p>\n<p><span><\/span><span><\/span><span><\/span><span><\/span><span><\/span><span><\/span><span><\/span><span><\/span><span><\/span><span><\/span><span><\/span><\/p>\n<p>Tr\u00eas equipes dos cursos t\u00e9cnicos da <strong>Rede e-Tec Senar Minas<\/strong>, dos polos de <strong>Alvin\u00f3polis<\/strong>, <strong>Conselheiro Lafaiete<\/strong> e <strong>Manhua\u00e7u<\/strong>, est\u00e3o entre os dez finalistas da 14\u00aa <strong>Olimp\u00edada Brasileira de Agropecu\u00e1ria (OBAP)<\/strong>.<\/p>\n<p>A etapa final ser\u00e1 realizada de 12 a 15 de agosto em <strong>Petrolina (PE)<\/strong>, no <strong>IFSert\u00e3oPE<\/strong>, e na <strong>Bahia<\/strong>, no <strong>IFBaiano \u2013 Campus Senhor do Bonfim<\/strong>. Eles foram recebidos pela <strong>Coordenadoria de Educa\u00e7\u00e3o Formal<\/strong> na sede do <strong>Sistema Faemg Senar<\/strong> nesta segunda-feira (11\/8), antes de seguir viagem para a etapa presencial.<\/p>\n<p><em>N\u00f3s temos uma tradi\u00e7\u00e3o de participa\u00e7\u00e3o e de medalhistas nesta olimp\u00edada, que \u00e9 nacional. Foram 14 equipes iniciantes e agora n\u00f3s temos tr\u00eas equipes na final.<\/em> \u2013 <strong>T\u00e9rcia Almeida<\/strong>, coordenadora de Educa\u00e7\u00e3o Formal do Sistema Faemg Senar<\/p>\n<p>Os estudantes passaram para a \u00faltima fase ap\u00f3s se destacarem na etapa virtual da competi\u00e7\u00e3o, que contou com a participa\u00e7\u00e3o de equipes de todo o Brasil.<\/p>\n<p><strong>Conhe\u00e7a as equipes:<\/strong><\/p>\n<p><strong>Laguna \u2013 Curso T\u00e9cnico em Zootecnia \u2013 Polo Conselheiro Lafaiete:<\/strong> Gustavo de Souza Damasceno, Laura Cristina Pereira Valois e Nathalia Camila de Souza<\/p>\n<p><strong>Avivar Agro Senar \u2013 T\u00e9cnico em Agricultura \u2013 Polo Manhua\u00e7u:<\/strong> Charrary Jose Soares, Isabella de Oliveira Mariano e Taynara de Oliveira Carvalho<\/p>\n<p><strong>Ex\u00e9rcito do Agro \u2013 T\u00e9cnico em Agroneg\u00f3cio \u2013 Polo Alvin\u00f3polis:<\/strong> Sarah Cristina Luciano Rola, Raissa Sanches Faria, Silas Soares Ferreira<\/p>\n<p><em>Participar da OBAP faz com que eles desenvolvam habilidades muito exigidas no mercado de trabalho, como comunica\u00e7\u00e3o, trabalho em equipe e rela\u00e7\u00f5es interpessoais, al\u00e9m de fazer com que eles se aprofundem em pontos espec\u00edficos do curso, na busca por mais conhecimento.<\/em> \u2013 <strong>Kelsen Nether<\/strong>, orientador dos estudantes<\/p>\n<p>Confiante, a equipe de Conselheiro Lafaiete est\u00e1 orgulhosa de chegar \u00e0 final. Para eles, est\u00e1 sendo uma experi\u00eancia desafiadora e gratificante, e est\u00e3o esperan\u00e7osos de voltarem com medalha para casa.<\/p>\n<p>Para a equipe de Alvin\u00f3polis, ao longo da OBAP, cada dia \u00e9 de aprendizado. Com a viagem para <strong>Pernambuco<\/strong> e <strong>Bahia<\/strong>, eles v\u00e3o ampliar o conhecimento e o contato com outras culturas.<\/p>\n<p><strong>Conquistas<\/strong><\/p>\n<p>Equipes dos cursos t\u00e9cnicos da <strong>Rede e-Tec Brasil Senar em Minas Gerais<\/strong> j\u00e1 foram finalistas nas \u00faltimas edi\u00e7\u00f5es da OBAP.<\/p>\n<p>Em 2021, alunos dos polos de <strong>Barbacena<\/strong> e <strong>Corinto<\/strong> foram campe\u00f5es. Em 2023, estudantes dos polos de <strong>Vi\u00e7osa<\/strong> e <strong>Alvin\u00f3polis<\/strong> conquistaram o 2\u00ba e 5\u00ba lugares, respectivamente. Em 2024, venceram em provas individuais e chegaram ao 2\u00ba e 3\u00ba lugares nas coletivas.<\/p>\n<p><strong>A OBAP<\/strong><\/p>\n<p>A <strong>Olimp\u00edada Brasileira de Agropecu\u00e1ria (OBAP)<\/strong> \u00e9 destinada a estudantes de cursos t\u00e9cnicos e promovida pelo <strong>Instituto Federal de Educa\u00e7\u00e3o, Ci\u00eancia e Tecnologia do Sul de Minas (IFSULDEMINAS)<\/strong>.<\/p>\n\n<p>A competi\u00e7\u00e3o incentiva a participa\u00e7\u00e3o de jovens em atividades de inicia\u00e7\u00e3o cient\u00edfica, promove o interc\u00e2mbio de conhecimentos e t\u00e9cnicas, e mant\u00e9m contato com inova\u00e7\u00f5es tecnol\u00f3gicas e desenvolvimento sustent\u00e1vel.<\/p>\n<p>\u00a0<\/p>","protected":false},"excerpt":{"rendered":"<p>FAEMG SENAR | Divulga\u00e7\u00e3o Tr\u00eas equipes dos cursos t\u00e9cnicos da Rede e-Tec Senar Minas, dos polos de Alvin\u00f3polis, Conselheiro Lafaiete e Manhua\u00e7u, est\u00e3o entre os dez finalistas da 14\u00aa Olimp\u00edada Brasileira de Agropecu\u00e1ria (OBAP). A etapa final ser\u00e1 realizada de 12 a 15 de agosto em Petrolina (PE), no IFSert\u00e3oPE, e na Bahia, no IFBaiano [&hellip;]<\/p>\n","protected":false},"author":0,"featured_media":30848,"comment_status":"open","ping_status":"open","sticky":false,"template":"","format":"standard","meta":{"rop_custom_images_group":[],"rop_custom_messages_group":[],"rop_publish_now":"initial","rop_publish_now_accounts":[],"rop_publish_now_history":[],"rop_publish_now_status":"pending","footnotes":""},"categories":[6745],"tags":[],"class_list":["post-30847","post","type-post","status-publish","format-standard","has-post-thumbnail","hentry","category-coluna-sindijori"],"_links":{"self":[{"href":"https:\/\/diariotribuna.com.br\/index.php?rest_route=\/wp\/v2\/posts\/30847"}],"collection":[{"href":"https:\/\/diariotribuna.com.br\/index.php?rest_route=\/wp\/v2\/posts"}],"about":[{"href":"https:\/\/diariotribuna.com.br\/index.php?rest_route=\/wp\/v2\/types\/post"}],"replies":[{"embeddable":true,"href":"https:\/\/diariotribuna.com.br\/index.php?rest_route=%2Fwp%2Fv2%2Fcomments&post=30847"}],"version-history":[{"count":0,"href":"https:\/\/diariotribuna.com.br\/index.php?rest_route=\/wp\/v2\/posts\/30847\/revisions"}],"wp:featuredmedia":[{"embeddable":true,"href":"https:\/\/diariotribuna.com.br\/index.php?rest_route=\/wp\/v2\/media\/30848"}],"wp:attachment":[{"href":"https:\/\/diariotribuna.com.br\/index.php?rest_route=%2Fwp%2Fv2%2Fmedia&parent=30847"}],"wp:term":[{"taxonomy":"category","embeddable":true,"href":"https:\/\/diariotribuna.com.br\/index.php?rest_route=%2Fwp%2Fv2%2Fcategories&post=30847"},{"taxonomy":"post_tag","embeddable":true,"href":"https:\/\/diariotribuna.com.br\/index.php?rest_route=%2Fwp%2Fv2%2Ftags&post=30847"}],"curies":[{"name":"wp","href":"https:\/\/api.w.org\/{rel}","templated":true}]}}