{"id":30851,"date":"2025-08-14T12:20:22","date_gmt":"2025-08-14T15:20:22","guid":{"rendered":"https:\/\/diariotribuna.com.br\/?p=30851"},"modified":"2025-08-14T12:20:22","modified_gmt":"2025-08-14T15:20:22","slug":"pesquisa-aponta-favoritos-para-eleicao-de-26","status":"publish","type":"post","link":"https:\/\/diariotribuna.com.br\/?p=30851","title":{"rendered":"Pesquisa aponta favoritos para elei\u00e7\u00e3o de 26\u00a0"},"content":{"rendered":"<p><em><span>Foto: Gil Leonardi\/ Imprensa MG\/Arquivo<\/span><\/em><\/p>\n<p><strong><span>COLUNA MG<\/span><\/strong><br \/><span>Principais destaques dos jornais e portais integrantes da rede Sindijori MG\u00a0<\/span><br \/><span><a href=\"http:\/\/www.sindijorimg.com.br\/\">www.sindijorimg.com.br<\/a><\/span><\/p>\n<p><span>\u00a0<\/span><br \/><strong><span>Pesquisa aponta favoritos para elei\u00e7\u00e3o de 26<\/span><\/strong><br \/><span>O deputado federal Nikolas Ferreira (PL) lidera todos os cen\u00e1rios da corrida pelo governo de Minas Gerais em 2026, segundo levantamento exclusivo do Instituto Futura Intelig\u00eancia, divulgado nesta sexta-feira, 8, pela Exame. A disputa mais apertada ocorre contra o senador Cleitinho (Republicanos), onde o deputado aparece com 37,7%, contra 31,7% do senador. J\u00e1 o atual vice-governador, Professor Mateus (Novo), enfrenta grande dificuldade de emplacar sua pr\u00e9-candidatura. Em todos os cen\u00e1rios de primeiro turno, ele n\u00e3o ultrapassa a marca de 3% das inten\u00e7\u00f5es de voto. (Em Tempo \u2013 Nanuque)<\/span><br \/><span><a href=\"https:\/\/jornalemtempo.com\/professor-mateus-sem-chances-em-minas-nikolas-lidera-corrida-pelo-governo-em-2026\">https:\/\/jornalemtempo.com\/professor-mateus-sem-chances-em-minas-nikolas-lidera-corrida-pelo-governo-em-2026<\/a><\/span><\/p>\n<p><strong><span>Itabirito ter\u00e1 Semana de Desenvolvimento<\/span><\/strong><br \/><span>A 19\u00aa edi\u00e7\u00e3o da Semana de Desenvolvimento Econ\u00f4mico (SDE) de Itabirito acontece entre os dias 26 e 29 de agosto, na \u00c1rea da Julifest. Reconhecida como uma das maiores iniciativas do tipo em Minas Gerais, a SDE re\u00fane governo, empres\u00e1rios, institui\u00e7\u00f5es e a popula\u00e7\u00e3o para debater estrat\u00e9gias de crescimento e fortalecimento da economia local. A programa\u00e7\u00e3o prev\u00ea feira de neg\u00f3cios, pain\u00e9is, oficinas, capacita\u00e7\u00f5es, atra\u00e7\u00f5es culturais e espa\u00e7o para divulga\u00e7\u00e3o de pol\u00edticas p\u00fablicas. O objetivo \u00e9 estimular o desenvolvimento econ\u00f4mico do munic\u00edpio com base em planejamento, inova\u00e7\u00e3o e coopera\u00e7\u00e3o. (O Liberal)<\/span><br \/><span><a href=\"https:\/\/oliberalinconfidentes.com.br\/itabirito\/semana-de-desenvolvimento-economico-de-itabirito-sera-realizada-de-26-a-29-de-agosto\/\">https:\/\/oliberalinconfidentes.com.br\/itabirito\/semana-de-desenvolvimento-economico-de-itabirito-sera-realizada-de-26-a-29-de-agosto\/<\/a><\/span><\/p>\n<p><strong><span>Lago recebe Festival \u00c1guas de Furnas<\/span><\/strong><br \/><span>Com n\u00famero recorde de participantes, a terceira edi\u00e7\u00e3o do Festival \u00c1guas de Furnas 2025, um dos eventos de vela mais promissores do calend\u00e1rio nacional, come\u00e7a nesta sexta, 15 e prossegue at\u00e9 domingo, no Lago de Furnas, abrangendo os munic\u00edpios de Capit\u00f3lio, S\u00e3o Jos\u00e9 da Barra e S\u00e3o Jo\u00e3o Batista do Gl\u00f3ria. A edi\u00e7\u00e3o de 2025 promete ser a maior at\u00e9 o momento, reunindo velejadores de todo o Brasil, incluindo atletas das classes ol\u00edmpicas Ilca (Laser) e Nacra17, al\u00e9m de todas as categorias de veleiros. O evento ser\u00e1 realizado pr\u00f3ximo ao Flutuante Nossa Praia e \u00e0 Pequena Capit\u00f3lio. (Observo \u2013 Passos)<\/span><br \/><span><a href=\"https:\/\/www.observo.com.br\/festival-aguas-de-furnas-comeca-nesta-sexta\">https:\/\/www.observo.com.br\/festival-aguas-de-furnas-comeca-nesta-sexta<\/a><\/span><\/p>\n<p><strong><span>Vinho mineiro tem premia\u00e7\u00e3o internacional<\/span><\/strong><br \/><span>A viticultura mineira alcan\u00e7ou um feito hist\u00f3rico no cen\u00e1rio internacional. O Isabela Syrah 2023, produzido pela Vin\u00edcola Maria Maria, de Boa Esperan\u00e7a, no Sul de Minas Gerais, conquistou medalha de ouro e a nota de 96 pontos no Decanter World Wine Awards (DWWA) 2025 \u2014 a maior j\u00e1 atribu\u00edda a um vinho brasileiro na hist\u00f3ria do concurso. O resultado, divulgado na \u00faltima semana, posiciona o r\u00f3tulo como o \u00fanico representante nacional a conquistar o ouro nesta edi\u00e7\u00e3o da mais prestigiada e rigorosa competi\u00e7\u00e3o de vinhos do mundo. (Cidade Conecta \u2013 Nova Lima)<\/span><br \/><span><a href=\"https:\/\/www.cidadeconecta.com\/noticias\/vinho-mineiro-faz-historia-e-conquista-ouro-inedito-no-maior-concurso-do-mundo\/\">https:\/\/www.cidadeconecta.com\/noticias\/vinho-mineiro-faz-historia-e-conquista-ouro-inedito-no-maior-concurso-do-mundo\/<\/a><\/span><\/p>\n<p><strong><span>Caet\u00e9 no p\u00f3dio do Mangalarga<\/span><\/strong><br \/><span>A for\u00e7a e a tradi\u00e7\u00e3o do criador caeteense ganharam visibilidade nacional na 42\u00aa Exposi\u00e7\u00e3o Nacional do Cavalo Mangalarga Marchador, realizada entre 19 de julho e 2 de agosto no Parque de Exposi\u00e7\u00f5es Bol\u00edvar de Andrade, na Gameleira, em Belo Horizonte. O evento, reconhecido como o maior da ra\u00e7a na Am\u00e9rica Latina, reuniu mais de mil animais, atraiu cerca de 200 mil visitantes e mobilizou criadores de norte a sul do Brasil. (Jornal Opini\u00e3o \u2013 Caet\u00e9)<\/span><br \/><span><a href=\"https:\/\/www.opiniaocaete.com.br\/caete-no-podio-da-42a-nacional-do-mangalarga-marchador\/\">https:\/\/www.opiniaocaete.com.br\/caete-no-podio-da-42a-nacional-do-mangalarga-marchador\/<\/a><\/span><\/p>\n<p><strong><span>Servidora vendia atestados em Varginha<\/span><\/strong><br \/><span>A Guarda Civil Municipal de Varginha, atrav\u00e9s de informa\u00e7\u00f5es obtidas pela pr\u00f3pria Administra\u00e7\u00e3o, promoveu a pris\u00e3o em flagrante delito de uma servidora p\u00fablica, lotada em uma Unidade de Sa\u00fade da Rede Municipal. Os fatos que levaram \u00e0 pris\u00e3o em flagrante da servidora originaram-se de apura\u00e7\u00e3o interna por parte da Prefeitura Municipal onde se identificou que a funcion\u00e1ria, utilizando-se do nome, inscri\u00e7\u00e3o no CRM e carimbo extraviado de uma m\u00e9dica, estaria promovendo a emiss\u00e3o de atestados falsos, e cobrando por eles, tudo mediante encomenda por pessoas diversas. (O Debate \u2013 Varginha)<\/span><br \/><span><a href=\"https:\/\/www.odebatenoticias.com.br\/post\/servidora-municipal-%C3%A9-presa-em-flagrante-em-varginha\">https:\/\/www.odebatenoticias.com.br\/post\/servidora-municipal-%C3%A9-presa-em-flagrante-em-varginha<\/a><\/span><\/p>\n<p><strong><span>Caratinga leva cinema aos bairros<\/span><\/strong><br \/><span>Caratinga e seus distritos receber\u00e3o, entre os dias 22 e 31 de agosto, o projeto Cinema na Comunidade, que promete transformar pra\u00e7as e espa\u00e7os abertos em verdadeiras salas de cinema ao ar livre. As sess\u00f5es, sempre gratuitas e abertas ao p\u00fablico, come\u00e7am \u00e0s 18h e levar\u00e3o \u00e0s comunidades o filme \u2018Hist\u00f3rias Invis\u00edveis: De Repente, uma Fam\u00edlia\u2019, uma produ\u00e7\u00e3o que aborda temas como la\u00e7os afetivos, acolhimento e recome\u00e7os, emocionando e convidando \u00e0 reflex\u00e3o. (Di\u00e1rio de Manhua\u00e7u)<\/span><br \/><span><a href=\"https:\/\/diariodemanhuacu.com.br\/2025\/regional\/cinema-na-comunidade-leva-arte-e-emocao-para-caratinga-e-distritos\/\">https:\/\/diariodemanhuacu.com.br\/2025\/regional\/cinema-na-comunidade-leva-arte-e-emocao-para-caratinga-e-distritos\/<\/a><\/span><\/p>\n<p><span><\/span><\/p>\n<p>\u00a0<\/p>","protected":false},"excerpt":{"rendered":"<p>Foto: Gil Leonardi\/ Imprensa MG\/Arquivo COLUNA MGPrincipais destaques dos jornais e portais integrantes da rede Sindijori MG\u00a0www.sindijorimg.com.br \u00a0Pesquisa aponta favoritos para elei\u00e7\u00e3o de 26O deputado federal Nikolas Ferreira (PL) lidera todos os cen\u00e1rios da corrida pelo governo de Minas Gerais em 2026, segundo levantamento exclusivo do Instituto Futura Intelig\u00eancia, divulgado nesta sexta-feira, 8, pela Exame. [&hellip;]<\/p>\n","protected":false},"author":0,"featured_media":30852,"comment_status":"open","ping_status":"open","sticky":false,"template":"","format":"standard","meta":{"rop_custom_images_group":[],"rop_custom_messages_group":[],"rop_publish_now":"initial","rop_publish_now_accounts":[],"rop_publish_now_history":[],"rop_publish_now_status":"pending","footnotes":""},"categories":[6745],"tags":[],"class_list":["post-30851","post","type-post","status-publish","format-standard","has-post-thumbnail","hentry","category-coluna-sindijori"],"_links":{"self":[{"href":"https:\/\/diariotribuna.com.br\/index.php?rest_route=\/wp\/v2\/posts\/30851"}],"collection":[{"href":"https:\/\/diariotribuna.com.br\/index.php?rest_route=\/wp\/v2\/posts"}],"about":[{"href":"https:\/\/diariotribuna.com.br\/index.php?rest_route=\/wp\/v2\/types\/post"}],"replies":[{"embeddable":true,"href":"https:\/\/diariotribuna.com.br\/index.php?rest_route=%2Fwp%2Fv2%2Fcomments&post=30851"}],"version-history":[{"count":0,"href":"https:\/\/diariotribuna.com.br\/index.php?rest_route=\/wp\/v2\/posts\/30851\/revisions"}],"wp:featuredmedia":[{"embeddable":true,"href":"https:\/\/diariotribuna.com.br\/index.php?rest_route=\/wp\/v2\/media\/30852"}],"wp:attachment":[{"href":"https:\/\/diariotribuna.com.br\/index.php?rest_route=%2Fwp%2Fv2%2Fmedia&parent=30851"}],"wp:term":[{"taxonomy":"category","embeddable":true,"href":"https:\/\/diariotribuna.com.br\/index.php?rest_route=%2Fwp%2Fv2%2Fcategories&post=30851"},{"taxonomy":"post_tag","embeddable":true,"href":"https:\/\/diariotribuna.com.br\/index.php?rest_route=%2Fwp%2Fv2%2Ftags&post=30851"}],"curies":[{"name":"wp","href":"https:\/\/api.w.org\/{rel}","templated":true}]}}