{"id":30853,"date":"2025-08-14T14:08:32","date_gmt":"2025-08-14T17:08:32","guid":{"rendered":"https:\/\/diariotribuna.com.br\/?p=30853"},"modified":"2025-08-14T14:08:32","modified_gmt":"2025-08-14T17:08:32","slug":"presidente-da-amm-luis-eduardo-falcao-lidera-agenda-de-eventos-que-fortalecem-o-municipalismo-em-minas","status":"publish","type":"post","link":"https:\/\/diariotribuna.com.br\/?p=30853","title":{"rendered":"Presidente da AMM, Lu\u00eds Eduardo Falc\u00e3o, lidera agenda de eventos que fortalecem o municipalismo em Minas\u00a0"},"content":{"rendered":"<p class=\"MsoNormal\"><span>AMM | Divulga\u00e7\u00e3o<\/span><span><\/span><\/p>\n<p><span><\/span><span><\/span><\/p>\n<p>\u00c0 frente da <strong>Associa\u00e7\u00e3o Mineira de Munic\u00edpios (AMM)<\/strong>, o presidente e prefeito de <strong>Patos de Minas<\/strong>, <strong>Lu\u00eds Eduardo Falc\u00e3o<\/strong>, conduz uma s\u00e9rie de a\u00e7\u00f5es estrat\u00e9gicas que refor\u00e7am o papel da entidade como refer\u00eancia nacional em capacita\u00e7\u00e3o e apoio t\u00e9cnico aos gestores p\u00fablicos.<\/p>\n<p>Nos pr\u00f3ximos meses, a AMM promover\u00e1 encontros e f\u00f3runs em diversas regi\u00f5es e \u00e1reas tem\u00e1ticas, com foco no fortalecimento do municipalismo e na troca de experi\u00eancias entre os munic\u00edpios.<\/p>\n<p>A novidade \u00e9 a <strong>Caravana AMM<\/strong>, que percorrer\u00e1 as dez macrorregi\u00f5es de Minas Gerais levando atendimento t\u00e9cnico, debates e constru\u00e7\u00e3o de pautas conjuntas para apresenta\u00e7\u00e3o aos governos estadual e federal. A primeira parada ser\u00e1 na regi\u00e3o <strong>Centro-Oeste<\/strong>, em <strong>Divin\u00f3polis<\/strong>, nos dias 2 e 3 de setembro, reunindo prefeitos, vereadores, secret\u00e1rios e lideran\u00e7as em dois dias de programa\u00e7\u00e3o intensa.<\/p>\n<p>Tamb\u00e9m est\u00e1 na agenda o <strong>11\u00ba F\u00f3rum Mineiro de Educa\u00e7\u00e3o<\/strong>, com debates sobre equidade, financiamento, inclus\u00e3o e os principais desafios da educa\u00e7\u00e3o p\u00fablica, al\u00e9m da <strong>Sala de Forma\u00e7\u00e3o<\/strong>, com vagas limitadas e certificado.<\/p>\n<p>Em outubro, ser\u00e1 realizado o <strong>F\u00f3rum Mineiro de Reforma Tribut\u00e1ria<\/strong>, nos dias 14 e 15, no <strong>BDMG<\/strong>, e, recentemente, a capacita\u00e7\u00e3o dos secret\u00e1rios municipais de agricultura, em 20 de agosto, teve inscri\u00e7\u00f5es esgotadas em menos de 72 horas.<\/p>\n<p>Segundo <strong>Lu\u00eds Eduardo Falc\u00e3o<\/strong>, a agenda demonstra o compromisso da AMM com o desenvolvimento municipal:<\/p>\n<p><em>A AMM tem o compromisso de estar pr\u00f3xima dos gestores, oferecendo capacita\u00e7\u00e3o, informa\u00e7\u00e3o e apoio t\u00e9cnico para que possamos transformar a realidade das cidades mineiras. Eventos como a Caravana e os f\u00f3runs tem\u00e1ticos s\u00e3o espa\u00e7os de constru\u00e7\u00e3o coletiva e de troca de experi\u00eancias, que fortalecem n\u00e3o s\u00f3 os munic\u00edpios, mas todo o Estado.<\/em><\/p>\n\n<p>Mais informa\u00e7\u00f5es e inscri\u00e7\u00f5es est\u00e3o dispon\u00edveis no site: <strong><a target=\"_new\" class=\"\" href=\"https:\/\/portalamm.com\/\" rel=\"noopener\">www.portalamm.com<\/a><\/strong><\/p>\n<p>\u00a0<\/p>","protected":false},"excerpt":{"rendered":"<p>AMM | Divulga\u00e7\u00e3o \u00c0 frente da Associa\u00e7\u00e3o Mineira de Munic\u00edpios (AMM), o presidente e prefeito de Patos de Minas, Lu\u00eds Eduardo Falc\u00e3o, conduz uma s\u00e9rie de a\u00e7\u00f5es estrat\u00e9gicas que refor\u00e7am o papel da entidade como refer\u00eancia nacional em capacita\u00e7\u00e3o e apoio t\u00e9cnico aos gestores p\u00fablicos. Nos pr\u00f3ximos meses, a AMM promover\u00e1 encontros e f\u00f3runs em [&hellip;]<\/p>\n","protected":false},"author":0,"featured_media":30854,"comment_status":"open","ping_status":"open","sticky":false,"template":"","format":"standard","meta":{"rop_custom_images_group":[],"rop_custom_messages_group":[],"rop_publish_now":"initial","rop_publish_now_accounts":[],"rop_publish_now_history":[],"rop_publish_now_status":"pending","footnotes":""},"categories":[6745],"tags":[],"class_list":["post-30853","post","type-post","status-publish","format-standard","has-post-thumbnail","hentry","category-coluna-sindijori"],"_links":{"self":[{"href":"https:\/\/diariotribuna.com.br\/index.php?rest_route=\/wp\/v2\/posts\/30853"}],"collection":[{"href":"https:\/\/diariotribuna.com.br\/index.php?rest_route=\/wp\/v2\/posts"}],"about":[{"href":"https:\/\/diariotribuna.com.br\/index.php?rest_route=\/wp\/v2\/types\/post"}],"replies":[{"embeddable":true,"href":"https:\/\/diariotribuna.com.br\/index.php?rest_route=%2Fwp%2Fv2%2Fcomments&post=30853"}],"version-history":[{"count":0,"href":"https:\/\/diariotribuna.com.br\/index.php?rest_route=\/wp\/v2\/posts\/30853\/revisions"}],"wp:featuredmedia":[{"embeddable":true,"href":"https:\/\/diariotribuna.com.br\/index.php?rest_route=\/wp\/v2\/media\/30854"}],"wp:attachment":[{"href":"https:\/\/diariotribuna.com.br\/index.php?rest_route=%2Fwp%2Fv2%2Fmedia&parent=30853"}],"wp:term":[{"taxonomy":"category","embeddable":true,"href":"https:\/\/diariotribuna.com.br\/index.php?rest_route=%2Fwp%2Fv2%2Fcategories&post=30853"},{"taxonomy":"post_tag","embeddable":true,"href":"https:\/\/diariotribuna.com.br\/index.php?rest_route=%2Fwp%2Fv2%2Ftags&post=30853"}],"curies":[{"name":"wp","href":"https:\/\/api.w.org\/{rel}","templated":true}]}}