{"id":30855,"date":"2025-08-14T21:45:37","date_gmt":"2025-08-15T00:45:37","guid":{"rendered":"https:\/\/diariotribuna.com.br\/?p=30855"},"modified":"2025-08-14T21:59:30","modified_gmt":"2025-08-15T00:59:30","slug":"continuam-foragidos-dois-detentos-da-penitenciaria-de-teofilo-otoni","status":"publish","type":"post","link":"https:\/\/diariotribuna.com.br\/?p=30855","title":{"rendered":"Continuam foragidos dois detentos da Penitenci\u00e1ria de Te\u00f3filo Otoni"},"content":{"rendered":"\n<figure class=\"wp-block-image size-large is-resized\"><img loading=\"lazy\" decoding=\"async\" width=\"1024\" height=\"522\" src=\"https:\/\/diariotribuna.com.br\/wp-content\/uploads\/2025\/08\/530410525_1195830889252074_1149403699653939197_n-1024x522.jpg\" alt=\"\" class=\"wp-image-30856\" style=\"width:521px;height:auto\" srcset=\"https:\/\/diariotribuna.com.br\/wp-content\/uploads\/2025\/08\/530410525_1195830889252074_1149403699653939197_n-1024x522.jpg 1024w, https:\/\/diariotribuna.com.br\/wp-content\/uploads\/2025\/08\/530410525_1195830889252074_1149403699653939197_n-300x153.jpg 300w, https:\/\/diariotribuna.com.br\/wp-content\/uploads\/2025\/08\/530410525_1195830889252074_1149403699653939197_n-768x392.jpg 768w, https:\/\/diariotribuna.com.br\/wp-content\/uploads\/2025\/08\/530410525_1195830889252074_1149403699653939197_n-1536x783.jpg 1536w, https:\/\/diariotribuna.com.br\/wp-content\/uploads\/2025\/08\/530410525_1195830889252074_1149403699653939197_n-696x355.jpg 696w, https:\/\/diariotribuna.com.br\/wp-content\/uploads\/2025\/08\/530410525_1195830889252074_1149403699653939197_n-1068x544.jpg 1068w, https:\/\/diariotribuna.com.br\/wp-content\/uploads\/2025\/08\/530410525_1195830889252074_1149403699653939197_n-824x420.jpg 824w, https:\/\/diariotribuna.com.br\/wp-content\/uploads\/2025\/08\/530410525_1195830889252074_1149403699653939197_n.jpg 1638w\" sizes=\"(max-width: 1024px) 100vw, 1024px\" \/><figcaption class=\"wp-element-caption\"><strong><strong>Gustavo Rodrigues Esteves, 29 anos, e Arnaldo Ferreira de Souza Neto, 26<\/strong><\/strong><\/figcaption><\/figure>\n\n\n\n<p>Dois detentos fugiram da Penitenci\u00e1ria Agr\u00edcola de Te\u00f3filo Otoni, na madrugada de segunda-feira (11\/8\/2025). Segundo a unidade prisional, eles teriam serrado as grades da cela e acessado a \u00e1rea externa, e at\u00e9 o momento n\u00e3o foram recapturados. Segundo informa\u00e7\u00f5es, um dos fugitivos \u2013 \u201cGu19\u2019 \u00e9 integrante do Comando Vermelho (CV), e foi admitido na Penitenci\u00e1ria de Te\u00f3filo Otoni, no \u00faltimo dia 24 de julho. Ele havia sido preso pela \u00faltima vez, em Ouro Branco, regi\u00e3o Central de Minas.<\/p>\n\n\n\n<p>As for\u00e7as de seguran\u00e7a p\u00fablica de Minas Gerais procuram pelos dois fugitivos, e informa\u00e7\u00f5es sobre o paradeiro deles podem ser repassadas pelo Disque Den\u00fancia Unificado 181, que preserva a identidade do denunciante. A Secretaria de Estado de Justi\u00e7a e Seguran\u00e7a P\u00fablica (Sejusp) emitiu nota confirmando as fugas e disse que procedimento foi instaurado para apurar o fato. <strong>Veja abaixo:<\/strong><\/p>\n\n\n\n<p><strong>Nota da Sejusp \u2013<\/strong> \u201cInformamos que ainda n\u00e3o foram recapturados os dois presos que fugiram da Penitenci\u00e1ria de Te\u00f3filo Otoni na madrugada de segunda-feira (11\/8). Os presos conseguiram serrar as grades da cela e atingiram a \u00e1rea externa da unidade. <strong>Gustavo Rodrigues Esteves, de 29 anos<\/strong>, havia sido admitido na unidade no dia 24\/7\/2025 e possui passagens pelo sistema prisional desde 9\/6\/2017. <strong>Arnaldo Ferreira de Souza Neto, de 26 anos<\/strong>, com admiss\u00e3o na unidade no dia 6\/2\/2025, possui passagens pelo sistema prisional desde 30\/10\/2017. A dire\u00e7\u00e3o da Penitenci\u00e1ria de Te\u00f3filo Otoni instaurou um procedimento interno para apurar as circunst\u00e2ncias do ocorrido e poss\u00edveis responsabilidades. (Sejusp).<\/p>\n","protected":false},"excerpt":{"rendered":"<p>Dois detentos fugiram da Penitenci\u00e1ria Agr\u00edcola de Te\u00f3filo Otoni, na madrugada de segunda-feira (11\/8\/2025). Segundo a unidade prisional, eles teriam serrado as grades da cela e acessado a \u00e1rea externa, e at\u00e9 o momento n\u00e3o foram recapturados. Segundo informa\u00e7\u00f5es, um dos fugitivos \u2013 \u201cGu19\u2019 \u00e9 integrante do Comando Vermelho (CV), e foi admitido na Penitenci\u00e1ria [&hellip;]<\/p>\n","protected":false},"author":1,"featured_media":30856,"comment_status":"open","ping_status":"open","sticky":false,"template":"","format":"standard","meta":{"rop_custom_images_group":[],"rop_custom_messages_group":[],"rop_publish_now":"initial","rop_publish_now_accounts":[],"rop_publish_now_history":[],"rop_publish_now_status":"pending","footnotes":""},"categories":[25,19],"tags":[7292,3536],"class_list":["post-30855","post","type-post","status-publish","format-standard","has-post-thumbnail","hentry","category-destaque","category-gerais","tag-2-fugitivos","tag-penitenciaria-de-teofilo-otoni"],"_links":{"self":[{"href":"https:\/\/diariotribuna.com.br\/index.php?rest_route=\/wp\/v2\/posts\/30855"}],"collection":[{"href":"https:\/\/diariotribuna.com.br\/index.php?rest_route=\/wp\/v2\/posts"}],"about":[{"href":"https:\/\/diariotribuna.com.br\/index.php?rest_route=\/wp\/v2\/types\/post"}],"author":[{"embeddable":true,"href":"https:\/\/diariotribuna.com.br\/index.php?rest_route=\/wp\/v2\/users\/1"}],"replies":[{"embeddable":true,"href":"https:\/\/diariotribuna.com.br\/index.php?rest_route=%2Fwp%2Fv2%2Fcomments&post=30855"}],"version-history":[{"count":2,"href":"https:\/\/diariotribuna.com.br\/index.php?rest_route=\/wp\/v2\/posts\/30855\/revisions"}],"predecessor-version":[{"id":30858,"href":"https:\/\/diariotribuna.com.br\/index.php?rest_route=\/wp\/v2\/posts\/30855\/revisions\/30858"}],"wp:featuredmedia":[{"embeddable":true,"href":"https:\/\/diariotribuna.com.br\/index.php?rest_route=\/wp\/v2\/media\/30856"}],"wp:attachment":[{"href":"https:\/\/diariotribuna.com.br\/index.php?rest_route=%2Fwp%2Fv2%2Fmedia&parent=30855"}],"wp:term":[{"taxonomy":"category","embeddable":true,"href":"https:\/\/diariotribuna.com.br\/index.php?rest_route=%2Fwp%2Fv2%2Fcategories&post=30855"},{"taxonomy":"post_tag","embeddable":true,"href":"https:\/\/diariotribuna.com.br\/index.php?rest_route=%2Fwp%2Fv2%2Ftags&post=30855"}],"curies":[{"name":"wp","href":"https:\/\/api.w.org\/{rel}","templated":true}]}}