{"id":30863,"date":"2025-08-15T09:13:35","date_gmt":"2025-08-15T12:13:35","guid":{"rendered":"https:\/\/diariotribuna.com.br\/?p=30863"},"modified":"2025-08-15T09:13:35","modified_gmt":"2025-08-15T12:13:35","slug":"seminario-debate-agricultura-irrigada-em-mg","status":"publish","type":"post","link":"https:\/\/diariotribuna.com.br\/?p=30863","title":{"rendered":"Semin\u00e1rio debate agricultura irrigada em MG\u00a0"},"content":{"rendered":"<p class=\"MsoNormal\"><span>FAEMG SENAR | Divulga\u00e7\u00e3o<\/span><\/p>\n<p><span><\/span><span><\/span><span><\/span><span><\/span><span><\/span><span><\/span><span><\/span><span><\/span><span><\/span><span><\/span><span><\/span><\/p>\n<p><strong>Em Montes Claros<\/strong>, evento reuniu mais de 700 participantes para debater inova\u00e7\u00f5es e pol\u00edticas p\u00fablicas voltadas ao uso eficiente da \u00e1gua no campo<\/p>\n<p><strong>Montes Claros<\/strong> foi palco, nesta quarta-feira (13), do <strong>2\u00ba Semin\u00e1rio Mineiro de Irriga\u00e7\u00e3o<\/strong>, um encontro estrat\u00e9gico para o futuro da agricultura irrigada sustent\u00e1vel em <strong>Minas Gerais<\/strong>. Realizado no <strong>Parque de Exposi\u00e7\u00f5es Jo\u00e3o Alencar Athayde<\/strong>, o evento reuniu mais de 700 participantes, entre produtores rurais, pesquisadores, representantes de empresas, t\u00e9cnicos, lideran\u00e7as do agro e autoridades estaduais.<\/p>\n<p>Promovido pelo <strong>Sistema Faemg Senar<\/strong> e pelo <strong>Governo de Minas Gerais<\/strong>, com correaliza\u00e7\u00e3o do <strong>Inaes<\/strong>, o semin\u00e1rio destacou a irriga\u00e7\u00e3o como tecnologia essencial para aumentar a produtividade, gerar empregos, fortalecer a seguran\u00e7a alimentar e garantir o uso racional dos recursos h\u00eddricos, especialmente no <strong>Semi\u00e1rido mineiro<\/strong>, onde apenas 15% da \u00e1rea produtiva \u00e9 irrigada.<\/p>\n<p>Durante a solenidade de abertura, o presidente do <strong>Sistema Faemg Senar<\/strong>, Ant\u00f4nio de Salvo, ressaltou que a irriga\u00e7\u00e3o \u00e9 um dos pilares para ampliar a produ\u00e7\u00e3o agropecu\u00e1ria de forma respons\u00e1vel e competitiva.<\/p>\n<p><em>\u201cN\u00e3o h\u00e1 lugar melhor que o <strong>Norte de Minas<\/strong> para discutir o uso racional da \u00e1gua, essencial para o desenvolvimento da regi\u00e3o. Aqui, a pecu\u00e1ria de leite e de corte j\u00e1 s\u00e3o realidades, e a irriga\u00e7\u00e3o \u00e9 fundamental para garantir alimento para os rebanhos e impulsionar tamb\u00e9m a fruticultura. Temos c\u00e9u e solo favor\u00e1veis; agora, precisamos avan\u00e7ar com t\u00e9cnica para melhorar a vida de todos os mineiros.\u201d<\/em><\/p>\n\n<p><em>\u201cVer o audit\u00f3rio cheio demonstra o interesse do nosso povo em aprender e transformar a agropecu\u00e1ria. <strong>Minas Gerais<\/strong> sempre foi ber\u00e7o das grandes mudan\u00e7as no Brasil.\u201d<\/em><\/p>\n<p>Em participa\u00e7\u00e3o remota, o governador <strong>Romeu Zema<\/strong> destacou que a irriga\u00e7\u00e3o moderna e inteligente, quando feita corretamente, \u00e9 um dos caminhos mais seguros para aumentar a produtividade, valorizar o produtor e gerar mais emprego e renda.<\/p>\n<p><em>\u201cSeguimos trabalhando para descomplicar processos, reduzir a burocracia e apoiar quem quer investir em tecnologia e inovar.\u201d<\/em><\/p>\n<p><strong>Desenvolvimento sustent\u00e1vel<\/strong><\/p>\n<p>A secret\u00e1ria de Estado de <strong>Meio Ambiente e Desenvolvimento Sustent\u00e1vel<\/strong>, Mar\u00edlia Melo, ressaltou o compromisso do governo com a gest\u00e3o eficiente da \u00e1gua.<\/p>\n<p><em>\u201cDesde o primeiro semin\u00e1rio, avan\u00e7amos muito, e isso s\u00f3 foi poss\u00edvel gra\u00e7as ao di\u00e1logo constante da <strong>Faemg<\/strong> conosco. A partir de uma demanda do <strong>Norte de Minas<\/strong>, trabalhamos para viabilizar barramentos para irriga\u00e7\u00e3o. Com o decreto do governador <strong>Romeu Zema<\/strong> e, depois, a aprova\u00e7\u00e3o da Assembleia, nasceu a <strong>Pol\u00edtica Estadual de Irriga\u00e7\u00e3o<\/strong>, um marco para garantir seguran\u00e7a h\u00eddrica e produtividade no campo.\u201d<\/em><\/p>\n<p>O secret\u00e1rio de Estado de <strong>Agricultura, Pecu\u00e1ria e Abastecimento<\/strong>, Thales Fernandes, lembrou que a irriga\u00e7\u00e3o \u00e9 estrat\u00e9gica para transformar o potencial produtivo de regi\u00f5es que ainda sofrem com a irregularidade das chuvas.<\/p>\n<p><em>\u201cA <strong>Seapa<\/strong> e a <strong>Faemg<\/strong> t\u00eam uma parceria forte para consolidar essa pol\u00edtica p\u00fablica, especialmente aqui no <strong>Norte de Minas<\/strong>. O decreto da <strong>Agricultura Irrigada Sustent\u00e1vel<\/strong> j\u00e1 foi publicado e agora estamos em campo para apresentar essa iniciativa aos produtores e \u00e0 sociedade, mostrando como ela vai funcionar.\u201d<\/em><\/p>\n\n<p><em>\u201cOs secret\u00e1rios de <strong>Agricultura<\/strong>, Thales Fernandes, e de <strong>Meio Ambiente<\/strong>, Mar\u00edlia Melo, destacaram a parceria consolidada com o <strong>Sistema Faemg Senar<\/strong>.\u201d<\/em><\/p>\n<p><strong>Presen\u00e7as estrat\u00e9gicas<\/strong><\/p>\n<p>Entre as autoridades, estiveram presentes o vice-presidente do <strong>Sistema Faemg Senar<\/strong> e presidente do <strong>Inaes<\/strong>, Renato Laguardia; o diretor da <strong>Ag\u00eancia Nacional de \u00c1guas e Saneamento B\u00e1sico (ANA)<\/strong>, Marco Neves; a gerente de Sustentabilidade do <strong>Sistema Faemg Senar<\/strong>, Mariana Ramos; o presidente da <strong>Sociedade Rural de Montes Claros<\/strong>, Fl\u00e1vio Gon\u00e7alves Oliveira; e a vice-presidente do <strong>Sindicato dos Produtores Rurais de Montes Claros<\/strong>, Hilda Loschi.<\/p>\n<p><em>\u201cO <strong>Norte de Minas<\/strong> tem em torno de 13 milh\u00f5es de hectares. S\u00e3o mais de 80 mil propriedades rurais em uma regi\u00e3o considerada semi\u00e1rida, o que significa que n\u00e3o temos disponibilidade h\u00eddrica suficiente para produzir alimentos o ano inteiro. A irriga\u00e7\u00e3o vem para resolver tecnicamente esse problema.\u201d<\/em><\/p>\n\n<p><strong>Lideran\u00e7as presentes no evento<\/strong><\/p>\n<p>O evento contou, ainda, com a participa\u00e7\u00e3o de nove caravanas com produtores rurais e estudantes de cursos vinculados ao setor agropecu\u00e1rio de diversos munic\u00edpios do <strong>Norte de Minas<\/strong>.<\/p>\n<p><strong>Conte\u00fado t\u00e9cnico<\/strong><\/p>\n<p>A programa\u00e7\u00e3o reuniu especialistas de refer\u00eancia no <strong>Brasil<\/strong> e no exterior. Entre os temas abordados, destacaram-se: gest\u00e3o de \u00e1guas subterr\u00e2neas com experi\u00eancias do <strong>Nebraska (EUA)<\/strong>, apresentada por Lineu Neiva (<strong>Embrapa Cerrados<\/strong>); potencial h\u00eddrico da regi\u00e3o Oeste da <strong>Bahia<\/strong>, com Everaldo Mantovani (<strong>UFV<\/strong>); gest\u00e3o integrada de \u00e1guas superficiais e subterr\u00e2neas na bacia do <strong>S\u00e3o Francisco<\/strong>, com Maria Antonieta Mour\u00e3o (<strong>SGB<\/strong>); desafios energ\u00e9ticos da irriga\u00e7\u00e3o, com Afonso Santos (<strong>Unifei<\/strong>); e irriga\u00e7\u00e3o com d\u00e9ficit, com Jo\u00e3o Batista Reis (<strong>Epamig<\/strong>).<\/p>\n\n<p><em>\u201cPrograma\u00e7\u00e3o reuniu especialistas de refer\u00eancia no <strong>Brasil<\/strong> e no exterior.\u201d<\/em><\/p>\n<p><strong>Avan\u00e7os<\/strong><\/p>\n<p>Durante o semin\u00e1rio, o diretor-geral do <strong>Igam<\/strong>, Marcelo da Fonseca, falou sobre os instrumentos de regulariza\u00e7\u00e3o do uso da \u00e1gua, como o cadastro de uso insignificante e outorga. Tamb\u00e9m anunciou a implanta\u00e7\u00e3o da outorga sazonal da bacia do <strong>Rio S\u00e3o Francisco<\/strong>, que considera a varia\u00e7\u00e3o da disponibilidade h\u00eddrica ao longo do ano e permite o uso mais flex\u00edvel da \u00e1gua em diferentes per\u00edodos.<\/p>\n<p><em>\u201cLan\u00e7amos um novo sistema que d\u00e1 mais agilidade ao processo de concess\u00e3o de outorgas. Dialogamos com o setor, avaliamos as propostas e incorporamos aquilo que \u00e9 a dor do cidad\u00e3o.\u201d<\/em><\/p>\n\n<p><strong>Parcerias<\/strong><\/p>\n<p>O <strong>2\u00ba Semin\u00e1rio Mineiro de Irriga\u00e7\u00e3o<\/strong> contou com patroc\u00ednio do <strong>Confea<\/strong>, <strong>Crea-MG<\/strong>, <strong>Valley<\/strong>, <strong>Sicoob<\/strong> e <strong>M\u00fatua<\/strong>, refor\u00e7ando a import\u00e2ncia da integra\u00e7\u00e3o entre iniciativa privada, poder p\u00fablico e entidades de classe para promover inova\u00e7\u00e3o e sustentabilidade no campo.<\/p>\n\n<p><em>\u201cEstamos apoiando esse importante evento especialmente no ano da COP-30 no <strong>Brasil<\/strong>. A irriga\u00e7\u00e3o \u00e9 a principal solu\u00e7\u00e3o para trazer o aumento da produtividade para a agricultura brasileira de forma sustent\u00e1vel.\u201d<\/em> disse o gerente comercial da <strong>Valley<\/strong>, Sandro Rodrigues.<\/p>\n<p>\u00a0<\/p>","protected":false},"excerpt":{"rendered":"<p>FAEMG SENAR | Divulga\u00e7\u00e3o Em Montes Claros, evento reuniu mais de 700 participantes para debater inova\u00e7\u00f5es e pol\u00edticas p\u00fablicas voltadas ao uso eficiente da \u00e1gua no campo Montes Claros foi palco, nesta quarta-feira (13), do 2\u00ba Semin\u00e1rio Mineiro de Irriga\u00e7\u00e3o, um encontro estrat\u00e9gico para o futuro da agricultura irrigada sustent\u00e1vel em Minas Gerais. Realizado no [&hellip;]<\/p>\n","protected":false},"author":0,"featured_media":30864,"comment_status":"open","ping_status":"open","sticky":false,"template":"","format":"standard","meta":{"rop_custom_images_group":[],"rop_custom_messages_group":[],"rop_publish_now":"initial","rop_publish_now_accounts":[],"rop_publish_now_history":[],"rop_publish_now_status":"pending","footnotes":""},"categories":[6745],"tags":[],"class_list":["post-30863","post","type-post","status-publish","format-standard","has-post-thumbnail","hentry","category-coluna-sindijori"],"_links":{"self":[{"href":"https:\/\/diariotribuna.com.br\/index.php?rest_route=\/wp\/v2\/posts\/30863"}],"collection":[{"href":"https:\/\/diariotribuna.com.br\/index.php?rest_route=\/wp\/v2\/posts"}],"about":[{"href":"https:\/\/diariotribuna.com.br\/index.php?rest_route=\/wp\/v2\/types\/post"}],"replies":[{"embeddable":true,"href":"https:\/\/diariotribuna.com.br\/index.php?rest_route=%2Fwp%2Fv2%2Fcomments&post=30863"}],"version-history":[{"count":0,"href":"https:\/\/diariotribuna.com.br\/index.php?rest_route=\/wp\/v2\/posts\/30863\/revisions"}],"wp:featuredmedia":[{"embeddable":true,"href":"https:\/\/diariotribuna.com.br\/index.php?rest_route=\/wp\/v2\/media\/30864"}],"wp:attachment":[{"href":"https:\/\/diariotribuna.com.br\/index.php?rest_route=%2Fwp%2Fv2%2Fmedia&parent=30863"}],"wp:term":[{"taxonomy":"category","embeddable":true,"href":"https:\/\/diariotribuna.com.br\/index.php?rest_route=%2Fwp%2Fv2%2Fcategories&post=30863"},{"taxonomy":"post_tag","embeddable":true,"href":"https:\/\/diariotribuna.com.br\/index.php?rest_route=%2Fwp%2Fv2%2Ftags&post=30863"}],"curies":[{"name":"wp","href":"https:\/\/api.w.org\/{rel}","templated":true}]}}