{"id":30871,"date":"2025-08-16T08:21:44","date_gmt":"2025-08-16T11:21:44","guid":{"rendered":"https:\/\/diariotribuna.com.br\/?p=30871"},"modified":"2025-08-16T08:21:44","modified_gmt":"2025-08-16T11:21:44","slug":"sucesso-de-publico-e-negocios-marca-encerramento-da-primeira-infrabusiness-expo","status":"publish","type":"post","link":"https:\/\/diariotribuna.com.br\/?p=30871","title":{"rendered":"Sucesso de p\u00fablico e neg\u00f3cios marca encerramento da primeira InfraBusiness Expo\u00a0"},"content":{"rendered":"<p><span>SISTEMA FIEMG | Divulga\u00e7\u00e3o<\/span><\/p>\n\n<p><strong>Evento consolida Minas Gerais como epicentro da infraestrutura nacional e supera a marca de R$ 1 bilh\u00e3o em neg\u00f3cios<\/strong><\/p>\n<p>A <strong>InfraBusiness Expo 2025<\/strong> chegou ao fim nesta quinta-feira (14), coroando sua edi\u00e7\u00e3o de estreia com resultados expressivos e posicionando <strong>Minas Gerais<\/strong> como epicentro da infraestrutura no <strong>Brasil<\/strong>. Durante os tr\u00eas dias de evento, a feira recebeu aproximadamente 30 mil visitantes e registrou mais de <strong>R$ 1 bilh\u00e3o<\/strong> em neg\u00f3cios fechados e encaminhados, reunindo mais de 100 expositores nacionais e internacionais que apresentaram solu\u00e7\u00f5es e tecnologias de ponta para constru\u00e7\u00e3o pesada, log\u00edstica, energia, saneamento e mobilidade urbana.<\/p>\n<p>O sucesso da feira refor\u00e7a a voca\u00e7\u00e3o mineira como epicentro dos investimentos em infraestrutura no pa\u00eds, posicionando o estado como refer\u00eancia nacional em inova\u00e7\u00e3o, sustentabilidade e oportunidades de neg\u00f3cios. Empresas l\u00edderes do setor, autoridades p\u00fablicas e investidores se encontraram no <strong>Expominas<\/strong> para trocar experi\u00eancias, estabelecer parcerias e impulsionar novos projetos que devem impactar diretamente o desenvolvimento econ\u00f4mico e social do <strong>Brasil<\/strong>.<\/p>\n<p>O encerramento da feira teve como ponto alto a palestra magna <em>\u201cIntelig\u00eancia Artificial e Infraestrutura: A combina\u00e7\u00e3o que vai transformar os pr\u00f3ximos anos no Brasil\u201d<\/em>, conduzida por <strong>Ricardo Amorim<\/strong>, economista mais influente do pa\u00eds segundo a <strong>Forbes<\/strong>, maior influenciador brasileiro no <strong>LinkedIn<\/strong> e vencedor do <strong>Pr\u00eamio iBest de Economia e Neg\u00f3cios<\/strong>.<\/p>\n<p><em>\u201cA tecnologia s\u00f3 faz o que a gente pediu e quem tem mais conhecimento, quem tem mais capacidade de comunica\u00e7\u00e3o leva vantagem. Tem uma oportunidade aqui para todo mundo, n\u00e3o s\u00f3 para os tradicionais da tecnologia, mas para todos. Portanto, se voc\u00eas t\u00eam 14 anos ou 84, usem e abusem da tecnologia e, particularmente, da intelig\u00eancia artificial.\u201d<\/em><\/p>\n<p>Para o economista, a <strong>IA<\/strong> representa uma oportunidade aberta e democr\u00e1tica, capaz de gerar impacto positivo em qualquer setor \u2014 inclusive na infraestrutura \u2014 desde que seja usada de forma estrat\u00e9gica e com prop\u00f3sito claro.<\/p>\n<p>O vice-presidente da <strong>Federa\u00e7\u00e3o das Ind\u00fastrias do Estado de Minas Gerais (FIEMG)<\/strong> e idealizador da <strong>InfraBusiness Expo<\/strong>, <strong>Emir Cadar Filho<\/strong>, celebrou o \u00eaxito da feira:<\/p>\n<p><em>\u201cEncerramos a <strong>InfraBusiness Expo<\/strong> com a certeza de que alcan\u00e7amos todos os objetivos propostos. Conseguimos posicionar <strong>Minas Gerais<\/strong> como epicentro da infraestrutura nacional e proporcionar aos expositores resultados acima das expectativas, com neg\u00f3cios e parcerias concretizados em volume expressivo. Foi um sucesso que refor\u00e7a a for\u00e7a e o potencial do nosso estado no setor.\u201d<\/em><\/p>\n<p>Com n\u00fameros expressivos e participa\u00e7\u00e3o qualificada, a <strong>InfraBusiness Expo 2025<\/strong> fecha sua primeira edi\u00e7\u00e3o deixando um legado de conex\u00f5es estrat\u00e9gicas, oportunidades concretas e uma vis\u00e3o renovada sobre o futuro da infraestrutura no <strong>Brasil<\/strong>.<\/p>\n<p>A feira \u00e9 organizada pela <strong>Cubo Eventos<\/strong>, com apoio institucional da <strong>FIEMG<\/strong> e do <strong>Sicepot-MG<\/strong>, e patroc\u00ednio da <strong>Vale<\/strong>, do <strong>Governo Federal<\/strong> pelo <strong>BNDES<\/strong>, do governo de <strong>Minas Gerais<\/strong> via <strong>CODEMGE<\/strong>, da <strong>Prefeitura de Belo Horizonte<\/strong>, por meio da <strong>Belotur<\/strong>, e do <strong>CREA-MG<\/strong>. J\u00e1 o <strong>Congresso InfraBusiness<\/strong> tem patroc\u00ednio da <strong>Fecom\u00e9rcio-MG<\/strong>, <strong>Sindimaco-MG<\/strong>, <strong>Banco Inter<\/strong>, <strong>ArcelorMittal<\/strong>, <strong>Patrus Transportes<\/strong> e <strong>Exclusive Seguros<\/strong>.<\/p>\n\n<p>\u00a0<\/p>","protected":false},"excerpt":{"rendered":"<p>SISTEMA FIEMG | Divulga\u00e7\u00e3o Evento consolida Minas Gerais como epicentro da infraestrutura nacional e supera a marca de R$ 1 bilh\u00e3o em neg\u00f3cios A InfraBusiness Expo 2025 chegou ao fim nesta quinta-feira (14), coroando sua edi\u00e7\u00e3o de estreia com resultados expressivos e posicionando Minas Gerais como epicentro da infraestrutura no Brasil. Durante os tr\u00eas dias [&hellip;]<\/p>\n","protected":false},"author":0,"featured_media":30872,"comment_status":"open","ping_status":"open","sticky":false,"template":"","format":"standard","meta":{"rop_custom_images_group":[],"rop_custom_messages_group":[],"rop_publish_now":"initial","rop_publish_now_accounts":[],"rop_publish_now_history":[],"rop_publish_now_status":"pending","footnotes":""},"categories":[6745],"tags":[],"class_list":["post-30871","post","type-post","status-publish","format-standard","has-post-thumbnail","hentry","category-coluna-sindijori"],"_links":{"self":[{"href":"https:\/\/diariotribuna.com.br\/index.php?rest_route=\/wp\/v2\/posts\/30871"}],"collection":[{"href":"https:\/\/diariotribuna.com.br\/index.php?rest_route=\/wp\/v2\/posts"}],"about":[{"href":"https:\/\/diariotribuna.com.br\/index.php?rest_route=\/wp\/v2\/types\/post"}],"replies":[{"embeddable":true,"href":"https:\/\/diariotribuna.com.br\/index.php?rest_route=%2Fwp%2Fv2%2Fcomments&post=30871"}],"version-history":[{"count":0,"href":"https:\/\/diariotribuna.com.br\/index.php?rest_route=\/wp\/v2\/posts\/30871\/revisions"}],"wp:featuredmedia":[{"embeddable":true,"href":"https:\/\/diariotribuna.com.br\/index.php?rest_route=\/wp\/v2\/media\/30872"}],"wp:attachment":[{"href":"https:\/\/diariotribuna.com.br\/index.php?rest_route=%2Fwp%2Fv2%2Fmedia&parent=30871"}],"wp:term":[{"taxonomy":"category","embeddable":true,"href":"https:\/\/diariotribuna.com.br\/index.php?rest_route=%2Fwp%2Fv2%2Fcategories&post=30871"},{"taxonomy":"post_tag","embeddable":true,"href":"https:\/\/diariotribuna.com.br\/index.php?rest_route=%2Fwp%2Fv2%2Ftags&post=30871"}],"curies":[{"name":"wp","href":"https:\/\/api.w.org\/{rel}","templated":true}]}}