{"id":30880,"date":"2025-08-17T23:28:37","date_gmt":"2025-08-18T02:28:37","guid":{"rendered":"https:\/\/diariotribuna.com.br\/?p=30880"},"modified":"2025-08-17T23:36:20","modified_gmt":"2025-08-18T02:36:20","slug":"pm-de-meio-ambiente-apreende-armas-de-fogo-e-municoes-em-itinga-um-homem-foi-preso","status":"publish","type":"post","link":"https:\/\/diariotribuna.com.br\/?p=30880","title":{"rendered":"PM de Meio Ambiente apreende armas de fogo e muni\u00e7\u00f5es em Itinga; um homem foi preso"},"content":{"rendered":"\n<figure class=\"wp-block-image size-full is-resized\"><img loading=\"lazy\" decoding=\"async\" width=\"700\" height=\"370\" src=\"https:\/\/diariotribuna.com.br\/wp-content\/uploads\/2025\/08\/Imagem-do-WhatsApp-de-2025-08-15-as-20.08.05_2a075e2c.jpg\" alt=\"\" class=\"wp-image-30881\" style=\"width:546px;height:auto\" srcset=\"https:\/\/diariotribuna.com.br\/wp-content\/uploads\/2025\/08\/Imagem-do-WhatsApp-de-2025-08-15-as-20.08.05_2a075e2c.jpg 700w, https:\/\/diariotribuna.com.br\/wp-content\/uploads\/2025\/08\/Imagem-do-WhatsApp-de-2025-08-15-as-20.08.05_2a075e2c-300x159.jpg 300w, https:\/\/diariotribuna.com.br\/wp-content\/uploads\/2025\/08\/Imagem-do-WhatsApp-de-2025-08-15-as-20.08.05_2a075e2c-696x368.jpg 696w\" sizes=\"(max-width: 700px) 100vw, 700px\" \/><\/figure>\n\n\n\n<p>A Pol\u00edcia Militar de Meio Ambiente fazia patrulhamento em Itinga, no Vale do Jequitinhonha, na sexta-feira (15\/8), e a equipe foi at\u00e9 a Fazenda Sonhador, em atendimento a uma den\u00fancia registrada no Disque Den\u00fancia Unificado (DDU), informando que um homem n\u00e3o identificado estaria portando uma espingarda dentro de sua propriedade, intimidando vizinhos, e que j\u00e1 havia efetuado disparos contra um cachorro.<\/p>\n\n\n\n<p>Os militares foram ao local para averiguar a situa\u00e7\u00e3o, onde foram recebidos por A.C.S., funcion\u00e1rio respons\u00e1vel pela fazenda, e foi explicado a ele o teor da den\u00fancia. Questionado sobre a exist\u00eancia de arma de fogo na propriedade, o funcion\u00e1rio informou que possu\u00eda uma carabina\/fuzil calibre 22, marca Pump Action 22 CBC, que pertenceria ao seu patr\u00e3o, B.S.S.F.V., que teria deixado a arma em sua resid\u00eancia antes de viajar para o Estado da Bahia.<\/p>\n\n\n\n<figure class=\"wp-block-image size-full is-resized\"><img loading=\"lazy\" decoding=\"async\" width=\"700\" height=\"410\" src=\"https:\/\/diariotribuna.com.br\/wp-content\/uploads\/2025\/08\/Imagem-do-WhatsApp-de-2025-08-15-as-20.08.05_950aff78.jpg\" alt=\"\" class=\"wp-image-30882\" style=\"width:442px;height:auto\" srcset=\"https:\/\/diariotribuna.com.br\/wp-content\/uploads\/2025\/08\/Imagem-do-WhatsApp-de-2025-08-15-as-20.08.05_950aff78.jpg 700w, https:\/\/diariotribuna.com.br\/wp-content\/uploads\/2025\/08\/Imagem-do-WhatsApp-de-2025-08-15-as-20.08.05_950aff78-300x176.jpg 300w, https:\/\/diariotribuna.com.br\/wp-content\/uploads\/2025\/08\/Imagem-do-WhatsApp-de-2025-08-15-as-20.08.05_950aff78-696x408.jpg 696w\" sizes=\"(max-width: 700px) 100vw, 700px\" \/><\/figure>\n\n\n\n<p>Questionado sobre a documenta\u00e7\u00e3o da arma, A.C.S. afirmou n\u00e3o estar de posse do respectivo registro. Indagado ainda, se haveria mais armamentos na propriedade, ele disse que na sede da fazenda tamb\u00e9m havia uma espingarda de press\u00e3o, por\u00e9m sem a nota fiscal. A.C.S. autorizou a entrada da equipe em sua resid\u00eancia e na sede para averigua\u00e7\u00e3o. Na sua resid\u00eancia, foi localizada a carabina\/fuzil calibre 22, uma bandoleira de uma ponta de cor verde. Na sede da fazenda, foi localizada uma espingarda polveira de fabrica\u00e7\u00e3o artesanal, uma espingarda de press\u00e3o e uma luneta de mira.<\/p>\n\n\n\n<p>Os militares falaram por telefone com B.S.S.F.V., e ele confirmou que tanto a carabina\/fuzil, quanto a espingarda de press\u00e3o eram dele. A espingarda polveira disse que foi deixada na fazenda por um antigo funcion\u00e1rio, que ele perdeu contato h\u00e1 muito tempo. A.C.S. foi preso por posse ilegal de arma de fogo de uso permitido. Nesta ocorr\u00eancia, tamb\u00e9m foram apreendidas 12 muni\u00e7\u00f5es calibre 22 intactas.<\/p>\n\n\n\n<p>J\u00e1 no quartel da PM de Meio Ambiente, o advogado de A.C.S. apresentou o certificado de registro da espingarda calibre 22, em nome de B.S. O conduzido foi apresentado na delegacia de Pol\u00edcia Civil para as provid\u00eancias&nbsp;cab\u00edveis \u00e0 pol\u00edcia judici\u00e1ria. (Informa\u00e7\u00f5es\/Foto: Tenente Heberth Dias, comandante da Pol\u00edcia Militar de Meio Ambiente no Vale do Jequitinhonha).<\/p>\n","protected":false},"excerpt":{"rendered":"<p>A Pol\u00edcia Militar de Meio Ambiente fazia patrulhamento em Itinga, no Vale do Jequitinhonha, na sexta-feira (15\/8), e a equipe foi at\u00e9 a Fazenda Sonhador, em atendimento a uma den\u00fancia registrada no Disque Den\u00fancia Unificado (DDU), informando que um homem n\u00e3o identificado estaria portando uma espingarda dentro de sua propriedade, intimidando vizinhos, e que j\u00e1 [&hellip;]<\/p>\n","protected":false},"author":1,"featured_media":30881,"comment_status":"open","ping_status":"open","sticky":false,"template":"","format":"standard","meta":{"rop_custom_images_group":[],"rop_custom_messages_group":[],"rop_publish_now":"initial","rop_publish_now_accounts":[],"rop_publish_now_history":[],"rop_publish_now_status":"pending","footnotes":""},"categories":[25,20],"tags":[376,377,205,6459,2484],"class_list":["post-30880","post","type-post","status-publish","format-standard","has-post-thumbnail","hentry","category-destaque","category-policia","tag-armas-de-fogo","tag-itinga","tag-municoes","tag-pm-meio-ambiente","tag-um-preso"],"_links":{"self":[{"href":"https:\/\/diariotribuna.com.br\/index.php?rest_route=\/wp\/v2\/posts\/30880"}],"collection":[{"href":"https:\/\/diariotribuna.com.br\/index.php?rest_route=\/wp\/v2\/posts"}],"about":[{"href":"https:\/\/diariotribuna.com.br\/index.php?rest_route=\/wp\/v2\/types\/post"}],"author":[{"embeddable":true,"href":"https:\/\/diariotribuna.com.br\/index.php?rest_route=\/wp\/v2\/users\/1"}],"replies":[{"embeddable":true,"href":"https:\/\/diariotribuna.com.br\/index.php?rest_route=%2Fwp%2Fv2%2Fcomments&post=30880"}],"version-history":[{"count":2,"href":"https:\/\/diariotribuna.com.br\/index.php?rest_route=\/wp\/v2\/posts\/30880\/revisions"}],"predecessor-version":[{"id":30885,"href":"https:\/\/diariotribuna.com.br\/index.php?rest_route=\/wp\/v2\/posts\/30880\/revisions\/30885"}],"wp:featuredmedia":[{"embeddable":true,"href":"https:\/\/diariotribuna.com.br\/index.php?rest_route=\/wp\/v2\/media\/30881"}],"wp:attachment":[{"href":"https:\/\/diariotribuna.com.br\/index.php?rest_route=%2Fwp%2Fv2%2Fmedia&parent=30880"}],"wp:term":[{"taxonomy":"category","embeddable":true,"href":"https:\/\/diariotribuna.com.br\/index.php?rest_route=%2Fwp%2Fv2%2Fcategories&post=30880"},{"taxonomy":"post_tag","embeddable":true,"href":"https:\/\/diariotribuna.com.br\/index.php?rest_route=%2Fwp%2Fv2%2Ftags&post=30880"}],"curies":[{"name":"wp","href":"https:\/\/api.w.org\/{rel}","templated":true}]}}