{"id":30895,"date":"2025-08-19T18:17:24","date_gmt":"2025-08-19T21:17:24","guid":{"rendered":"https:\/\/diariotribuna.com.br\/?p=30895"},"modified":"2025-08-19T18:17:24","modified_gmt":"2025-08-19T21:17:24","slug":"lei-estadual-traz-otimismo-e-cautela-para-produtores-de-cachaca-mineira","status":"publish","type":"post","link":"https:\/\/diariotribuna.com.br\/?p=30895","title":{"rendered":"Lei estadual traz otimismo e cautela para produtores de cacha\u00e7a mineira\u00a0"},"content":{"rendered":"<p class=\"MsoNormal\"><span>FAEMG SENAR | Divulga\u00e7\u00e3o<\/span><\/p>\n<p><span><\/span><span><\/span><span><\/span><span><\/span><span><\/span><span><\/span><span><\/span><span><\/span><span><\/span><span><\/span><span><\/span><span><\/span><\/p>\n<p><strong>Produtores e t\u00e9cnicos de Minas destacam impactos da nova lei e refor\u00e7am a import\u00e2ncia do apoio do Sistema Faemg Senar para agilizar registros e fortalecer o setor<\/strong><\/p>\n<p>O <strong>Sistema Faemg Senar<\/strong> acompanha com otimismo a mudan\u00e7a da lei que transferiu ao <strong>Instituto Mineiro de Agropecu\u00e1ria (IMA)<\/strong> a fiscaliza\u00e7\u00e3o da cacha\u00e7a e de produtos vegetais, sancionada em agosto pelo <strong>Governo de Minas Gerais<\/strong>, mas alerta para os desafios do setor. O presidente da <strong>Comiss\u00e3o T\u00e9cnica da Cacha\u00e7a de Alambique<\/strong>, <strong>Roger Sejas<\/strong>, v\u00ea a medida com otimismo, por\u00e9m mant\u00e9m cautela quanto \u00e0 delega\u00e7\u00e3o de compet\u00eancias.<\/p>\n<p><em>\u201cO <strong>IMA<\/strong> passa a ser o ente fiscalizat\u00f3rio do setor de bebidas no estado. Com isso, os produtores ganham agilidade nos registros e fiscaliza\u00e7\u00f5es, pois a estrutura do <strong>IMA<\/strong> \u00e9 muito maior e mais capilar que a do <strong>Mapa<\/strong>. N\u00e3o desqualificamos o servi\u00e7o do <strong>Mapa<\/strong>, mas ele n\u00e3o consegue atender \u00e0 demanda devido \u00e0 aus\u00eancia de infraestrutura de abrang\u00eancia.\u201d<\/em><\/p>\n<p>Segundo ele, a expectativa \u00e9 de que o \u00f3rg\u00e3o fiscalizador amplie sua atua\u00e7\u00e3o para al\u00e9m dos produtores j\u00e1 regularizados.<\/p>\n<p><em>\u201cO que poderia facilitar para o setor \u00e9 que o <strong>IMA<\/strong> tamb\u00e9m atue com maior assertividade contra o mercado clandestino e informal de cacha\u00e7as, que muitas vezes est\u00e1 presente at\u00e9 em estabelecimentos regulares. Tomara que as fiscaliza\u00e7\u00f5es se intensifiquem tamb\u00e9m nesse segmento.\u201d<\/em><\/p>\n<p>Um desafio apontado por Roger \u00e9 o risco de puni\u00e7\u00e3o dupla, uma vez que o setor continuar\u00e1 regulado pela legisla\u00e7\u00e3o federal (<strong>Lei 8.918<\/strong> e decretos regulamentadores) e agora tamb\u00e9m pelo <strong>IMA<\/strong>, que poder\u00e1 aplicar multas.<\/p>\n<p><strong>Di\u00e1logo e repercuss\u00e3o<\/strong><\/p>\n<p>O di\u00e1logo constante da <strong>Comiss\u00e3o T\u00e9cnica<\/strong> com entidades e produtores tem sido fundamental para os avan\u00e7os no setor. No \u00faltimo encontro da CT, realizado em 6 de agosto, o <strong>IMA<\/strong> foi convidado para esclarecer pontos da nova lei.<\/p>\n<p>Produtores e t\u00e9cnicos da regi\u00e3o <strong>Centro-Oeste de Minas<\/strong>, um dos principais polos de cacha\u00e7a do pa\u00eds, destacam que os avan\u00e7os dependem de apoio t\u00e9cnico, gest\u00e3o eficiente e uni\u00e3o de esfor\u00e7os. <strong>Neurimar Jos\u00e9 Pinto<\/strong>, respons\u00e1vel t\u00e9cnico e administrador da <strong>Coopercalc \u2014 Cooperativa dos Produtores de Cacha\u00e7a da Regi\u00e3o Calc\u00e1ria Ltda<\/strong>, que atende o munic\u00edpio de <strong>C\u00f3rrego Fundo<\/strong>, lembra que a cooperativa surgiu para apoiar na legaliza\u00e7\u00e3o dos alambiques e na organiza\u00e7\u00e3o da produ\u00e7\u00e3o.<\/p>\n<p><em>\u201cO <strong>Minist\u00e9rio da Agricultura<\/strong> n\u00e3o tinha estrutura suficiente: apenas tr\u00eas fiscais para todo o estado. Agora, com o <strong>IMA<\/strong>, acreditamos que o processo ser\u00e1 mais \u00e1gil. Mas \u00e9 preciso tamb\u00e9m fiscaliza\u00e7\u00e3o consciente, que n\u00e3o pese apenas sobre o produtor, e sim sobre comerciantes que vendem produtos clandestinos.\u201d<\/em><\/p>\n<p>A <strong>Coopercalc<\/strong> re\u00fane 25 produtores, respons\u00e1veis por cerca de 2,5 milh\u00f5es de litros em 2024, todos de perfil familiar, com \u00e1reas pequenas e produ\u00e7\u00e3o voltada exclusivamente para a cacha\u00e7a.<\/p>\n<p><em>\u201cO <strong>ATeG<\/strong> trouxe um diferencial: antes pens\u00e1vamos s\u00f3 em legaliza\u00e7\u00e3o; agora os produtores controlam custos, planejam e gerem seus neg\u00f3cios como empresas rurais.\u201d<\/em><\/p>\n<p><strong>Formaliza\u00e7\u00e3o<\/strong><\/p>\n<p>O produtor <strong>Ivam Caetano Costa<\/strong>, da <strong>Cacha\u00e7a S\u00e3o Caetano<\/strong>, come\u00e7ou praticamente do zero, em terras arrendadas. Hoje, j\u00e1 com propriedade e equipamentos adequados, v\u00ea na lei estadual uma chance de reduzir a concorr\u00eancia desleal.<\/p>\n<p><em>\u201cFoi muito dif\u00edcil regularizar, precisei vencer burocracias ambientais, do <strong>Mapa<\/strong> e da Receita Federal. Mas consegui. Acredito que agora vai facilitar para outros e diminuir o mercado clandestino.\u201d<\/em><\/p>\n<p>J\u00e1 o produtor <strong>D\u00e1rcio William da Silveira<\/strong>, carrega no sangue a tradi\u00e7\u00e3o da cacha\u00e7a herdada dos bisav\u00f4s. Com produ\u00e7\u00e3o de at\u00e9 130 mil litros ao ano, ele aponta os desafios da falta de m\u00e3o de obra e dos altos investimentos, mas celebra as conquistas alcan\u00e7adas em cooperativa.<\/p>\n<p><em>\u201cBuscamos sempre qualidade de vida e de produto. O <strong>ATeG<\/strong> tem nos apoiado muito, e isso d\u00e1 seguran\u00e7a para enfrentar os desafios.\u201d<\/em><\/p>\n<p><strong>Mudan\u00e7a na legisla\u00e7\u00e3o<\/strong><\/p>\n\n<p>A <strong>Lei n\u00ba 25.424<\/strong>, sancionada pelo <strong>Governo de Minas Gerais<\/strong> em 2 de agosto de 2025, transfere para o <strong>Instituto Mineiro de Agropecu\u00e1ria (IMA)<\/strong> a responsabilidade pela inspe\u00e7\u00e3o e fiscaliza\u00e7\u00e3o de produtos de origem vegetal destinados \u00e0 alimenta\u00e7\u00e3o humana, incluindo a cacha\u00e7a. A medida visa agilizar a regulariza\u00e7\u00e3o dos alambiques e fortalecer a fiscaliza\u00e7\u00e3o estadual.<\/p>\n<p>\u00a0<\/p>","protected":false},"excerpt":{"rendered":"<p>FAEMG SENAR | Divulga\u00e7\u00e3o Produtores e t\u00e9cnicos de Minas destacam impactos da nova lei e refor\u00e7am a import\u00e2ncia do apoio do Sistema Faemg Senar para agilizar registros e fortalecer o setor O Sistema Faemg Senar acompanha com otimismo a mudan\u00e7a da lei que transferiu ao Instituto Mineiro de Agropecu\u00e1ria (IMA) a fiscaliza\u00e7\u00e3o da cacha\u00e7a e [&hellip;]<\/p>\n","protected":false},"author":0,"featured_media":30896,"comment_status":"open","ping_status":"open","sticky":false,"template":"","format":"standard","meta":{"rop_custom_images_group":[],"rop_custom_messages_group":[],"rop_publish_now":"initial","rop_publish_now_accounts":[],"rop_publish_now_history":[],"rop_publish_now_status":"pending","footnotes":""},"categories":[6745],"tags":[],"class_list":["post-30895","post","type-post","status-publish","format-standard","has-post-thumbnail","hentry","category-coluna-sindijori"],"_links":{"self":[{"href":"https:\/\/diariotribuna.com.br\/index.php?rest_route=\/wp\/v2\/posts\/30895"}],"collection":[{"href":"https:\/\/diariotribuna.com.br\/index.php?rest_route=\/wp\/v2\/posts"}],"about":[{"href":"https:\/\/diariotribuna.com.br\/index.php?rest_route=\/wp\/v2\/types\/post"}],"replies":[{"embeddable":true,"href":"https:\/\/diariotribuna.com.br\/index.php?rest_route=%2Fwp%2Fv2%2Fcomments&post=30895"}],"version-history":[{"count":0,"href":"https:\/\/diariotribuna.com.br\/index.php?rest_route=\/wp\/v2\/posts\/30895\/revisions"}],"wp:featuredmedia":[{"embeddable":true,"href":"https:\/\/diariotribuna.com.br\/index.php?rest_route=\/wp\/v2\/media\/30896"}],"wp:attachment":[{"href":"https:\/\/diariotribuna.com.br\/index.php?rest_route=%2Fwp%2Fv2%2Fmedia&parent=30895"}],"wp:term":[{"taxonomy":"category","embeddable":true,"href":"https:\/\/diariotribuna.com.br\/index.php?rest_route=%2Fwp%2Fv2%2Fcategories&post=30895"},{"taxonomy":"post_tag","embeddable":true,"href":"https:\/\/diariotribuna.com.br\/index.php?rest_route=%2Fwp%2Fv2%2Ftags&post=30895"}],"curies":[{"name":"wp","href":"https:\/\/api.w.org\/{rel}","templated":true}]}}