{"id":30901,"date":"2025-08-20T12:24:21","date_gmt":"2025-08-20T15:24:21","guid":{"rendered":"https:\/\/diariotribuna.com.br\/?p=30901"},"modified":"2025-08-20T12:24:21","modified_gmt":"2025-08-20T15:24:21","slug":"vendas-do-varejo-voltam-a-cair","status":"publish","type":"post","link":"https:\/\/diariotribuna.com.br\/?p=30901","title":{"rendered":"Vendas do varejo voltam a cair\u00a0"},"content":{"rendered":"<p><span>Foto: F\u00e1bio Rodrigues Pozzebom \/ Ag\u00eancia Brasil<\/span><\/p>\n\n<p><strong><span>COLUNA MG<\/span><\/strong><\/p>\n<p><span>Principais destaques dos jornais e portais integrantes da rede Sindijori MG\u00a0<\/span><\/p>\n<p><span><a href=\"http:\/\/www.sindijorimg.com.br\/\">www.sindijorimg.com.br<\/a><\/span><\/p>\n<p><span><\/span><\/p>\n\n<p><strong><span>Vendas do varejo voltam a cair<\/span><\/strong><\/p>\n<p><span>Pelo segundo m\u00eas consecutivo, o varejo em Minas Gerais apresentou retra\u00e7\u00e3o, com quedas de 1,6% e 0,8% em junho e julho, respectivamente na compara\u00e7\u00e3o com os mesmos meses do ano passado. O desempenho negativo foi puxado, sobretudo, pelo segmento de bens dur\u00e1veis, como eletrodom\u00e9sticos, m\u00f3veis, autom\u00f3veis, im\u00f3veis e eletr\u00f4nicos. A categoria \u00e9 considerada uma das mais sens\u00edveis \u00e0 renda e ao cr\u00e9dito, fatores que seguem pressionados pelo n\u00edvel elevado da taxa de juros e alto endividamento das fam\u00edlias. Os dados fazem parte do \u00cdndice do Varejo Stone (IVS), divulgado na ter\u00e7a-feira, 19. (Di\u00e1rio do Com\u00e9rcio \u2013 Belo Horizonte)<\/span><\/p>\n<p><span><a href=\"https:\/\/diariodocomercio.com.br\/economia\/varejo-minas-gerais-queda-vendas-pressao-inflacao\/\">https:\/\/diariodocomercio.com.br\/economia\/varejo-minas-gerais-queda-vendas-pressao-inflacao\/<\/a><\/span><\/p>\n<p><span><\/span><\/p>\n\n<p><strong><span>Conta de energia vir\u00e1 com desconto<\/span><\/strong><\/p>\n<p><span>Cerca de 8 milh\u00f5es de clientes da Cemig ter\u00e3o um desconto na conta de energia faturada em agosto. O abatimento totaliza R$ 84 milh\u00f5es e \u00e9 resultado do saldo positivo da comercializa\u00e7\u00e3o da energia gerada pela Usina de Itaipu no mercado regulado durante 2024. O benef\u00edcio segue a regulamenta\u00e7\u00e3o do setor el\u00e9trico brasileiro, que determina que os recursos excedentes da Conta Itaipu sejam repassados aos consumidores residenciais e rurais com consumo de at\u00e9 350 kWh em pelo menos um m\u00eas do ano. O desconto m\u00e9dio ser\u00e1 de R$ 10,47 por unidade consumidora, podendo chegar a R$ 34,35. (Por Dentro de Minas)<\/span><\/p>\n<p><span><a href=\"https:\/\/pordentrodeminas.com.br\/noticias\/gerais\/2025\/08\">https:\/\/pordentrodeminas.com.br\/noticias\/gerais\/2025\/08<\/a><\/span><\/p>\n<p><span><\/span><\/p>\n\n<p><strong><span>Cultura ganha lei em Sete Lagoas<\/span><\/strong><\/p>\n<p><span>O prefeito Douglas Melo anunciou a efetiva\u00e7\u00e3o da Lei Municipal de Incentivo \u00e0 Cultura em Sete Lagoas, uma demanda antiga da classe art\u00edstica local que, ap\u00f3s uma d\u00e9cada de tentativas e ajustes, finalmente se torna realidade. Criada em 2013 e alterada em anos posteriores, a lei n\u00e3o havia conseguido viabilidade pr\u00e1tica at\u00e9 ent\u00e3o. Agora, com as modifica\u00e7\u00f5es feitas pela atual gest\u00e3o, o Fundo Municipal de Cultura ser\u00e1 executado de forma plena, permitindo que artistas da cidade possam concorrer a recursos para desenvolver seus projetos. (Di\u00e1rio de Sete Lagoas)<\/span><\/p>\n<p><span><a href=\"https:\/\/www.diariosetelagoas.com.br\/prefeitura-de-sete-lagoas-torna-realidade-a-lei-de-incentivo-a-cultura-apos-10-anos-de-espera\">https:\/\/www.diariosetelagoas.com.br\/prefeitura-de-sete-lagoas-torna-realidade-a-lei-de-incentivo-a-cultura-apos-10-anos-de-espera<\/a><\/span><\/p>\n<p><span><\/span><\/p>\n\n<p><strong><span>Curso da UFV tem premia\u00e7\u00e3o<\/span><\/strong><\/p>\n<p><span>O curso de Ci\u00eancias Econ\u00f4micas da UFV venceu o II Pr\u00eamio Economia Mineira, na categoria Destaque Econ\u00f4mico Mineiro do Ano \u2013 Academia. A premia\u00e7\u00e3o, promovida pelo Conselho Regional de Economia de Minas Gerais (Corecon-MG), foi entregue em sua sede, em Belo Horizonte, no Dia do Economista. Concorreram como finalistas, na categoria &#8220;Destaque Academia&#8221;, a UFV, a Universidade Federal de S\u00e3o Jo\u00e3o Del-rei (UFSJ) e a Pontif\u00edcia Universidade Cat\u00f3lica de Minas Gerais (PUC-MG). A indica\u00e7\u00e3o foi feita pelos conselheiros do Corecon-MG e, ap\u00f3s vota\u00e7\u00e3o aberta de economistas registrados no Conselho Regional, a UFV foi a vencedora. (Folha da Mata \u2013 Vi\u00e7osa)<\/span><\/p>\n<p><span><a href=\"https:\/\/www.folhadamata.com.br\/curso-de-ciencias-economicas-da-ufv-vence-o-ii-premio-de-economia-mineira\">https:\/\/www.folhadamata.com.br\/curso-de-ciencias-economicas-da-ufv-vence-o-ii-premio-de-economia-mineira<\/a><\/span><\/p>\n<p><span><\/span><\/p>\n\n<p><strong><span>Arcos espera 28,4 milh\u00f5es do IPVA<\/span><\/strong><\/p>\n<p><span>O valor estimado para arrecada\u00e7\u00e3o de IPVA (Imposto sobre Propriedade de Ve\u00edculos Automotores) em Arcos neste ano de 2025 \u00e9 de R$ 28.451.353,81. At\u00e9 junho foram arrecadados mais de R$ 25,5 milh\u00f5es (R$ 25.577.711,25). Em 2024 foram mais de R$ 26,6 milh\u00f5es (R$ 26.615.855,14). Os recursos s\u00e3o partilhados entre o Estado (40%), o Munic\u00edpio\u00a0 onde o ve\u00edculo \u00e9 registrado ou licenciado (40%) e o Fundeb \u2013 Fundo de Manuten\u00e7\u00e3o e Desenvolvimento da Educa\u00e7\u00e3o B\u00e1sica e de Valoriza\u00e7\u00e3o dos Profissionais da Educa\u00e7\u00e3o (20%). (Correio do Centro Oeste \u2013 Arcos)<\/span><\/p>\n<p><span><a href=\"https:\/\/www.jornalcco.com.br\/arcos-ja-arrecadou-mais-de-r-255-milhoes-de-ipva-em-2025\">https:\/\/www.jornalcco.com.br\/arcos-ja-arrecadou-mais-de-r-255-milhoes-de-ipva-em-2025<\/a><\/span><\/p>\n<p><span><\/span><\/p>\n\n<p><strong><span>Uberaba tem plano de contingenciamento<\/span><\/strong><\/p>\n<p><span>A Companhia Operacional de Desenvolvimento, Saneamento e A\u00e7\u00f5es Urbanas (Codau) anunciou, nesta ter\u00e7a-feira (19), as estrat\u00e9gias que ser\u00e3o adotadas em Uberaba para garantir o abastecimento de \u00e1gua durante a seca de 2025. O Plano de Conting\u00eancia de Abastecimento, aprovado integralmente pela Ag\u00eancia Reguladora Intermunicipal de Saneamento B\u00e1sico de Minas Gerais (Arisb-MG), define os par\u00e2metros que orientam o fechamento dos reservat\u00f3rios da cidade quando os n\u00edveis de armazenamento atingirem patamares cr\u00edticos. Segundo o presidente da Codau, Rui Ramos, o plano funciona como um mapa de a\u00e7\u00e3o para evitar o colapso no fornecimento. (Jornal da Manh\u00e3 \u2013 Uberaba)<\/span><\/p>\n<p><span><a href=\"https:\/\/jmonline.com.br\/cidade\/plano-de-contingencia-aprovado-uberaba-deve-ter-fechamento-de-reservatorios-na-seca-2025-1.535791\">https:\/\/jmonline.com.br\/cidade\/plano-de-contingencia-aprovado-uberaba-deve-ter-fechamento-de-reservatorios-na-seca-2025-1.535791<\/a><\/span><\/p>\n<p><span><\/span><\/p>\n\n<p>\u00a0<\/p>","protected":false},"excerpt":{"rendered":"<p>Foto: F\u00e1bio Rodrigues Pozzebom \/ Ag\u00eancia Brasil COLUNA MG Principais destaques dos jornais e portais integrantes da rede Sindijori MG\u00a0 www.sindijorimg.com.br Vendas do varejo voltam a cair Pelo segundo m\u00eas consecutivo, o varejo em Minas Gerais apresentou retra\u00e7\u00e3o, com quedas de 1,6% e 0,8% em junho e julho, respectivamente na compara\u00e7\u00e3o com os mesmos meses [&hellip;]<\/p>\n","protected":false},"author":0,"featured_media":30902,"comment_status":"open","ping_status":"open","sticky":false,"template":"","format":"standard","meta":{"rop_custom_images_group":[],"rop_custom_messages_group":[],"rop_publish_now":"initial","rop_publish_now_accounts":[],"rop_publish_now_history":[],"rop_publish_now_status":"pending","footnotes":""},"categories":[6745],"tags":[],"class_list":["post-30901","post","type-post","status-publish","format-standard","has-post-thumbnail","hentry","category-coluna-sindijori"],"_links":{"self":[{"href":"https:\/\/diariotribuna.com.br\/index.php?rest_route=\/wp\/v2\/posts\/30901"}],"collection":[{"href":"https:\/\/diariotribuna.com.br\/index.php?rest_route=\/wp\/v2\/posts"}],"about":[{"href":"https:\/\/diariotribuna.com.br\/index.php?rest_route=\/wp\/v2\/types\/post"}],"replies":[{"embeddable":true,"href":"https:\/\/diariotribuna.com.br\/index.php?rest_route=%2Fwp%2Fv2%2Fcomments&post=30901"}],"version-history":[{"count":0,"href":"https:\/\/diariotribuna.com.br\/index.php?rest_route=\/wp\/v2\/posts\/30901\/revisions"}],"wp:featuredmedia":[{"embeddable":true,"href":"https:\/\/diariotribuna.com.br\/index.php?rest_route=\/wp\/v2\/media\/30902"}],"wp:attachment":[{"href":"https:\/\/diariotribuna.com.br\/index.php?rest_route=%2Fwp%2Fv2%2Fmedia&parent=30901"}],"wp:term":[{"taxonomy":"category","embeddable":true,"href":"https:\/\/diariotribuna.com.br\/index.php?rest_route=%2Fwp%2Fv2%2Fcategories&post=30901"},{"taxonomy":"post_tag","embeddable":true,"href":"https:\/\/diariotribuna.com.br\/index.php?rest_route=%2Fwp%2Fv2%2Ftags&post=30901"}],"curies":[{"name":"wp","href":"https:\/\/api.w.org\/{rel}","templated":true}]}}