{"id":30910,"date":"2025-08-20T16:04:14","date_gmt":"2025-08-20T19:04:14","guid":{"rendered":"https:\/\/diariotribuna.com.br\/?p=30910"},"modified":"2025-08-20T16:04:14","modified_gmt":"2025-08-20T19:04:14","slug":"belo-horizonte-recebe-maior-congresso-da-carne-bovina-do-pais","status":"publish","type":"post","link":"https:\/\/diariotribuna.com.br\/?p=30910","title":{"rendered":"Belo Horizonte recebe maior congresso da carne bovina do pa\u00eds\u00a0"},"content":{"rendered":"<p class=\"MsoNormal\"><span>FAEMG SENAR | Divulga\u00e7\u00e3o<\/span><\/p>\n<p><span><\/span><span><\/span><span><\/span><span><\/span><span><\/span><span><\/span><span><\/span><span><\/span><span><\/span><\/p>\n<p><strong>Evento in\u00e9dito, Conacarne promove debates sobre sustentabilidade, inova\u00e7\u00e3o, qualidade e mercado da carne bovina<\/strong><\/p>\n<p>Faltando menos de um m\u00eas para sua estreia, o <strong>Congresso Nacional da Carne (Conacarne)<\/strong>, considerado o maior e mais completo evento voltado \u00e0 cadeia da carne bovina no pa\u00eds, ser\u00e1 realizado nos dias 18 e 19 de setembro, no <strong>Expominas<\/strong>, em <strong>Belo Horizonte<\/strong>.<\/p>\n<p>Organizado pelo <strong>Sistema CNA\/Senar<\/strong> e pela <strong>Federa\u00e7\u00e3o da Agricultura e Pecu\u00e1ria do Estado de Minas Gerais (Faemg)<\/strong>, com o apoio da <strong>Associa\u00e7\u00e3o Brasileira dos Criadores de Zebu (ABCZ)<\/strong>, o <strong>Conacarne<\/strong> tem como prop\u00f3sito reunir produtores, t\u00e9cnicos, ind\u00fastria, especialistas e formadores de opini\u00e3o.<\/p>\n<p>O presidente do <strong>Sistema Faemg Senar<\/strong>, <strong>Ant\u00f4nio Pitangui de Salvo<\/strong>, destacou que o evento vai promover a conex\u00e3o entre produtores, ind\u00fastria e varejo, fortalecendo a cadeia da carne bovina brasileira.<\/p>\n<p><em>\u201cO Brasil tem um dos modelos de produ\u00e7\u00e3o de carne mais sustent\u00e1veis do mundo, e \u00e9 fundamental que isso seja reconhecido. A partir do <strong>Conacarne<\/strong>, queremos acelerar a busca por solu\u00e7\u00f5es que garantam ainda mais efici\u00eancia, rastreabilidade, qualidade e competitividade \u00e0 pecu\u00e1ria nacional.\u201d<\/em><\/p>\n<p>Os interessados encontram todas as informa\u00e7\u00f5es atrav\u00e9s do site oficial do evento: <a href=\"http:\/\/www.conacarne.org.br\/\">http:\/\/www.conacarne.org.br\/<\/a>. As vagas s\u00e3o limitadas, e quem deseja se inscrever deve procurar a <strong>Federa\u00e7\u00e3o da Agricultura e Pecu\u00e1ria do Estado<\/strong> ou, em Minas Gerais, o <strong>Sindicato dos Produtores Rurais<\/strong> do munic\u00edpio. Os contatos tamb\u00e9m est\u00e3o dispon\u00edveis no site oficial do congresso.<\/p>\n<p><em>\u201cO <strong>Conacarne<\/strong> \u00e9 um evento in\u00e9dito no Brasil, uma oportunidade para discutirmos o momento atual, desafios, inova\u00e7\u00f5es, tend\u00eancias de mercado, uma troca de conhecimento sobre o tipo de carne que queremos produzir no futuro, al\u00e9m de mostrar o protagonismo da pecu\u00e1ria brasileira n\u00e3o apenas em produ\u00e7\u00e3o e exporta\u00e7\u00e3o, mas tamb\u00e9m em qualidade.\u201d<\/em> \u2013 <strong>Jo\u00e3o Martins<\/strong>, presidente da <strong>CNA<\/strong><\/p>\n<p><strong>Objetivos e tem\u00e1ticas<\/strong><\/p>\n<p>O congresso foi idealizado para debater os principais desafios e inova\u00e7\u00f5es do setor, alinhando a cadeia produtiva com as demandas do mercado interno e internacional. Entre os temas centrais est\u00e3o:<\/p>\n<p>Tend\u00eancias de consumo no Brasil e no exterior<\/p>\n<p>Qualidade e padr\u00f5es de carne para produtores<\/p>\n<p>Carne do futuro e tecnologias de produ\u00e7\u00e3o<\/p>\n<p>Expectativas sobre o mercado do boi<\/p>\n<p>Casos de sucesso na pecu\u00e1ria<\/p>\n<p>Apresenta\u00e7\u00e3o de cortes especiais<\/p>\n<p><strong>Perfis confirmados<\/strong><\/p>\n<p>Participam do evento, entre outras autoridades e especialistas:<\/p>\n<p><strong>Jo\u00e3o Martins<\/strong>, presidente da <strong>CNA (Confedera\u00e7\u00e3o da Agricultura e Pecu\u00e1ria do Brasil)<\/strong><\/p>\n<p><strong>Ant\u00f4nio Pitangui de Salvo<\/strong>, presidente da <strong>Faemg<\/strong><\/p>\n<p><strong>Governador Romeu Zema (MG)<\/strong>, convidado especial<\/p>\n<p><strong>Deputado Pedro Lupion<\/strong>, presidente da <strong>Frente Parlamentar da Agropecu\u00e1ria<\/strong><\/p>\n<p><strong>Senadora Tereza Cristina<\/strong>, vice-presidente da <strong>FPA (Frente Parlamentar da Agropecu\u00e1ria)<\/strong><\/p>\n<p>Especialistas de destaque como <strong>Alexandre Mendon\u00e7a de Barros (MB Agro)<\/strong>, <strong>\u00c1lvaro Pereira Ramela (INAC)<\/strong>, <strong>\u00c2ngelo Polizel (UFR)<\/strong>, <strong>Antonio Ricardo Sechis (Beef Passion)<\/strong>, <strong>Gustavo Bottino (Festival Churrascada)<\/strong>, <strong>Julia Carvalho<\/strong>, <strong>Marcelo \u2018Bolinha\u2019 Concei\u00e7\u00e3o<\/strong>, <strong>Maury Dorta (Embrapa)<\/strong>, entre outros.<\/p>\n<p><strong>Import\u00e2ncia regional e nacional<\/strong><\/p>\n<p><strong>Minas Gerais<\/strong>, palco do evento, destaca-se nacionalmente pela for\u00e7a da pecu\u00e1ria e sua vanguarda na gen\u00e9tica bovina, justificando sua escolha como sede. O evento visa oferecer solu\u00e7\u00f5es pr\u00e1ticas ao produtor rural e promover a conex\u00e3o direta entre ind\u00fastria, varejo e campo.<\/p>\n<p>O <strong>Conacarne 2025<\/strong> surge como uma plataforma estrat\u00e9gica para fortalecer ainda mais a cadeia produtiva da carne bovina no Brasil. Ao reunir protagonistas da pecu\u00e1ria, pesquisadores, pol\u00edticos e especialistas t\u00e9cnicos, o evento promete impulsionar a ado\u00e7\u00e3o de pr\u00e1ticas sustent\u00e1veis, tecnologias de ponta e estrat\u00e9gias inovadoras, consolidando o protagonismo nacional no setor.<\/p>\n<p>\u00a0<\/p>","protected":false},"excerpt":{"rendered":"<p>FAEMG SENAR | Divulga\u00e7\u00e3o Evento in\u00e9dito, Conacarne promove debates sobre sustentabilidade, inova\u00e7\u00e3o, qualidade e mercado da carne bovina Faltando menos de um m\u00eas para sua estreia, o Congresso Nacional da Carne (Conacarne), considerado o maior e mais completo evento voltado \u00e0 cadeia da carne bovina no pa\u00eds, ser\u00e1 realizado nos dias 18 e 19 de [&hellip;]<\/p>\n","protected":false},"author":0,"featured_media":30911,"comment_status":"open","ping_status":"open","sticky":false,"template":"","format":"standard","meta":{"rop_custom_images_group":[],"rop_custom_messages_group":[],"rop_publish_now":"initial","rop_publish_now_accounts":[],"rop_publish_now_history":[],"rop_publish_now_status":"pending","footnotes":""},"categories":[6745],"tags":[],"class_list":["post-30910","post","type-post","status-publish","format-standard","has-post-thumbnail","hentry","category-coluna-sindijori"],"_links":{"self":[{"href":"https:\/\/diariotribuna.com.br\/index.php?rest_route=\/wp\/v2\/posts\/30910"}],"collection":[{"href":"https:\/\/diariotribuna.com.br\/index.php?rest_route=\/wp\/v2\/posts"}],"about":[{"href":"https:\/\/diariotribuna.com.br\/index.php?rest_route=\/wp\/v2\/types\/post"}],"replies":[{"embeddable":true,"href":"https:\/\/diariotribuna.com.br\/index.php?rest_route=%2Fwp%2Fv2%2Fcomments&post=30910"}],"version-history":[{"count":0,"href":"https:\/\/diariotribuna.com.br\/index.php?rest_route=\/wp\/v2\/posts\/30910\/revisions"}],"wp:featuredmedia":[{"embeddable":true,"href":"https:\/\/diariotribuna.com.br\/index.php?rest_route=\/wp\/v2\/media\/30911"}],"wp:attachment":[{"href":"https:\/\/diariotribuna.com.br\/index.php?rest_route=%2Fwp%2Fv2%2Fmedia&parent=30910"}],"wp:term":[{"taxonomy":"category","embeddable":true,"href":"https:\/\/diariotribuna.com.br\/index.php?rest_route=%2Fwp%2Fv2%2Fcategories&post=30910"},{"taxonomy":"post_tag","embeddable":true,"href":"https:\/\/diariotribuna.com.br\/index.php?rest_route=%2Fwp%2Fv2%2Ftags&post=30910"}],"curies":[{"name":"wp","href":"https:\/\/api.w.org\/{rel}","templated":true}]}}