{"id":30919,"date":"2025-08-22T10:54:31","date_gmt":"2025-08-22T13:54:31","guid":{"rendered":"https:\/\/diariotribuna.com.br\/?p=30919"},"modified":"2025-08-22T10:54:31","modified_gmt":"2025-08-22T13:54:31","slug":"sigma-lithium-celebra-sucesso-do-dona-de-mim-com-lancamento-de-frente-rural-e-jornada-de-capacitacao","status":"publish","type":"post","link":"https:\/\/diariotribuna.com.br\/?p=30919","title":{"rendered":"Sigma Lithium celebra sucesso do Dona de Mim com lan\u00e7amento de frente rural e jornada de capacita\u00e7\u00e3o\u00a0"},"content":{"rendered":"<p><strong><\/strong><\/p>\n<p class=\"MsoNormal\"><span>Sigma Lithium | Divulga\u00e7\u00e3o<\/span><\/p>\n<p><span><\/span><span><\/span><span><\/span><span><\/span><span><\/span><span><\/span><span><\/span><span><\/span><span><\/span><\/p>\n<p><strong>Encontro marcou nova fase do programa com foco em agricultura familiar e fortalecimento da comercializa\u00e7\u00e3o dos produtos das mulheres da regi\u00e3o<\/strong><\/p>\n<p><strong>Vale do Jequitinhonha (MG), 21 de agosto de 2025<\/strong> \u2013 A <a href=\"https:\/\/sigmalithiumcorp.com\/\"><strong>Sigma Lithium<\/strong><\/a>, em parceria com o <strong>Grupo Mulheres do Brasil<\/strong>, reuniu mais de 200 mulheres na \u00faltima quarta-feira (20\/08) em um evento que celebrou os resultados transformadores do programa <strong>Dona de Mim<\/strong>, que j\u00e1 beneficiou mais de 2 mil empreendedoras nos munic\u00edpios de <strong>Itinga<\/strong> e <strong>Ara\u00e7ua\u00ed<\/strong>. O encontro foi marcado pela troca de experi\u00eancias e pelo an\u00fancio da nova fase da iniciativa: o <strong>Dona de Mim Rural<\/strong>.<\/p>\n<p>A nova frente promove uma integra\u00e7\u00e3o com o programa <strong>Seca Zero<\/strong>, voltado \u00e0 constru\u00e7\u00e3o de sistemas de capta\u00e7\u00e3o de \u00e1gua da chuva e po\u00e7os artesianos. As mulheres de fam\u00edlias j\u00e1 beneficiadas por esse programa poder\u00e3o contar agora com capacita\u00e7\u00e3o e acesso a microcr\u00e9dito do <strong>Dona de Mim<\/strong> para desenvolver atividades empreendedoras ligadas \u00e0 piscicultura, floricultura, entre outras.<\/p>\n<p>Al\u00e9m do lan\u00e7amento da nova fase, a programa\u00e7\u00e3o do evento foi desenhada para inspirar e fortalecer os neg\u00f3cios locais, trazendo debates cruciais para o desenvolvimento das empreendedoras. Tamb\u00e9m foram discutidas novas frentes de forma\u00e7\u00e3o com foco em t\u00e9cnicas de venda e disciplina financeira, al\u00e9m de uma parceria com o <strong>Sebrae<\/strong>.<\/p>\n<p><strong>Trocas e oportunidades<\/strong><\/p>\n<p>Um dos pain\u00e9is abordou o escoamento da produ\u00e7\u00e3o a partir da participa\u00e7\u00e3o em feiras locais e grandes eventos, fortalecendo a comercializa\u00e7\u00e3o dos produtos e ampliando o acesso a novos mercados. Al\u00e9m de representarem oportunidades concretas de neg\u00f3cios, as feiras movimentam a economia local e refor\u00e7am a valoriza\u00e7\u00e3o das tradi\u00e7\u00f5es e do trabalho das empreendedoras da regi\u00e3o.<\/p>\n<p>As trajet\u00f3rias de supera\u00e7\u00e3o que marcam o projeto ganharam vida na roda de conversa <strong>&#8220;Hist\u00f3rias de Transforma\u00e7\u00e3o e Lideran\u00e7a&#8221;<\/strong>, moderada por <strong>Ana Cabral<\/strong>, CEO da <strong>Sigma Lithium<\/strong>, na qual foram compartilhadas experi\u00eancias de novas embaixadoras do programa.<\/p>\n<p><em>\u201cEssa celebra\u00e7\u00e3o reflete a for\u00e7a e a resili\u00eancia da mulher do Vale do Jequitinhonha. Lan\u00e7ar o <strong>Dona de Mim Rural<\/strong> \u00e9 um passo natural para um programa que j\u00e1 transformou a vida de mais de 2 mil fam\u00edlias. Estamos refor\u00e7ando nosso compromisso ao criar novas frentes de gera\u00e7\u00e3o de renda, como o apoio \u00e0 produ\u00e7\u00e3o agr\u00edcola e a entrega de estruturas para que elas possam vender seus produtos. \u00c9 o empreendedorismo feminino gerando desenvolvimento real para toda a regi\u00e3o.\u201d<\/em> \u2013 <strong>Ana Cabral<\/strong>, CEO da <strong>Sigma Lithium<\/strong><\/p>\n\n<p>O <strong>Dona de Mim<\/strong> conta com plant\u00f5es de orienta\u00e7\u00e3o em duas <strong>Casas Dona de Mim<\/strong>, localizadas em <strong>Itinga<\/strong> e <strong>Ara\u00e7ua\u00ed<\/strong>, oferecendo orienta\u00e7\u00e3o financeira, microcr\u00e9dito com juros simb\u00f3licos, capacita\u00e7\u00e3o e mentoria para o desenvolvimento de neg\u00f3cios. A meta \u00e9 promover a inclus\u00e3o de at\u00e9 10 mil participantes, alcan\u00e7ando direta e indiretamente at\u00e9 50 mil pessoas, fomentando o desenvolvimento e a prosperidade do <strong>Vale do Jequitinhonha<\/strong>.<\/p>\n<p>\u00a0<\/p>","protected":false},"excerpt":{"rendered":"<p>Sigma Lithium | Divulga\u00e7\u00e3o Encontro marcou nova fase do programa com foco em agricultura familiar e fortalecimento da comercializa\u00e7\u00e3o dos produtos das mulheres da regi\u00e3o Vale do Jequitinhonha (MG), 21 de agosto de 2025 \u2013 A Sigma Lithium, em parceria com o Grupo Mulheres do Brasil, reuniu mais de 200 mulheres na \u00faltima quarta-feira (20\/08) [&hellip;]<\/p>\n","protected":false},"author":0,"featured_media":30920,"comment_status":"open","ping_status":"open","sticky":false,"template":"","format":"standard","meta":{"rop_custom_images_group":[],"rop_custom_messages_group":[],"rop_publish_now":"initial","rop_publish_now_accounts":[],"rop_publish_now_history":[],"rop_publish_now_status":"pending","footnotes":""},"categories":[6745],"tags":[],"class_list":["post-30919","post","type-post","status-publish","format-standard","has-post-thumbnail","hentry","category-coluna-sindijori"],"_links":{"self":[{"href":"https:\/\/diariotribuna.com.br\/index.php?rest_route=\/wp\/v2\/posts\/30919"}],"collection":[{"href":"https:\/\/diariotribuna.com.br\/index.php?rest_route=\/wp\/v2\/posts"}],"about":[{"href":"https:\/\/diariotribuna.com.br\/index.php?rest_route=\/wp\/v2\/types\/post"}],"replies":[{"embeddable":true,"href":"https:\/\/diariotribuna.com.br\/index.php?rest_route=%2Fwp%2Fv2%2Fcomments&post=30919"}],"version-history":[{"count":0,"href":"https:\/\/diariotribuna.com.br\/index.php?rest_route=\/wp\/v2\/posts\/30919\/revisions"}],"wp:featuredmedia":[{"embeddable":true,"href":"https:\/\/diariotribuna.com.br\/index.php?rest_route=\/wp\/v2\/media\/30920"}],"wp:attachment":[{"href":"https:\/\/diariotribuna.com.br\/index.php?rest_route=%2Fwp%2Fv2%2Fmedia&parent=30919"}],"wp:term":[{"taxonomy":"category","embeddable":true,"href":"https:\/\/diariotribuna.com.br\/index.php?rest_route=%2Fwp%2Fv2%2Fcategories&post=30919"},{"taxonomy":"post_tag","embeddable":true,"href":"https:\/\/diariotribuna.com.br\/index.php?rest_route=%2Fwp%2Fv2%2Ftags&post=30919"}],"curies":[{"name":"wp","href":"https:\/\/api.w.org\/{rel}","templated":true}]}}