{"id":30929,"date":"2025-08-23T17:50:00","date_gmt":"2025-08-23T20:50:00","guid":{"rendered":"https:\/\/diariotribuna.com.br\/?p=30929"},"modified":"2025-08-23T17:50:00","modified_gmt":"2025-08-23T20:50:00","slug":"ana-cabral-ceo-da-sigma-lithium-recebe-titulo-de-cidada-honoraria-em-reconhecimento-a-transformacao-social-e-ambiental-no-vale-do-jequitinhonha","status":"publish","type":"post","link":"https:\/\/diariotribuna.com.br\/?p=30929","title":{"rendered":"Ana Cabral, CEO da Sigma Lithium, recebe T\u00edtulo de Cidad\u00e3 Honor\u00e1ria em reconhecimento \u00e0 transforma\u00e7\u00e3o social e ambiental no Vale do Jequitinhonha\u00a0"},"content":{"rendered":"<p class=\"MsoNormal\"><span>Sigma Lithium | Divulga\u00e7\u00e3o<\/span><\/p>\n<p><span><\/span><span><\/span><span><\/span><span><\/span><span><\/span><span><\/span><span><\/span><span><\/span><span><\/span><\/p>\n<p><strong>Projetos como o &#8220;Dona de Mim&#8221; e \u201cSeca Zero\u201d foram decisivos para a honraria concedida pela Assembleia Legislativa de Minas Gerais<\/strong><\/p>\n<p><strong>Belo Horizonte, 22 de agosto de 2025<\/strong> \u2013 A empres\u00e1ria <strong>Ana Cabral<\/strong>, CEO e fundadora da <a href=\"https:\/\/sigmalithiumcorp.com\/\"><strong>Sigma Lithium<\/strong><\/a>, maior empresa brasileira dedicada \u00e0 produ\u00e7\u00e3o de <strong>L\u00edtio Verde<\/strong>, foi homenageada nesta quinta-feira (21) pela <strong>Assembleia Legislativa de Minas Gerais (ALMG)<\/strong> com o <strong>T\u00edtulo de Cidad\u00e3 Honor\u00e1ria do Estado<\/strong>. A honraria celebra n\u00e3o apenas a lideran\u00e7a da executiva, mas tamb\u00e9m o modelo de neg\u00f3cio pioneiro que a empresa implementou no <strong>Vale do Jequitinhonha<\/strong>, baseado em inova\u00e7\u00e3o ambiental e desenvolvimento social profundo.<\/p>\n<p>A concess\u00e3o do t\u00edtulo foi fundamentada no legado tang\u00edvel que a <strong>Sigma Lithium<\/strong> est\u00e1 construindo em <strong>Ara\u00e7ua\u00ed<\/strong> e <strong>Itinga<\/strong>. A empresa estabeleceu um novo paradigma para a minera\u00e7\u00e3o mundial ao desenvolver a primeira planta de <strong>L\u00edtio Verde<\/strong> do planeta, que opera com <strong>zero barragens de rejeitos, zero uso de qu\u00edmicos nocivos, zero uso de \u00e1gua pot\u00e1vel, zero uso de energia \u201csuja\u201d e zero carbono<\/strong> \u2013 inova\u00e7\u00e3o que endere\u00e7a diretamente as maiores preocupa\u00e7\u00f5es ambientais do setor.<\/p>\n<p>Al\u00e9m da vanguarda tecnol\u00f3gica, o impacto humano foi um pilar central para o reconhecimento de <strong>Ana Cabral<\/strong>. Por meio de iniciativas como o programa <strong>Dona de Mim<\/strong>, a <strong>Sigma Lithium<\/strong> j\u00e1 capacitou mais de 2 mil mulheres da regi\u00e3o em \u00e1reas como empreendedorismo e habilidades para o mercado de trabalho, fomentando a independ\u00eancia financeira e a equidade de g\u00eanero.<\/p>\n<p>Somado a isso, os projetos <strong>Seca Zero<\/strong>, voltado \u00e0 constru\u00e7\u00e3o de sistemas de capta\u00e7\u00e3o de \u00e1gua da chuva e po\u00e7os artesianos, e <strong>\u00c1gua Para Todos<\/strong>, de distribui\u00e7\u00e3o de caixas d\u2019\u00e1gua para as comunidades do entorno, levam seguran\u00e7a h\u00eddrica a dezenas de fam\u00edlias, mitigando os efeitos hist\u00f3ricos da seca no <strong>Vale do Jequitinhonha<\/strong>.<\/p>\n<p><em>\u201cEsta homenagem pertence \u00e0 resili\u00eancia e \u00e0 for\u00e7a do povo do Vale do Jequitinhonha. Ela \u00e9 o reconhecimento de que \u00e9 poss\u00edvel unir desenvolvimento econ\u00f4mico com justi\u00e7a social e respeito absoluto ao meio ambiente. Programas como o &#8216;Dona de Mim&#8217; e o &#8216;Seca Zero&#8217; est\u00e3o no centro da nossa licen\u00e7a para operar. O L\u00edtio Verde que produzimos carrega em si o DNA do progresso social e da sustentabilidade de Minas Gerais. \u00c9 um orgulho imenso estar aqui representando os nossos milhares de profissionais que ajudam a tornar nosso prop\u00f3sito realidade na regi\u00e3o.\u201d<\/em> \u2013 <strong>Ana Cabral<\/strong>, CEO da <strong>Sigma Lithium<\/strong><\/p>\n\n<p>Com a gera\u00e7\u00e3o de mais de 1.500 empregos diretos e a prioriza\u00e7\u00e3o de fornecedores e m\u00e3o de obra locais, a <strong>Sigma Lithium<\/strong> est\u00e1 criando um ecossistema de inova\u00e7\u00e3o que posiciona <strong>Minas Gerais<\/strong> como l\u00edder na transi\u00e7\u00e3o energ\u00e9tica global, no centro da cadeia produtiva de baterias e ve\u00edculos el\u00e9tricos, provando que o desenvolvimento econ\u00f4mico pode, e deve, ser um vetor para a redu\u00e7\u00e3o de desigualdades hist\u00f3ricas.<\/p>\n<p>\u00a0<\/p>","protected":false},"excerpt":{"rendered":"<p>Sigma Lithium | Divulga\u00e7\u00e3o Projetos como o &#8220;Dona de Mim&#8221; e \u201cSeca Zero\u201d foram decisivos para a honraria concedida pela Assembleia Legislativa de Minas Gerais Belo Horizonte, 22 de agosto de 2025 \u2013 A empres\u00e1ria Ana Cabral, CEO e fundadora da Sigma Lithium, maior empresa brasileira dedicada \u00e0 produ\u00e7\u00e3o de L\u00edtio Verde, foi homenageada nesta [&hellip;]<\/p>\n","protected":false},"author":0,"featured_media":30930,"comment_status":"open","ping_status":"open","sticky":false,"template":"","format":"standard","meta":{"rop_custom_images_group":[],"rop_custom_messages_group":[],"rop_publish_now":"initial","rop_publish_now_accounts":[],"rop_publish_now_history":[],"rop_publish_now_status":"pending","footnotes":""},"categories":[6745],"tags":[],"class_list":["post-30929","post","type-post","status-publish","format-standard","has-post-thumbnail","hentry","category-coluna-sindijori"],"_links":{"self":[{"href":"https:\/\/diariotribuna.com.br\/index.php?rest_route=\/wp\/v2\/posts\/30929"}],"collection":[{"href":"https:\/\/diariotribuna.com.br\/index.php?rest_route=\/wp\/v2\/posts"}],"about":[{"href":"https:\/\/diariotribuna.com.br\/index.php?rest_route=\/wp\/v2\/types\/post"}],"replies":[{"embeddable":true,"href":"https:\/\/diariotribuna.com.br\/index.php?rest_route=%2Fwp%2Fv2%2Fcomments&post=30929"}],"version-history":[{"count":0,"href":"https:\/\/diariotribuna.com.br\/index.php?rest_route=\/wp\/v2\/posts\/30929\/revisions"}],"wp:featuredmedia":[{"embeddable":true,"href":"https:\/\/diariotribuna.com.br\/index.php?rest_route=\/wp\/v2\/media\/30930"}],"wp:attachment":[{"href":"https:\/\/diariotribuna.com.br\/index.php?rest_route=%2Fwp%2Fv2%2Fmedia&parent=30929"}],"wp:term":[{"taxonomy":"category","embeddable":true,"href":"https:\/\/diariotribuna.com.br\/index.php?rest_route=%2Fwp%2Fv2%2Fcategories&post=30929"},{"taxonomy":"post_tag","embeddable":true,"href":"https:\/\/diariotribuna.com.br\/index.php?rest_route=%2Fwp%2Fv2%2Ftags&post=30929"}],"curies":[{"name":"wp","href":"https:\/\/api.w.org\/{rel}","templated":true}]}}