{"id":30934,"date":"2025-08-24T18:49:47","date_gmt":"2025-08-24T21:49:47","guid":{"rendered":"https:\/\/diariotribuna.com.br\/?p=30934"},"modified":"2025-08-24T18:49:48","modified_gmt":"2025-08-24T21:49:48","slug":"capacita-teo-anuncia-curso-de-assistente-administrativo-gratuito","status":"publish","type":"post","link":"https:\/\/diariotribuna.com.br\/?p=30934","title":{"rendered":"Capacita Te\u00f3 anuncia curso de Assistente Administrativo gratuito"},"content":{"rendered":"\n<figure class=\"wp-block-image size-full is-resized\"><img loading=\"lazy\" decoding=\"async\" width=\"650\" height=\"748\" src=\"https:\/\/diariotribuna.com.br\/wp-content\/uploads\/2025\/08\/535574724_1118438350400982_7621282220596146_n.jpg\" alt=\"\" class=\"wp-image-30935\" style=\"width:359px;height:auto\" srcset=\"https:\/\/diariotribuna.com.br\/wp-content\/uploads\/2025\/08\/535574724_1118438350400982_7621282220596146_n.jpg 650w, https:\/\/diariotribuna.com.br\/wp-content\/uploads\/2025\/08\/535574724_1118438350400982_7621282220596146_n-261x300.jpg 261w, https:\/\/diariotribuna.com.br\/wp-content\/uploads\/2025\/08\/535574724_1118438350400982_7621282220596146_n-365x420.jpg 365w\" sizes=\"(max-width: 650px) 100vw, 650px\" \/><\/figure>\n\n\n\n<div style=\"height:5px\" aria-hidden=\"true\" class=\"wp-block-spacer\"><\/div>\n\n\n\n<h2 class=\"wp-block-heading\"><strong>Capacita\u00e7\u00e3o gratuita? \u00c9 isso mesmo. <\/strong><\/h2>\n\n\n\n<p>Transforme seu futuro com o curso de Assistente Administrativo. Voc\u00ea desenvolve habilidades que fazem a diferen\u00e7a: vis\u00e3o sist\u00eamica, trabalho em equipe, resolu\u00e7\u00e3o de problemas e muito mais.<\/p>\n\n\n\n<p>O profissional formado est\u00e1 preparado para atuar em \u00e1reas essenciais de uma organiza\u00e7\u00e3o: gest\u00e3o de pessoas, log\u00edstica, marketing, finan\u00e7as, comercial e at\u00e9 no setor jur\u00eddico, sempre pronto para atender clientes internos e externos com excel\u00eancia.<\/p>\n\n\n\n<p>O programa Capacita Te\u00f3 est\u00e1 trazendo um curso de Assistente Administrativo com duas turmas nesse segundo semestre. Turma 1: de 1\u00ba de setembro a 13 de novembro, das 19h \u00e0s 22h. Turma 2: de 2 de setembro a 28 de outubro, das 13h \u00e0s 17h. Carga hor\u00e1ria: 160 horas<\/p>\n\n\n\n<p>Inscreva-se agora mesmo pelo WhatsApp (33) 98453-3940. Seja protagonista da sua carreira e conquiste novas oportunidades. Uma iniciativa do Sindcom\u00e9rcio, Fecom\u00e9rcioMG\/Senac, APAE e Prefeitura Municipal de Te\u00f3filo Otoni. (Informa\u00e7\u00f5es: assessoria de comunica\u00e7\u00e3o do Sindcom\u00e9rcio de Te\u00f3filo Otoni).<\/p>\n","protected":false},"excerpt":{"rendered":"<p>Capacita\u00e7\u00e3o gratuita? \u00c9 isso mesmo. Transforme seu futuro com o curso de Assistente Administrativo. Voc\u00ea desenvolve habilidades que fazem a diferen\u00e7a: vis\u00e3o sist\u00eamica, trabalho em equipe, resolu\u00e7\u00e3o de problemas e muito mais. O profissional formado est\u00e1 preparado para atuar em \u00e1reas essenciais de uma organiza\u00e7\u00e3o: gest\u00e3o de pessoas, log\u00edstica, marketing, finan\u00e7as, comercial e at\u00e9 no [&hellip;]<\/p>\n","protected":false},"author":1,"featured_media":30935,"comment_status":"open","ping_status":"open","sticky":false,"template":"","format":"standard","meta":{"rop_custom_images_group":[],"rop_custom_messages_group":[],"rop_publish_now":"initial","rop_publish_now_accounts":[],"rop_publish_now_history":[],"rop_publish_now_status":"pending","footnotes":""},"categories":[25,19],"tags":[7308,7309,7310,221,75],"class_list":["post-30934","post","type-post","status-publish","format-standard","has-post-thumbnail","hentry","category-destaque","category-gerais","tag-capacita-teo","tag-capacita-teo-anuncia-curso-de-assistente-administrativo-gratuito","tag-curso-gratuito","tag-sindcomercio","tag-teofilo-otoni"],"_links":{"self":[{"href":"https:\/\/diariotribuna.com.br\/index.php?rest_route=\/wp\/v2\/posts\/30934"}],"collection":[{"href":"https:\/\/diariotribuna.com.br\/index.php?rest_route=\/wp\/v2\/posts"}],"about":[{"href":"https:\/\/diariotribuna.com.br\/index.php?rest_route=\/wp\/v2\/types\/post"}],"author":[{"embeddable":true,"href":"https:\/\/diariotribuna.com.br\/index.php?rest_route=\/wp\/v2\/users\/1"}],"replies":[{"embeddable":true,"href":"https:\/\/diariotribuna.com.br\/index.php?rest_route=%2Fwp%2Fv2%2Fcomments&post=30934"}],"version-history":[{"count":1,"href":"https:\/\/diariotribuna.com.br\/index.php?rest_route=\/wp\/v2\/posts\/30934\/revisions"}],"predecessor-version":[{"id":30936,"href":"https:\/\/diariotribuna.com.br\/index.php?rest_route=\/wp\/v2\/posts\/30934\/revisions\/30936"}],"wp:featuredmedia":[{"embeddable":true,"href":"https:\/\/diariotribuna.com.br\/index.php?rest_route=\/wp\/v2\/media\/30935"}],"wp:attachment":[{"href":"https:\/\/diariotribuna.com.br\/index.php?rest_route=%2Fwp%2Fv2%2Fmedia&parent=30934"}],"wp:term":[{"taxonomy":"category","embeddable":true,"href":"https:\/\/diariotribuna.com.br\/index.php?rest_route=%2Fwp%2Fv2%2Fcategories&post=30934"},{"taxonomy":"post_tag","embeddable":true,"href":"https:\/\/diariotribuna.com.br\/index.php?rest_route=%2Fwp%2Fv2%2Ftags&post=30934"}],"curies":[{"name":"wp","href":"https:\/\/api.w.org\/{rel}","templated":true}]}}