{"id":30960,"date":"2025-08-25T07:59:33","date_gmt":"2025-08-25T10:59:33","guid":{"rendered":"https:\/\/diariotribuna.com.br\/?p=30960"},"modified":"2025-08-25T07:59:33","modified_gmt":"2025-08-25T10:59:33","slug":"concurso-de-desenho-e-redacao-incentiva-desenvolvimento-cognitivo-de-estudantes-inscricoes-ate-1o-de-setembro","status":"publish","type":"post","link":"https:\/\/diariotribuna.com.br\/?p=30960","title":{"rendered":"Concurso de Desenho e Reda\u00e7\u00e3o incentiva desenvolvimento cognitivo de estudantes; inscri\u00e7\u00f5es at\u00e9 1\u00ba de setembro\u00a0"},"content":{"rendered":"<p class=\"MsoNormal\"><span>Silemg | Divulga\u00e7\u00e3o<\/span><\/p>\n<p><span><\/span><span><\/span><span><\/span><span><\/span><span><\/span><span><\/span><span><\/span><span><\/span><span><\/span><\/p>\n<p>As inscri\u00e7\u00f5es para a <strong>14\u00aa edi\u00e7\u00e3o do Concurso de Desenho e Reda\u00e7\u00e3o<\/strong> promovido pelo <strong>SILEMG<\/strong> se encerram no dia <strong>1\u00ba de setembro de 2025<\/strong>. A iniciativa \u00e9 uma oportunidade para alunos do <strong>Ensino Fundamental<\/strong> e do <strong>Ensino M\u00e9dio<\/strong>, de escolas p\u00fablicas e privadas de <strong>Minas Gerais<\/strong>, de desenvolverem suas habilidades criativas e cognitivas.<\/p>\n<p>O concurso, que contempla categorias espec\u00edficas para estudantes <strong>neurodivergentes<\/strong>, valoriza a cadeia produtiva do leite e estimula a express\u00e3o art\u00edstica e liter\u00e1ria. Ao mesmo tempo, promove o <strong>desenvolvimento de habilidades cognitivas essenciais<\/strong>, contribuindo para o crescimento <strong>socioemocional e socioeducacional<\/strong> dos participantes. A a\u00e7\u00e3o refor\u00e7a a import\u00e2ncia da escrita, da leitura e do desenho como ferramentas de aprendizado, sa\u00fade emocional e bem-estar.<\/p>\n<p>Entre os pr\u00eamios destinados aos alunos est\u00e3o <strong>notebooks, valores em dinheiro e bolsas t\u00e9rmicas recheadas de produtos l\u00e1cteos<\/strong>. Professores e escolas tamb\u00e9m ser\u00e3o reconhecidos, com <strong>bolsas de estudo exclusivas<\/strong> oferecidas pelo <strong>Centro Educacional Fl\u00e1via Rita<\/strong> e pela <strong>Faculdade Arnaldo<\/strong>.<\/p>\n\n<p>O regulamento completo e os formul\u00e1rios de inscri\u00e7\u00e3o est\u00e3o dispon\u00edveis em:\u00a0 <a href=\"http:\/\/www.silemg.com.br\/concurso-redacao-desenho\">http:\/\/www.silemg.com.br\/concurso-redacao-desenho.<\/a><\/p>\n<p>\u00a0<\/p>","protected":false},"excerpt":{"rendered":"<p>Silemg | Divulga\u00e7\u00e3o As inscri\u00e7\u00f5es para a 14\u00aa edi\u00e7\u00e3o do Concurso de Desenho e Reda\u00e7\u00e3o promovido pelo SILEMG se encerram no dia 1\u00ba de setembro de 2025. A iniciativa \u00e9 uma oportunidade para alunos do Ensino Fundamental e do Ensino M\u00e9dio, de escolas p\u00fablicas e privadas de Minas Gerais, de desenvolverem suas habilidades criativas e [&hellip;]<\/p>\n","protected":false},"author":0,"featured_media":30961,"comment_status":"open","ping_status":"open","sticky":false,"template":"","format":"standard","meta":{"rop_custom_images_group":[],"rop_custom_messages_group":[],"rop_publish_now":"initial","rop_publish_now_accounts":[],"rop_publish_now_history":[],"rop_publish_now_status":"pending","footnotes":""},"categories":[6745],"tags":[],"class_list":["post-30960","post","type-post","status-publish","format-standard","has-post-thumbnail","hentry","category-coluna-sindijori"],"_links":{"self":[{"href":"https:\/\/diariotribuna.com.br\/index.php?rest_route=\/wp\/v2\/posts\/30960"}],"collection":[{"href":"https:\/\/diariotribuna.com.br\/index.php?rest_route=\/wp\/v2\/posts"}],"about":[{"href":"https:\/\/diariotribuna.com.br\/index.php?rest_route=\/wp\/v2\/types\/post"}],"replies":[{"embeddable":true,"href":"https:\/\/diariotribuna.com.br\/index.php?rest_route=%2Fwp%2Fv2%2Fcomments&post=30960"}],"version-history":[{"count":0,"href":"https:\/\/diariotribuna.com.br\/index.php?rest_route=\/wp\/v2\/posts\/30960\/revisions"}],"wp:featuredmedia":[{"embeddable":true,"href":"https:\/\/diariotribuna.com.br\/index.php?rest_route=\/wp\/v2\/media\/30961"}],"wp:attachment":[{"href":"https:\/\/diariotribuna.com.br\/index.php?rest_route=%2Fwp%2Fv2%2Fmedia&parent=30960"}],"wp:term":[{"taxonomy":"category","embeddable":true,"href":"https:\/\/diariotribuna.com.br\/index.php?rest_route=%2Fwp%2Fv2%2Fcategories&post=30960"},{"taxonomy":"post_tag","embeddable":true,"href":"https:\/\/diariotribuna.com.br\/index.php?rest_route=%2Fwp%2Fv2%2Ftags&post=30960"}],"curies":[{"name":"wp","href":"https:\/\/api.w.org\/{rel}","templated":true}]}}