{"id":30984,"date":"2025-08-26T23:28:59","date_gmt":"2025-08-27T02:28:59","guid":{"rendered":"https:\/\/diariotribuna.com.br\/?p=30984"},"modified":"2025-08-26T23:43:39","modified_gmt":"2025-08-27T02:43:39","slug":"homem-morre-em-acidente-com-trator-em-serra-dos-aimores","status":"publish","type":"post","link":"https:\/\/diariotribuna.com.br\/?p=30984","title":{"rendered":"Homem morre em acidente com trator em Serra dos Aimor\u00e9s"},"content":{"rendered":"\n<figure class=\"wp-block-image size-full is-resized\"><img loading=\"lazy\" decoding=\"async\" width=\"700\" height=\"412\" src=\"https:\/\/diariotribuna.com.br\/wp-content\/uploads\/2025\/08\/Imagem-do-WhatsApp-de-2025-08-25-as-07.43.19_a80ad792.jpg\" alt=\"\" class=\"wp-image-30985\" style=\"width:472px;height:auto\" srcset=\"https:\/\/diariotribuna.com.br\/wp-content\/uploads\/2025\/08\/Imagem-do-WhatsApp-de-2025-08-25-as-07.43.19_a80ad792.jpg 700w, https:\/\/diariotribuna.com.br\/wp-content\/uploads\/2025\/08\/Imagem-do-WhatsApp-de-2025-08-25-as-07.43.19_a80ad792-300x177.jpg 300w, https:\/\/diariotribuna.com.br\/wp-content\/uploads\/2025\/08\/Imagem-do-WhatsApp-de-2025-08-25-as-07.43.19_a80ad792-696x410.jpg 696w\" sizes=\"(max-width: 700px) 100vw, 700px\" \/><\/figure>\n\n\n\n<p>O Corpo de Bombeiros foi acionado na noite de domingo, 24 de agosto, para atendimento de ocorr\u00eancia de capotamento de um trator, na zona rural do munic\u00edpio de Serra dos Aimor\u00e9s. Os bombeiros foram ao local, onde o operador da m\u00e1quina foi encontrado j\u00e1 em \u00f3bito.<\/p>\n\n\n\n<p>A equipe do Corpo de Bombeiros de Te\u00f3filo Otoni atuou durante toda a noite, mas, em raz\u00e3o do peso da m\u00e1quina, caracter\u00edsticas do terreno, dentre outros fatores que dificultam o resgate, foi necess\u00e1rio um planejamento mais detalhado para garantir a seguran\u00e7a dos bombeiros, e colaboradores da empresa do maquin\u00e1rio envolvido, que trabalharam na cena.<\/p>\n\n\n\n<p>Equipes continuaram os trabalhos pela manh\u00e3 de segunda, e resgataram o corpo do operador da m\u00e1quina, <strong>Valter Barbosa da Silva Santos, de 44 anos<\/strong>, natural de Jaguarari\/BA. O corpo foi encaminhado ao IML de Nanuque, onde foi necropsiado.<\/p>\n\n\n\n<figure class=\"wp-block-image size-full is-resized\"><img loading=\"lazy\" decoding=\"async\" width=\"700\" height=\"868\" src=\"https:\/\/diariotribuna.com.br\/wp-content\/uploads\/2025\/08\/Imagem-do-WhatsApp-de-2025-08-25-as-07.42.53_9e6be8ad.jpg\" alt=\"\" class=\"wp-image-30986\" style=\"width:300px;height:auto\" srcset=\"https:\/\/diariotribuna.com.br\/wp-content\/uploads\/2025\/08\/Imagem-do-WhatsApp-de-2025-08-25-as-07.42.53_9e6be8ad.jpg 700w, https:\/\/diariotribuna.com.br\/wp-content\/uploads\/2025\/08\/Imagem-do-WhatsApp-de-2025-08-25-as-07.42.53_9e6be8ad-242x300.jpg 242w, https:\/\/diariotribuna.com.br\/wp-content\/uploads\/2025\/08\/Imagem-do-WhatsApp-de-2025-08-25-as-07.42.53_9e6be8ad-696x863.jpg 696w, https:\/\/diariotribuna.com.br\/wp-content\/uploads\/2025\/08\/Imagem-do-WhatsApp-de-2025-08-25-as-07.42.53_9e6be8ad-339x420.jpg 339w\" sizes=\"(max-width: 700px) 100vw, 700px\" \/><\/figure>\n","protected":false},"excerpt":{"rendered":"<p>O Corpo de Bombeiros foi acionado na noite de domingo, 24 de agosto, para atendimento de ocorr\u00eancia de capotamento de um trator, na zona rural do munic\u00edpio de Serra dos Aimor\u00e9s. Os bombeiros foram ao local, onde o operador da m\u00e1quina foi encontrado j\u00e1 em \u00f3bito. A equipe do Corpo de Bombeiros de Te\u00f3filo Otoni [&hellip;]<\/p>\n","protected":false},"author":1,"featured_media":30985,"comment_status":"open","ping_status":"open","sticky":false,"template":"","format":"standard","meta":{"rop_custom_images_group":[],"rop_custom_messages_group":[],"rop_publish_now":"initial","rop_publish_now_accounts":[],"rop_publish_now_history":[],"rop_publish_now_status":"pending","footnotes":""},"categories":[25,19],"tags":[1662,1661,612],"class_list":["post-30984","post","type-post","status-publish","format-standard","has-post-thumbnail","hentry","category-destaque","category-gerais","tag-acidente-com-trator","tag-homem-morre","tag-serra-dos-aimores"],"_links":{"self":[{"href":"https:\/\/diariotribuna.com.br\/index.php?rest_route=\/wp\/v2\/posts\/30984"}],"collection":[{"href":"https:\/\/diariotribuna.com.br\/index.php?rest_route=\/wp\/v2\/posts"}],"about":[{"href":"https:\/\/diariotribuna.com.br\/index.php?rest_route=\/wp\/v2\/types\/post"}],"author":[{"embeddable":true,"href":"https:\/\/diariotribuna.com.br\/index.php?rest_route=\/wp\/v2\/users\/1"}],"replies":[{"embeddable":true,"href":"https:\/\/diariotribuna.com.br\/index.php?rest_route=%2Fwp%2Fv2%2Fcomments&post=30984"}],"version-history":[{"count":2,"href":"https:\/\/diariotribuna.com.br\/index.php?rest_route=\/wp\/v2\/posts\/30984\/revisions"}],"predecessor-version":[{"id":30992,"href":"https:\/\/diariotribuna.com.br\/index.php?rest_route=\/wp\/v2\/posts\/30984\/revisions\/30992"}],"wp:featuredmedia":[{"embeddable":true,"href":"https:\/\/diariotribuna.com.br\/index.php?rest_route=\/wp\/v2\/media\/30985"}],"wp:attachment":[{"href":"https:\/\/diariotribuna.com.br\/index.php?rest_route=%2Fwp%2Fv2%2Fmedia&parent=30984"}],"wp:term":[{"taxonomy":"category","embeddable":true,"href":"https:\/\/diariotribuna.com.br\/index.php?rest_route=%2Fwp%2Fv2%2Fcategories&post=30984"},{"taxonomy":"post_tag","embeddable":true,"href":"https:\/\/diariotribuna.com.br\/index.php?rest_route=%2Fwp%2Fv2%2Ftags&post=30984"}],"curies":[{"name":"wp","href":"https:\/\/api.w.org\/{rel}","templated":true}]}}