{"id":31001,"date":"2025-08-28T12:19:47","date_gmt":"2025-08-28T15:19:47","guid":{"rendered":"https:\/\/diariotribuna.com.br\/?p=31001"},"modified":"2025-08-28T12:19:47","modified_gmt":"2025-08-28T15:19:47","slug":"licitacao-da-sede-do-if-de-caratinga-tem-edital","status":"publish","type":"post","link":"https:\/\/diariotribuna.com.br\/?p=31001","title":{"rendered":"Licita\u00e7\u00e3o da sede do IF de Caratinga tem edital\u00a0"},"content":{"rendered":"<p><span>Foto: Reprodu\u00e7\u00e3o DC<\/span><\/p>\n\n\n<p><strong><span>COLUNA MG<\/span><\/strong><\/p>\n<p><span>Principais destaques dos jornais e portais integrantes da rede Sindijori MG\u00a0<\/span><\/p>\n<p><span><a href=\"http:\/\/www.sindijorimg.com.br\/\">www.sindijorimg.com.br<\/a><\/span><\/p>\n<p><span><\/span><\/p>\n\n<p><strong><span>Licita\u00e7\u00e3o da sede do IF de Caratinga tem edital<\/span><\/strong><\/p>\n<p><span>O processo para a constru\u00e7\u00e3o da sede definitiva do Campus Caratinga do Instituto Federal do Sudeste de Minas Gerais (IF Sudeste MG) avan\u00e7a com a publica\u00e7\u00e3o da Concorr\u00eancia destinada \u00e0 contrata\u00e7\u00e3o de empresa respons\u00e1vel pela execu\u00e7\u00e3o da obra. O edital foi publicado no Di\u00e1rio Oficial da Uni\u00e3o e a abertura da licita\u00e7\u00e3o ocorrer\u00e1 no dia 14 de novembro de 2025, \u00e0s 9h, pelo site www.gov.br\/compras. O investimento previsto \u00e9 de R$ 15 milh\u00f5es. A iniciativa integra a expans\u00e3o anunciada pelo Governo Federal, no \u00e2mbito do Novo PAC e a obra prev\u00ea prazo de 36 meses para sua conclus\u00e3o. (Di\u00e1rio de Caratinga)<\/span><\/p>\n<p><span><a href=\"https:\/\/diariodecaratinga.com.br\/licitacao-para-construcao-da-sede-do-instituto-federal-em-caratinga-e-iniciada\/\">https:\/\/diariodecaratinga.com.br\/licitacao-para-construcao-da-sede-do-instituto-federal-em-caratinga-e-iniciada\/<\/a><\/span><\/p>\n<p><span><\/span><\/p>\n\n<p><strong><span>Munic\u00edpios no Integra Moda Neg\u00f3cios<\/span><\/strong><\/p>\n<p><span>O Sebrae Minas realiza em Belo Horizonte mais uma edi\u00e7\u00e3o do Integra Moda Neg\u00f3cios \u2013 Edi\u00e7\u00e3o Estadual, iniciativa que tem como objetivo aproximar ind\u00fastrias da moda de Minas Gerais a compradores de diferentes regi\u00f5es do pa\u00eds. Na \u00faltima edi\u00e7\u00e3o, o encontro movimentou cerca de R$ 2 milh\u00f5es em vendas. Neste ano, o evento conta com a participa\u00e7\u00e3o de 49 empresas dos polos de Divin\u00f3polis, Vargem Grande, Juruaia, Taiobeiras, Muria\u00e9, S\u00e3o Jo\u00e3o Nepomuceno, Monte Belo e Monte Si\u00e3o. Elas v\u00e3o apresentar pe\u00e7as inovadoras de mostru\u00e1rio de diversas cole\u00e7\u00f5es de moda \u00edntima, moda praia, fitness, pijamas, malharia, feminino, masculino e jeans. (Folha Regional)<\/span><\/p>\n<p><span><a href=\"https:\/\/afolharegional.com.br\/noticias\/empresas-de-moda-de-juruaia-participam-do-integra-moda-negocios-em-belo-horizonte\/\">https:\/\/afolharegional.com.br\/noticias\/empresas-de-moda-de-juruaia-participam-do-integra-moda-negocios-em-belo-horizonte\/<\/a><\/span><\/p>\n<p><span><\/span><\/p>\n\n<p><strong><span>Sabar\u00e1 realiza festa liter\u00e1ria<\/span><\/strong><\/p>\n<p><span>A literatura ocupa os espa\u00e7os da cidade com a realiza\u00e7\u00e3o da 11\u00aa Festa Liter\u00e1ria de Sabar\u00e1, que acontece entre os dias 28 e 31 de agosto com programa\u00e7\u00e3o por toda a cidade. O evento promete reunir escritores consagrados, novos talentos, editoras independentes, artistas locais e o p\u00fablico apaixonado por livros, em uma programa\u00e7\u00e3o gratuita e aberta a todas as idades. A Festa Liter\u00e1ria contar\u00e1 com lan\u00e7amentos de livros, mesas de debate, saraus, oficinas, sess\u00f5es de aut\u00f3grafos,\u00a0 livraria e conta\u00e7\u00e3o de hist\u00f3rias para crian\u00e7as, criando um espa\u00e7o de encontro e troca entre autores e leitores. (Folha de Sabar\u00e1)<\/span><\/p>\n<p><span><a href=\"https:\/\/folhadesabara.com.br\/noticia\/49022\/festa-literaria-de-sabara-2025-escritores-lancamentos-e-programacao-gratuita-movimentam-a-cidade-entre-28-e-31-de-agosto\">https:\/\/folhadesabara.com.br\/noticia\/49022\/festa-literaria-de-sabara-2025-escritores-lancamentos-e-programacao-gratuita-movimentam-a-cidade-entre-28-e-31-de-agosto<\/a><\/span><\/p>\n<p><span><\/span><\/p>\n\n<p><strong><span>Moradores fazem protestos na BR 381<\/span><\/strong><\/p>\n<p><span>Manifestantes ocuparam uma faixa da BR-381, na altura do Km 412 em Caet\u00e9, para protestar contra a instala\u00e7\u00e3o de um ped\u00e1gio no local. As pessoas presentes ao ato afirmam que o p\u00f3rtico sem cancela \u2013 modelo free flow \u2013 foi instalado em um ponto que prejudica moradores de Nova Uni\u00e3o e regi\u00e3o, tamb\u00e9m na Grande BH, a acessarem a capital mineira, uma vez que institui o gasto de ida e volta. Os manifestantes explicam que muitos trabalhadores e estudantes do munic\u00edpio, que faz divisa com Caet\u00e9, precisam se deslocar diariamente para BH. (Jornal Opini\u00e3o \u2013 Caet\u00e9)<\/span><\/p>\n<p><span><a href=\"https:\/\/www.opiniaocaete.com.br\/moradores-interditam-faixa-da-br-381-em-protesto-contra-novo-pedagio\/\">https:\/\/www.opiniaocaete.com.br\/moradores-interditam-faixa-da-br-381-em-protesto-contra-novo-pedagio\/<\/a><\/span><\/p>\n<p><span><\/span><\/p>\n\n<p><strong><span>Lagoa da Prata ter\u00e1 hemodi\u00e1lise<\/span><\/strong><\/p>\n<p><span>No dia 25 de agosto, o Hospital S\u00e3o Carlos lan\u00e7ou a pedra fundamental para mais um centro de hemodi\u00e1lise na regi\u00e3o Centro Oeste de Minas. Com a presen\u00e7a do Secret\u00e1rio de Estado da Sa\u00fade F\u00e1bio Baccheretti, deputados federais e estaduais e v\u00e1rios prefeitos da regi\u00e3o, o prefeito de Lagoa da Prata, Di Gianne, e a diretoria do Hospital S\u00e3o Carlos salientaram a import\u00e2ncia desta conquista que ser\u00e1 ben\u00e9fica a toda a Microrregi\u00e3o de Sa\u00fade. (Gazeta Montense)<\/span><\/p>\n<p><span><a href=\"https:\/\/gmontense.com.br\/\">https:\/\/gmontense.com.br\/<\/a><\/span><\/p>\n<p><span><\/span><\/p>\n\n<p><strong><span>Valadarense preside Uni\u00e3o de Vereadores<\/span><\/strong><\/p>\n<p><span>O vereador Al\u00ea Ferraz, presidente da C\u00e2mara Municipal de Governador Valadares, foi eleito por unanimidade nesta quarta-feira (27) como o novo presidente da Uni\u00e3o dos Vereadores do Brasil de Minas Gerais (UVB-MG), durante o Encontro Nacional de Gestores e Legislativos Municipais, realizado em Bras\u00edlia, que contou com a presen\u00e7a de mais de mil pessoas. Com a elei\u00e7\u00e3o, Al\u00ea passa a representar vereadores de todas as regi\u00f5es do Estado, consolidando o di\u00e1logo entre os legislativos municipais e as demais esferas de poder. (Jornal dos Vales)<\/span><\/p>\n<p><span><a href=\"https:\/\/www.jornaldosvales.com.br\/noticia\/57348\/ale-ferraz-e-eleito-presidente-da-uniao-dos-vereadores-do-brasil-de-minas-gerais\">https:\/\/www.jornaldosvales.com.br\/noticia\/57348\/ale-ferraz-e-eleito-presidente-da-uniao-dos-vereadores-do-brasil-de-minas-gerais<\/a><\/span><\/p>\n<p><span><\/span><\/p>\n\n<p><strong><span>Representantes da ONU em Santana dos Montes<\/span><\/strong><\/p>\n<p><span>Os dois representantes do Escrit\u00f3rio da ONU para o Turismo, Heitor Kadri e Daniel Nepomuceno, estiveram em Santana dos Montes \u2013 MG, cidade que fica h\u00e1 120km da Capital, para conhecer a beleza do local e participarem de uma Mostra Cultural, no \u00faltimo final de semana, evento que movimentou a pacata e buc\u00f3lica cidade que faz parte do Circuito Vilas e Fazendas de Minas Gerais. Santana dos Montes, conta os registros e os mais antigos, j\u00e1 foi paragem do Joaquim Jos\u00e9 da Silva Xavier \u2013 o Tiradentes, e outros inconfidentes. (Conex\u00e3o Minas \u2013 Belo Horizonte)<\/span><\/p>\n<p><span><a href=\"https:\/\/minasconexao.com.br\/representantes-da-onu-estiveram-em-santana-dos-montes-mg-e-sairam-impressionados-com-a-beleza-natural-riqueza-cultural-e-oferta-hoteleira\/\">https:\/\/minasconexao.com.br\/representantes-da-onu-estiveram-em-santana-dos-montes-mg-e-sairam-impressionados-com-a-beleza-natural-riqueza-cultural-e-oferta-hoteleira\/<\/a><\/span><\/p>\n<p><span><\/span><\/p>\n\n<p>\u00a0<\/p>","protected":false},"excerpt":{"rendered":"<p>Foto: Reprodu\u00e7\u00e3o DC COLUNA MG Principais destaques dos jornais e portais integrantes da rede Sindijori MG\u00a0 www.sindijorimg.com.br Licita\u00e7\u00e3o da sede do IF de Caratinga tem edital O processo para a constru\u00e7\u00e3o da sede definitiva do Campus Caratinga do Instituto Federal do Sudeste de Minas Gerais (IF Sudeste MG) avan\u00e7a com a publica\u00e7\u00e3o da Concorr\u00eancia destinada [&hellip;]<\/p>\n","protected":false},"author":0,"featured_media":31002,"comment_status":"open","ping_status":"open","sticky":false,"template":"","format":"standard","meta":{"rop_custom_images_group":[],"rop_custom_messages_group":[],"rop_publish_now":"initial","rop_publish_now_accounts":[],"rop_publish_now_history":[],"rop_publish_now_status":"pending","footnotes":""},"categories":[6745],"tags":[],"class_list":["post-31001","post","type-post","status-publish","format-standard","has-post-thumbnail","hentry","category-coluna-sindijori"],"_links":{"self":[{"href":"https:\/\/diariotribuna.com.br\/index.php?rest_route=\/wp\/v2\/posts\/31001"}],"collection":[{"href":"https:\/\/diariotribuna.com.br\/index.php?rest_route=\/wp\/v2\/posts"}],"about":[{"href":"https:\/\/diariotribuna.com.br\/index.php?rest_route=\/wp\/v2\/types\/post"}],"replies":[{"embeddable":true,"href":"https:\/\/diariotribuna.com.br\/index.php?rest_route=%2Fwp%2Fv2%2Fcomments&post=31001"}],"version-history":[{"count":0,"href":"https:\/\/diariotribuna.com.br\/index.php?rest_route=\/wp\/v2\/posts\/31001\/revisions"}],"wp:featuredmedia":[{"embeddable":true,"href":"https:\/\/diariotribuna.com.br\/index.php?rest_route=\/wp\/v2\/media\/31002"}],"wp:attachment":[{"href":"https:\/\/diariotribuna.com.br\/index.php?rest_route=%2Fwp%2Fv2%2Fmedia&parent=31001"}],"wp:term":[{"taxonomy":"category","embeddable":true,"href":"https:\/\/diariotribuna.com.br\/index.php?rest_route=%2Fwp%2Fv2%2Fcategories&post=31001"},{"taxonomy":"post_tag","embeddable":true,"href":"https:\/\/diariotribuna.com.br\/index.php?rest_route=%2Fwp%2Fv2%2Ftags&post=31001"}],"curies":[{"name":"wp","href":"https:\/\/api.w.org\/{rel}","templated":true}]}}