{"id":31019,"date":"2025-08-29T17:32:10","date_gmt":"2025-08-29T20:32:10","guid":{"rendered":"https:\/\/diariotribuna.com.br\/?p=31019"},"modified":"2025-08-29T17:32:10","modified_gmt":"2025-08-29T20:32:10","slug":"divinopolis-recebe-a-primeira-edicao-da-caravana-amm-projeto-leva-pauta-municipalista-e-capacitacao-a-todas-as-regioes-de-minas-gerais","status":"publish","type":"post","link":"https:\/\/diariotribuna.com.br\/?p=31019","title":{"rendered":"Divin\u00f3polis recebe a primeira edi\u00e7\u00e3o da \u201cCaravana AMM\u201d; projeto leva pauta municipalista e capacita\u00e7\u00e3o a todas as regi\u00f5es de Minas Gerais\u00a0"},"content":{"rendered":"<p class=\"MsoNormal\"><span>AMM | Divulga\u00e7\u00e3o<\/span><span><\/span><\/p>\n<p><span><\/span><span><\/span><\/p>\n<p>A <strong>Divin\u00f3polis<\/strong> ser\u00e1 a primeira parada da <strong>\u201cCaravana AMM\u201d<\/strong>, iniciativa de interioriza\u00e7\u00e3o das a\u00e7\u00f5es da Associa\u00e7\u00e3o Mineira de Munic\u00edpios (AMM), que percorrer\u00e1 todas as 10 macrorregi\u00f5es do Estado a partir de <strong>setembro de 2025<\/strong>. Na regi\u00e3o centro-oeste, o evento ser\u00e1 realizado nos dias <strong>2 e 3 de setembro<\/strong>, reunindo prefeitos, prefeitas e servidores p\u00fablicos municipais, com programa\u00e7\u00e3o voltada \u00e0 <strong>capacita\u00e7\u00e3o e orienta\u00e7\u00e3o sobre pautas municipalistas priorit\u00e1rias<\/strong>.<\/p>\n<p>A <strong>reforma tribut\u00e1ria<\/strong>, tema que gera preocupa\u00e7\u00e3o entre os gestores municipais, ser\u00e1 abordada na palestra magna pelo <strong>Auditor de Controle Externo do TCEMG, Gustavo Terra Elias<\/strong>, mestre em Governan\u00e7a pela Universidade de Sussex (Inglaterra) e em Direito pela UFMG.<\/p>\n<p>Cada regi\u00e3o ter\u00e1 um <strong>documento com as principais demandas locais<\/strong>, elaborado com o apoio das associa\u00e7\u00f5es microrregionais <strong>AMVI<\/strong> e <strong>AMASF<\/strong>. Al\u00e9m disso, assessores t\u00e9cnicos da AMM e especialistas da <strong>Escola de Gest\u00e3o Municipalista (EGM)<\/strong> conduzir\u00e3o atividades de capacita\u00e7\u00e3o em temas centrais da administra\u00e7\u00e3o p\u00fablica municipal.<\/p>\n<p><em>\u201cOs eventos da Caravana AMM t\u00eam como premissa reunir os anseios dos prefeitos de cada munic\u00edpio mineiro, produzindo coletivamente a carta municipalista da regi\u00e3o no primeiro dia. No segundo dia, levaremos capacita\u00e7\u00e3o de qualidade aos gestores e servidores p\u00fablicos. Nosso foco \u00e9 trabalhar pelos 853 munic\u00edpios de Minas Gerais, sem colora\u00e7\u00e3o partid\u00e1ria, visando a melhoria da qualidade de vida da popula\u00e7\u00e3o\u201d,<\/em> afirma o presidente da AMM e prefeito de Patos de Minas, <strong>Lu\u00eds Eduardo Falc\u00e3o<\/strong>.<\/p>\n<p><strong>Programa\u00e7\u00e3o<\/strong><\/p>\n<p>A abertura em Divin\u00f3polis contar\u00e1 com a palestra <strong>\u201cOs impactos da Reforma Tribut\u00e1ria para os Munic\u00edpios\u201d<\/strong>, ministrada por Gustavo Terra Elias. A programa\u00e7\u00e3o inclui:<\/p>\n<p>Reuni\u00e3o do presidente da AMM com prefeitos da microrregional;<\/p>\n<p>Apresenta\u00e7\u00e3o institucional da AMM;<\/p>\n<p>Constru\u00e7\u00e3o coletiva do <strong>Documento de Demandas Regionais<\/strong>;<\/p>\n<p>Palestra magna em conjunto com prefeitos da diretoria e patrocinadores;<\/p>\n<p>Almo\u00e7o com prefeitos.<\/p>\n<p>\u00c0 tarde, ocorrer\u00e3o <strong>atendimentos t\u00e9cnicos<\/strong> em \u00e1reas como <strong>Assist\u00eancia Social, Educa\u00e7\u00e3o, Capta\u00e7\u00e3o de Recursos e Conv\u00eanios<\/strong>, abordando temas como presta\u00e7\u00e3o de contas, gest\u00e3o de programas federais, elabora\u00e7\u00e3o de projetos e uso das principais plataformas de transfer\u00eancias de recursos.<\/p>\n<p><strong>Sobre o projeto<\/strong><\/p>\n<p>Com apoio das microrregionais mineiras e da <strong>Confedera\u00e7\u00e3o Nacional de Munic\u00edpios (CNM)<\/strong>, a Caravana AMM tem como objetivo ouvir as demandas de todos os munic\u00edpios de Minas Gerais para propor a\u00e7\u00f5es e estrat\u00e9gias que promovam o <strong>desenvolvimento econ\u00f4mico municipal<\/strong>.<\/p>\n<p><strong>Inscri\u00e7\u00f5es<\/strong><\/p>\n<p>A participa\u00e7\u00e3o \u00e9 gratuita. As inscri\u00e7\u00f5es devem ser feitas pelo link:<br \/><a target=\"_new\" class=\"decorated-link\" href=\"https:\/\/portalamm.com\/caravana-amm\/?utm_source=chatgpt.com\" rel=\"noopener\">https:\/\/portalamm.com\/caravana-amm\/<span class=\"ms-0.5 inline-block align-middle leading-none\"><\/span><\/a><\/p>\n<p><strong>Atendimento \u00e0 imprensa<\/strong><\/p>\n<p>O presidente da AMM, <strong>Lu\u00eds Eduardo Falc\u00e3o<\/strong>, estar\u00e1 dispon\u00edvel para entrevistas na <strong>ter\u00e7a-feira (3\/9), das 9h ao meio-dia<\/strong>. Mais informa\u00e7\u00f5es com a <strong>Coordenadora de Comunica\u00e7\u00e3o da AMM, Thalita Marinho<\/strong>, pelo telefone: <strong>(31) 98408-4774<\/strong>.<\/p>\n<p>\u00a0<\/p>","protected":false},"excerpt":{"rendered":"<p>AMM | Divulga\u00e7\u00e3o A Divin\u00f3polis ser\u00e1 a primeira parada da \u201cCaravana AMM\u201d, iniciativa de interioriza\u00e7\u00e3o das a\u00e7\u00f5es da Associa\u00e7\u00e3o Mineira de Munic\u00edpios (AMM), que percorrer\u00e1 todas as 10 macrorregi\u00f5es do Estado a partir de setembro de 2025. Na regi\u00e3o centro-oeste, o evento ser\u00e1 realizado nos dias 2 e 3 de setembro, reunindo prefeitos, prefeitas e [&hellip;]<\/p>\n","protected":false},"author":0,"featured_media":31020,"comment_status":"open","ping_status":"open","sticky":false,"template":"","format":"standard","meta":{"rop_custom_images_group":[],"rop_custom_messages_group":[],"rop_publish_now":"initial","rop_publish_now_accounts":[],"rop_publish_now_history":[],"rop_publish_now_status":"pending","footnotes":""},"categories":[6745],"tags":[],"class_list":["post-31019","post","type-post","status-publish","format-standard","has-post-thumbnail","hentry","category-coluna-sindijori"],"_links":{"self":[{"href":"https:\/\/diariotribuna.com.br\/index.php?rest_route=\/wp\/v2\/posts\/31019"}],"collection":[{"href":"https:\/\/diariotribuna.com.br\/index.php?rest_route=\/wp\/v2\/posts"}],"about":[{"href":"https:\/\/diariotribuna.com.br\/index.php?rest_route=\/wp\/v2\/types\/post"}],"replies":[{"embeddable":true,"href":"https:\/\/diariotribuna.com.br\/index.php?rest_route=%2Fwp%2Fv2%2Fcomments&post=31019"}],"version-history":[{"count":0,"href":"https:\/\/diariotribuna.com.br\/index.php?rest_route=\/wp\/v2\/posts\/31019\/revisions"}],"wp:featuredmedia":[{"embeddable":true,"href":"https:\/\/diariotribuna.com.br\/index.php?rest_route=\/wp\/v2\/media\/31020"}],"wp:attachment":[{"href":"https:\/\/diariotribuna.com.br\/index.php?rest_route=%2Fwp%2Fv2%2Fmedia&parent=31019"}],"wp:term":[{"taxonomy":"category","embeddable":true,"href":"https:\/\/diariotribuna.com.br\/index.php?rest_route=%2Fwp%2Fv2%2Fcategories&post=31019"},{"taxonomy":"post_tag","embeddable":true,"href":"https:\/\/diariotribuna.com.br\/index.php?rest_route=%2Fwp%2Fv2%2Ftags&post=31019"}],"curies":[{"name":"wp","href":"https:\/\/api.w.org\/{rel}","templated":true}]}}