{"id":31035,"date":"2025-08-30T00:28:51","date_gmt":"2025-08-30T03:28:51","guid":{"rendered":"https:\/\/diariotribuna.com.br\/?p=31035"},"modified":"2025-08-30T00:28:54","modified_gmt":"2025-08-30T03:28:54","slug":"homem-e-preso-com-droga-durante-operacao-da-pm-em-almenara","status":"publish","type":"post","link":"https:\/\/diariotribuna.com.br\/?p=31035","title":{"rendered":"Homem \u00e9 preso com droga durante opera\u00e7\u00e3o da PM em Almenara"},"content":{"rendered":"\n<figure class=\"wp-block-image size-full is-resized\"><img loading=\"lazy\" decoding=\"async\" width=\"700\" height=\"440\" src=\"https:\/\/diariotribuna.com.br\/wp-content\/uploads\/2025\/08\/Imagem-do-WhatsApp-de-2025-08-28-as-15.57.05_7e771635.jpg\" alt=\"\" class=\"wp-image-31036\" style=\"width:457px;height:auto\" srcset=\"https:\/\/diariotribuna.com.br\/wp-content\/uploads\/2025\/08\/Imagem-do-WhatsApp-de-2025-08-28-as-15.57.05_7e771635.jpg 700w, https:\/\/diariotribuna.com.br\/wp-content\/uploads\/2025\/08\/Imagem-do-WhatsApp-de-2025-08-28-as-15.57.05_7e771635-300x189.jpg 300w, https:\/\/diariotribuna.com.br\/wp-content\/uploads\/2025\/08\/Imagem-do-WhatsApp-de-2025-08-28-as-15.57.05_7e771635-696x437.jpg 696w, https:\/\/diariotribuna.com.br\/wp-content\/uploads\/2025\/08\/Imagem-do-WhatsApp-de-2025-08-28-as-15.57.05_7e771635-668x420.jpg 668w\" sizes=\"(max-width: 700px) 100vw, 700px\" \/><\/figure>\n\n\n\n<p>A Pol\u00edcia Militar realizou uma opera\u00e7\u00e3o em Almenara, no Vale do Jequitinhonha, na quarta-feira (27\/8), quando as equipes T\u00e1tico M\u00f3vel e Moto Patrulhamento, prenderam J.R.S., de 29 anos, pelo crime de tr\u00e1fico de drogas. Juntamente com os materiais apreendidos: 33 pedras de crack, 7 buchas de maconha e R$ 21,00, ele foi conduzido \u00e0 delegacia da Pol\u00edcia Civil,<\/p>\n\n\n\n<p>A ocorr\u00eancia foi registrada no centro da cidade, pr\u00f3ximo \u00e0 Orla do Rio Jequitinhonha. Segundo a PM, quando os policiais chegaram, o alvo da opera\u00e7\u00e3o tentou fugir e dispensou uma sacola com a droga, mas foi perseguido e preso. T\u00e1tico M\u00f3vel: sargentos Nelson e soldado Cabral. Moto Patrulhamento: sargentos Jader e Sodr\u00e9. (Informa\u00e7\u00f5es\/Imagens: assessoria de comunica\u00e7\u00e3o do 44\u00ba BPM\/ Almenara).<\/p>\n\n\n\n<figure class=\"wp-block-image size-full is-resized\"><img loading=\"lazy\" decoding=\"async\" width=\"417\" height=\"248\" src=\"https:\/\/diariotribuna.com.br\/wp-content\/uploads\/2025\/08\/Captura-de-tela-2025-08-28-131404.png\" alt=\"\" class=\"wp-image-31037\" style=\"width:452px;height:auto\" srcset=\"https:\/\/diariotribuna.com.br\/wp-content\/uploads\/2025\/08\/Captura-de-tela-2025-08-28-131404.png 417w, https:\/\/diariotribuna.com.br\/wp-content\/uploads\/2025\/08\/Captura-de-tela-2025-08-28-131404-300x178.png 300w\" sizes=\"(max-width: 417px) 100vw, 417px\" \/><\/figure>\n","protected":false},"excerpt":{"rendered":"<p>A Pol\u00edcia Militar realizou uma opera\u00e7\u00e3o em Almenara, no Vale do Jequitinhonha, na quarta-feira (27\/8), quando as equipes T\u00e1tico M\u00f3vel e Moto Patrulhamento, prenderam J.R.S., de 29 anos, pelo crime de tr\u00e1fico de drogas. Juntamente com os materiais apreendidos: 33 pedras de crack, 7 buchas de maconha e R$ 21,00, ele foi conduzido \u00e0 delegacia [&hellip;]<\/p>\n","protected":false},"author":1,"featured_media":31036,"comment_status":"open","ping_status":"open","sticky":false,"template":"","format":"standard","meta":{"rop_custom_images_group":[],"rop_custom_messages_group":[],"rop_publish_now":"initial","rop_publish_now_accounts":[],"rop_publish_now_history":[],"rop_publish_now_status":"pending","footnotes":""},"categories":[25,20],"tags":[110,1127,2484],"class_list":["post-31035","post","type-post","status-publish","format-standard","has-post-thumbnail","hentry","category-destaque","category-policia","tag-almenara","tag-centro","tag-um-preso"],"_links":{"self":[{"href":"https:\/\/diariotribuna.com.br\/index.php?rest_route=\/wp\/v2\/posts\/31035"}],"collection":[{"href":"https:\/\/diariotribuna.com.br\/index.php?rest_route=\/wp\/v2\/posts"}],"about":[{"href":"https:\/\/diariotribuna.com.br\/index.php?rest_route=\/wp\/v2\/types\/post"}],"author":[{"embeddable":true,"href":"https:\/\/diariotribuna.com.br\/index.php?rest_route=\/wp\/v2\/users\/1"}],"replies":[{"embeddable":true,"href":"https:\/\/diariotribuna.com.br\/index.php?rest_route=%2Fwp%2Fv2%2Fcomments&post=31035"}],"version-history":[{"count":1,"href":"https:\/\/diariotribuna.com.br\/index.php?rest_route=\/wp\/v2\/posts\/31035\/revisions"}],"predecessor-version":[{"id":31038,"href":"https:\/\/diariotribuna.com.br\/index.php?rest_route=\/wp\/v2\/posts\/31035\/revisions\/31038"}],"wp:featuredmedia":[{"embeddable":true,"href":"https:\/\/diariotribuna.com.br\/index.php?rest_route=\/wp\/v2\/media\/31036"}],"wp:attachment":[{"href":"https:\/\/diariotribuna.com.br\/index.php?rest_route=%2Fwp%2Fv2%2Fmedia&parent=31035"}],"wp:term":[{"taxonomy":"category","embeddable":true,"href":"https:\/\/diariotribuna.com.br\/index.php?rest_route=%2Fwp%2Fv2%2Fcategories&post=31035"},{"taxonomy":"post_tag","embeddable":true,"href":"https:\/\/diariotribuna.com.br\/index.php?rest_route=%2Fwp%2Fv2%2Ftags&post=31035"}],"curies":[{"name":"wp","href":"https:\/\/api.w.org\/{rel}","templated":true}]}}