{"id":31044,"date":"2025-08-31T20:29:27","date_gmt":"2025-08-31T23:29:27","guid":{"rendered":"https:\/\/diariotribuna.com.br\/?p=31044"},"modified":"2025-08-31T20:30:31","modified_gmt":"2025-08-31T23:30:31","slug":"pm-ambiental-apreende-drogas-e-mais-e-r-2-mil-em-operacoes-em-rio-do-prado-e-palmopolis","status":"publish","type":"post","link":"https:\/\/diariotribuna.com.br\/?p=31044","title":{"rendered":"PM Ambiental apreende drogas e mais e R$ 2 mil em opera\u00e7\u00f5es em Rio do Prado e Palm\u00f3polis"},"content":{"rendered":"\n<figure class=\"wp-block-image size-full is-resized\"><img loading=\"lazy\" decoding=\"async\" width=\"700\" height=\"290\" src=\"https:\/\/diariotribuna.com.br\/wp-content\/uploads\/2025\/08\/Imagem-do-WhatsApp-de-2025-08-30-as-18.56.42_9ad68072.jpg\" alt=\"\" class=\"wp-image-31045\" style=\"width:559px;height:auto\" srcset=\"https:\/\/diariotribuna.com.br\/wp-content\/uploads\/2025\/08\/Imagem-do-WhatsApp-de-2025-08-30-as-18.56.42_9ad68072.jpg 700w, https:\/\/diariotribuna.com.br\/wp-content\/uploads\/2025\/08\/Imagem-do-WhatsApp-de-2025-08-30-as-18.56.42_9ad68072-300x124.jpg 300w, https:\/\/diariotribuna.com.br\/wp-content\/uploads\/2025\/08\/Imagem-do-WhatsApp-de-2025-08-30-as-18.56.42_9ad68072-696x288.jpg 696w\" sizes=\"(max-width: 700px) 100vw, 700px\" \/><\/figure>\n\n\n\n<p>Durante opera\u00e7\u00e3o da Pol\u00edcia Militar de Meio Ambiente no Vale do Jequitinhonha, em combate \u00e0 criminalidade violenta na zona rural, na patrulha de reconhecimento dois homens foram abordados e estavam na posse de maconha e coca\u00edna, em Rio do Prado, no s\u00e1bado (30\/8). Eles confessaram que o entorpecente seria para uso pr\u00f3prio e que haviam comprado de uma terceira pessoa via pix.<\/p>\n\n\n\n<p>O autor do tr\u00e1fico de drogas foi localizado e preso em posse de 4 p\u00e1ssaros da fauna silvestre cativos em 4 gaiolas e R$ 2.290,00 em dinheiro, recebeu voz de pris\u00e3o e foi conduzido \u00e0 delegacia de Pol\u00edcia Civil de Almenara, junto com os dois primeiros abordados. Foram apreendidos: 2 pacotes com maconha, 2 papelotes de coca\u00edna, 2 telefones celulares, al\u00e9m do dinheiro e das aves.<\/p>\n\n\n\n<figure class=\"wp-block-gallery has-nested-images columns-default is-cropped wp-block-gallery-1 is-layout-flex wp-block-gallery-is-layout-flex\">\n<figure class=\"wp-block-image size-large\"><img loading=\"lazy\" decoding=\"async\" width=\"700\" height=\"401\" data-id=\"31047\" src=\"https:\/\/diariotribuna.com.br\/wp-content\/uploads\/2025\/08\/Imagem-do-WhatsApp-de-2025-08-30-as-18.55.47_9acdb4f3.jpg\" alt=\"\" class=\"wp-image-31047\" srcset=\"https:\/\/diariotribuna.com.br\/wp-content\/uploads\/2025\/08\/Imagem-do-WhatsApp-de-2025-08-30-as-18.55.47_9acdb4f3.jpg 700w, https:\/\/diariotribuna.com.br\/wp-content\/uploads\/2025\/08\/Imagem-do-WhatsApp-de-2025-08-30-as-18.55.47_9acdb4f3-300x172.jpg 300w, https:\/\/diariotribuna.com.br\/wp-content\/uploads\/2025\/08\/Imagem-do-WhatsApp-de-2025-08-30-as-18.55.47_9acdb4f3-696x399.jpg 696w\" sizes=\"(max-width: 700px) 100vw, 700px\" \/><\/figure>\n\n\n\n<figure class=\"wp-block-image size-large\"><img loading=\"lazy\" decoding=\"async\" width=\"700\" height=\"525\" data-id=\"31046\" src=\"https:\/\/diariotribuna.com.br\/wp-content\/uploads\/2025\/08\/Imagem-do-WhatsApp-de-2025-08-30-as-18.55.47_94421e4f.jpg\" alt=\"\" class=\"wp-image-31046\" srcset=\"https:\/\/diariotribuna.com.br\/wp-content\/uploads\/2025\/08\/Imagem-do-WhatsApp-de-2025-08-30-as-18.55.47_94421e4f.jpg 700w, https:\/\/diariotribuna.com.br\/wp-content\/uploads\/2025\/08\/Imagem-do-WhatsApp-de-2025-08-30-as-18.55.47_94421e4f-300x225.jpg 300w, https:\/\/diariotribuna.com.br\/wp-content\/uploads\/2025\/08\/Imagem-do-WhatsApp-de-2025-08-30-as-18.55.47_94421e4f-80x60.jpg 80w, https:\/\/diariotribuna.com.br\/wp-content\/uploads\/2025\/08\/Imagem-do-WhatsApp-de-2025-08-30-as-18.55.47_94421e4f-265x198.jpg 265w, https:\/\/diariotribuna.com.br\/wp-content\/uploads\/2025\/08\/Imagem-do-WhatsApp-de-2025-08-30-as-18.55.47_94421e4f-696x522.jpg 696w, https:\/\/diariotribuna.com.br\/wp-content\/uploads\/2025\/08\/Imagem-do-WhatsApp-de-2025-08-30-as-18.55.47_94421e4f-560x420.jpg 560w\" sizes=\"(max-width: 700px) 100vw, 700px\" \/><\/figure>\n<\/figure>\n\n\n\n<p>Pela posse irregular dos p\u00e1ssaros, foi aplicada uma multa no valor de R$ 9.126,15. <strong>Equipe 1:<\/strong> comando do 5\u00ba Pelot\u00e3o da 3\u00aa Cia, tenente Heberth Dias, sargentos Martins, Colares e Adaelson. <strong>Equipe 2:<\/strong> sargentos Brito, Aguiar e Da Silva. (Informa\u00e7\u00f5es\/Fotos: tenente Heberth Dias, comandante da Pol\u00edcia Militar de Meio Ambiente no Vale do Jequitinhonha).<\/p>\n","protected":false},"excerpt":{"rendered":"<p>Durante opera\u00e7\u00e3o da Pol\u00edcia Militar de Meio Ambiente no Vale do Jequitinhonha, em combate \u00e0 criminalidade violenta na zona rural, na patrulha de reconhecimento dois homens foram abordados e estavam na posse de maconha e coca\u00edna, em Rio do Prado, no s\u00e1bado (30\/8). Eles confessaram que o entorpecente seria para uso pr\u00f3prio e que haviam [&hellip;]<\/p>\n","protected":false},"author":1,"featured_media":31045,"comment_status":"open","ping_status":"open","sticky":false,"template":"","format":"standard","meta":{"rop_custom_images_group":[],"rop_custom_messages_group":[],"rop_publish_now":"initial","rop_publish_now_accounts":[],"rop_publish_now_history":[],"rop_publish_now_status":"pending","footnotes":""},"categories":[25,20],"tags":[207,80,4636,6459,4323],"class_list":["post-31044","post","type-post","status-publish","format-standard","has-post-thumbnail","hentry","category-destaque","category-policia","tag-drogas","tag-operacao","tag-palmopolis","tag-pm-meio-ambiente","tag-rio-do-prado"],"_links":{"self":[{"href":"https:\/\/diariotribuna.com.br\/index.php?rest_route=\/wp\/v2\/posts\/31044"}],"collection":[{"href":"https:\/\/diariotribuna.com.br\/index.php?rest_route=\/wp\/v2\/posts"}],"about":[{"href":"https:\/\/diariotribuna.com.br\/index.php?rest_route=\/wp\/v2\/types\/post"}],"author":[{"embeddable":true,"href":"https:\/\/diariotribuna.com.br\/index.php?rest_route=\/wp\/v2\/users\/1"}],"replies":[{"embeddable":true,"href":"https:\/\/diariotribuna.com.br\/index.php?rest_route=%2Fwp%2Fv2%2Fcomments&post=31044"}],"version-history":[{"count":2,"href":"https:\/\/diariotribuna.com.br\/index.php?rest_route=\/wp\/v2\/posts\/31044\/revisions"}],"predecessor-version":[{"id":31050,"href":"https:\/\/diariotribuna.com.br\/index.php?rest_route=\/wp\/v2\/posts\/31044\/revisions\/31050"}],"wp:featuredmedia":[{"embeddable":true,"href":"https:\/\/diariotribuna.com.br\/index.php?rest_route=\/wp\/v2\/media\/31045"}],"wp:attachment":[{"href":"https:\/\/diariotribuna.com.br\/index.php?rest_route=%2Fwp%2Fv2%2Fmedia&parent=31044"}],"wp:term":[{"taxonomy":"category","embeddable":true,"href":"https:\/\/diariotribuna.com.br\/index.php?rest_route=%2Fwp%2Fv2%2Fcategories&post=31044"},{"taxonomy":"post_tag","embeddable":true,"href":"https:\/\/diariotribuna.com.br\/index.php?rest_route=%2Fwp%2Fv2%2Ftags&post=31044"}],"curies":[{"name":"wp","href":"https:\/\/api.w.org\/{rel}","templated":true}]}}