{"id":31053,"date":"2025-09-01T16:57:04","date_gmt":"2025-09-01T19:57:04","guid":{"rendered":"https:\/\/diariotribuna.com.br\/?p=31053"},"modified":"2025-09-01T16:57:04","modified_gmt":"2025-09-01T19:57:04","slug":"rodrigo-pacheco-reafirma-permanencia-no-psd-e-cobra-freio-a-movimentos-de-adesao-a-extrema-direita","status":"publish","type":"post","link":"https:\/\/diariotribuna.com.br\/?p=31053","title":{"rendered":"Rodrigo Pacheco reafirma perman\u00eancia no PSD e cobra freio a movimentos de ades\u00e3o \u00e0 extrema direita\u00a0"},"content":{"rendered":"<p><strong>Bras\u00edlia<\/strong> \u2013 O senador <strong>Rodrigo Pacheco<\/strong> anunciou, nesta segunda-feira (1\u00ba), sua <strong>perman\u00eancia no PSD mineiro<\/strong> e cobrou do partido uma postura firme contra movimenta\u00e7\u00f5es internas que busquem ades\u00e3o a projetos eleitorais e pol\u00edticos da <strong>extrema direita<\/strong>. Ele tamb\u00e9m criticou o que classificou como uma \u201ctentativa desenfreada\u201d de antecipa\u00e7\u00e3o do calend\u00e1rio eleitoral de 2026 por meio de disputas partid\u00e1rias.<\/p>\n<p><em>\u201cAfirmo que o PSD n\u00e3o compactua com ideais antidemocr\u00e1ticos, golpistas e radicais defendidos por representantes da extrema direita. Essa posi\u00e7\u00e3o deve ser mantida e fortalecida para que, juntos, dentro da verdadeira premissa da social-democracia, n\u00e3o rompamos o pacto de confian\u00e7a com os nossos eleitores\u201d,<\/em> afirmou Pacheco em nota.<\/p>\n<p>O senador ressaltou ainda a <strong>voca\u00e7\u00e3o hist\u00f3rica do PSD<\/strong> para tratar de temas de relev\u00e2ncia nacional, citando exemplos como a <strong>reforma tribut\u00e1ria<\/strong> e o <strong>Programa de Parcerias e Investimentos (Propag)<\/strong>.<\/p>\n<p>Sem mencionar nomes, Pacheco criticou iniciativas que colocam <strong>interesses partid\u00e1rios acima das necessidades da popula\u00e7\u00e3o<\/strong> e encerrou especula\u00e7\u00f5es sobre um poss\u00edvel desligamento da legenda.<\/p>\n<p><em>\u201cVejo uma tentativa desenfreada de antecipa\u00e7\u00e3o do calend\u00e1rio eleitoral, como se as elei\u00e7\u00f5es fossem mais importantes que os problemas da nossa sociedade. Continuarei trabalhando com foco nas quest\u00f5es urgentes, sem qualquer inten\u00e7\u00e3o de mudar minhas convic\u00e7\u00f5es ou a minha filia\u00e7\u00e3o partid\u00e1ria. Ingressei no PSD a convite do presidente nacional, Gilberto Kassab, e sou grato e leal aos meus correligion\u00e1rios\u201d,<\/em> destacou.<\/p>\n<p>Pacheco relembrou o crescimento do PSD em Minas Gerais, atribuindo-o \u00e0 <strong>a\u00e7\u00e3o coletiva da legenda<\/strong> e \u00e0 sua pr\u00f3pria contribui\u00e7\u00e3o, al\u00e9m da participa\u00e7\u00e3o do partido no governo do presidente <strong>Lula<\/strong>.<\/p>\n<p><em>\u201cEm Minas, o partido cresceu gra\u00e7as a uma obra coletiva, \u00e0 qual modestamente pude contribuir. O importante Minist\u00e9rio de Minas e Energia, as elei\u00e7\u00f5es do saudoso Fuad Noman em Belo Horizonte e a conquista de mais de 142 prefeituras n\u00e3o foram obra do acaso\u201d,<\/em> declarou.<\/p>\n<p><strong>Foco no desenvolvimento<\/strong><\/p>\n<p>O senador refor\u00e7ou que a popula\u00e7\u00e3o espera de seus representantes iniciativas voltadas para o <strong>desenvolvimento do pa\u00eds<\/strong>, em vez de movimentos extempor\u00e2neos voltados \u00e0s elei\u00e7\u00f5es de 2026.<\/p>\n<p><em>\u201cA popula\u00e7\u00e3o espera que os homens p\u00fablicos entreguem resultados efetivos para \u00e1reas que realmente impactam o dia a dia dos brasileiros. H\u00e1 muito trabalho a ser feito, e em Bras\u00edlia busco apresentar solu\u00e7\u00f5es reais para as demandas dos munic\u00edpios\u201d,<\/em> concluiu.<\/p>\n<p>\u00a0<\/p>","protected":false},"excerpt":{"rendered":"<p>Bras\u00edlia \u2013 O senador Rodrigo Pacheco anunciou, nesta segunda-feira (1\u00ba), sua perman\u00eancia no PSD mineiro e cobrou do partido uma postura firme contra movimenta\u00e7\u00f5es internas que busquem ades\u00e3o a projetos eleitorais e pol\u00edticos da extrema direita. Ele tamb\u00e9m criticou o que classificou como uma \u201ctentativa desenfreada\u201d de antecipa\u00e7\u00e3o do calend\u00e1rio eleitoral de 2026 por meio [&hellip;]<\/p>\n","protected":false},"author":0,"featured_media":31054,"comment_status":"open","ping_status":"open","sticky":false,"template":"","format":"standard","meta":{"rop_custom_images_group":[],"rop_custom_messages_group":[],"rop_publish_now":"initial","rop_publish_now_accounts":[],"rop_publish_now_history":[],"rop_publish_now_status":"pending","footnotes":""},"categories":[6745],"tags":[],"class_list":["post-31053","post","type-post","status-publish","format-standard","has-post-thumbnail","hentry","category-coluna-sindijori"],"_links":{"self":[{"href":"https:\/\/diariotribuna.com.br\/index.php?rest_route=\/wp\/v2\/posts\/31053"}],"collection":[{"href":"https:\/\/diariotribuna.com.br\/index.php?rest_route=\/wp\/v2\/posts"}],"about":[{"href":"https:\/\/diariotribuna.com.br\/index.php?rest_route=\/wp\/v2\/types\/post"}],"replies":[{"embeddable":true,"href":"https:\/\/diariotribuna.com.br\/index.php?rest_route=%2Fwp%2Fv2%2Fcomments&post=31053"}],"version-history":[{"count":0,"href":"https:\/\/diariotribuna.com.br\/index.php?rest_route=\/wp\/v2\/posts\/31053\/revisions"}],"wp:featuredmedia":[{"embeddable":true,"href":"https:\/\/diariotribuna.com.br\/index.php?rest_route=\/wp\/v2\/media\/31054"}],"wp:attachment":[{"href":"https:\/\/diariotribuna.com.br\/index.php?rest_route=%2Fwp%2Fv2%2Fmedia&parent=31053"}],"wp:term":[{"taxonomy":"category","embeddable":true,"href":"https:\/\/diariotribuna.com.br\/index.php?rest_route=%2Fwp%2Fv2%2Fcategories&post=31053"},{"taxonomy":"post_tag","embeddable":true,"href":"https:\/\/diariotribuna.com.br\/index.php?rest_route=%2Fwp%2Fv2%2Ftags&post=31053"}],"curies":[{"name":"wp","href":"https:\/\/api.w.org\/{rel}","templated":true}]}}