{"id":31594,"date":"2025-10-15T01:19:31","date_gmt":"2025-10-15T04:19:31","guid":{"rendered":"https:\/\/diariotribuna.com.br\/?p=31594"},"modified":"2025-10-20T21:37:19","modified_gmt":"2025-10-21T00:37:19","slug":"levantamento-aponta-uso-de-emendas-pix-para-financiar-shows-pelas-prefeituras-da-regiao","status":"publish","type":"post","link":"https:\/\/diariotribuna.com.br\/?p=31594","title":{"rendered":"Levantamento aponta uso de emendas Pix para financiar shows pelas prefeituras da regi\u00e3o"},"content":{"rendered":"\n<p><mark style=\"background-color:rgba(0, 0, 0, 0)\" class=\"has-inline-color has-cyan-bluish-gray-color\">Publica\u00e7\u00f5es do jornal Estado de Minas apontam que prefeituras destinaram milh\u00f5es de reais em transfer\u00eancias especiais para eventos musicais, inclusive em cidades sem hospital.<\/mark><\/p>\n\n\n<div class=\"wp-block-image\">\n<figure class=\"aligncenter size-full is-resized\"><img loading=\"lazy\" decoding=\"async\" width=\"453\" height=\"251\" src=\"https:\/\/diariotribuna.com.br\/wp-content\/uploads\/2025\/10\/pix.jpg\" alt=\"\" class=\"wp-image-31591\" style=\"width:449px;height:auto\" srcset=\"https:\/\/diariotribuna.com.br\/wp-content\/uploads\/2025\/10\/pix.jpg 453w, https:\/\/diariotribuna.com.br\/wp-content\/uploads\/2025\/10\/pix-300x166.jpg 300w\" sizes=\"(max-width: 453px) 100vw, 453px\" \/><\/figure><\/div>\n\n\n<p>Levantamentos divulgados pelo jornal Estado de Minas apontam que dezenas de prefeituras mineiras,<br>incluindo v\u00e1rias do Vale do Mucuri e Jequitinhonha, utilizaram emendas do Pix \u2014 transfer\u00eancias especiais de deputados federais e estaduais \u2014 para financiar shows e eventos musicais desde o ano de 2023.<br>As informa\u00e7\u00f5es, reunidas pelo N\u00facleo de Dados do Estado de Minas, mostram que 83 munic\u00edpios<br>mineiros aplicaram aproximadamente R$ 29 milh\u00f5es em apresenta\u00e7\u00f5es de artistas de renome nacional, como Leonardo, C\u00e9sar Menotti &amp; Fabiano, Amado Batista, Jorge &amp; Mateus e Maiara &amp; Mara\u00edsa.<br>Gastos na regi\u00e3o &#8211; Na regi\u00e3o do Mucuri e Jequitinhonha, aparecem na lista Nanuque, Machacalis, Padre<br>Para\u00edso, Campan\u00e1rio, Naque, Atal\u00e9ia, Francisc\u00f3polis, Novo Oriente de Minas, Te\u00f3filo Otoni e Malacacheta. Os valores variam de R$ 30 mil a R$ 1,2 milh\u00e3o, de acordo com o tamanho das festividades e o porte das atra\u00e7\u00f5es contratadas.<br>Segundo o levantamento, Nanuque aparece com R$ 1 milh\u00e3o destinados a quatro eventos, enquanto Machacalis registrou R$ 977 mil em nove apresenta\u00e7\u00f5es. Outros munic\u00edpios, como Padre Para\u00edso (R$<br>345 mil), tamb\u00e9m destinaram valores significativos. Em Te\u00f3filo Otoni, o gasto foi de R$ 59 mil em um<br>show realizado com recursos desse tipo de repasse.<\/p>\n\n\n\n<p>Cidades sem hospital tamb\u00e9m receberam recursos &#8211; Uma segunda reportagem do Estado de Minas, publicada nesta segunda-feira (13), destacou que 33 munic\u00edpios mineiros sem hospital utilizaram<br>R$ 8,1 milh\u00f5es em emendas Pix para custear shows. De acordo com o levantamento, essas cidades somam 75 repasses a artistas, mesmo sem oferecer \u00e0 popula\u00e7\u00e3o um equipamento b\u00e1sico de sa\u00fade. Os dados foram cruzados com informa\u00e7\u00f5es do Congresso Nacional, da Assembleia Legislativa de Minas Gerais, do Tribunal de Contas do Estado e do DATASUS, sistema do Minist\u00e9rio da Sa\u00fade.<br>Entre os casos citados, Alpercata, munic\u00edpio do Vale do Rio Doce, aparece no topo da lista, com R$ 860<br>mil em emendas destinadas a shows de Israel &amp; Rodolffo e Babado Novo. Logo em seguida vem Sobr\u00e1lia,<br>com R$ 850 mil, que contratou apresenta\u00e7\u00f5es de Leonardo e Marcos &amp; Belutti.<br>Discuss\u00e3o sobre uso do dinheiro p\u00fablico &#8211; As chamadas emendas Pix permitem que parlamentares<br>repassem recursos diretamente \u00e0s prefeituras, sem a necessidade de conv\u00eanios e com liberdade para que os munic\u00edpios decidam o destino do dinheiro. Embora o uso para atividades culturais seja permitido por ei, especialistas ouvidos pelo Estado de Minas apontam que a falta de crit\u00e9rios claros e de transpar\u00eancia pode favorecer o uso pol\u00edtico dos recursos p\u00fablicos, especialmente em anos eleitorais.<br>O cientista pol\u00edtico Carlos Ranulfo, da Universidade Federal de Minas Gerais (UFMG), afirmou que esse tipo de pr\u00e1tica contribui para a manuten\u00e7\u00e3o de estruturas pol\u00edticas locais, dificultando a renova\u00e7\u00e3o de<br>lideran\u00e7as. J\u00e1 a pesquisadora Juliana Fratini, doutora em Ci\u00eancia Pol\u00edtica, comparou a estrat\u00e9gia ao \u201cmarketing de produto\u201d, em que eventos e festas servem para refor\u00e7ar a imagem de pol\u00edticos perante o eleitorado.<br>Apesar das cr\u00edticas, o uso das emendas para fins culturais n\u00e3o configura ilegalidade, desde que obede\u00e7a \u00e0s normas or\u00e7ament\u00e1rias e de transpar\u00eancia previstas na legisla\u00e7\u00e3o. No entanto, o debate sobre a prioridade dos gastos p\u00fablicos \u2014 especialmente em cidades com car\u00eancias b\u00e1sicas \u2014 permanece em evid\u00eancia.<\/p>\n\n\n\n<p><br><br><br><\/p>\n","protected":false},"excerpt":{"rendered":"<p>Publica\u00e7\u00f5es do jornal Estado de Minas apontam que prefeituras destinaram milh\u00f5es de reais em transfer\u00eancias especiais para eventos musicais, inclusive em cidades sem hospital. Levantamentos divulgados pelo jornal Estado de Minas apontam que dezenas de prefeituras mineiras,incluindo v\u00e1rias do Vale do Mucuri e Jequitinhonha, utilizaram emendas do Pix \u2014 transfer\u00eancias especiais de deputados federais e [&hellip;]<\/p>\n","protected":false},"author":3,"featured_media":31591,"comment_status":"open","ping_status":"open","sticky":false,"template":"","format":"standard","meta":{"rop_custom_images_group":[],"rop_custom_messages_group":[],"rop_publish_now":"initial","rop_publish_now_accounts":[],"rop_publish_now_history":[],"rop_publish_now_status":"pending","footnotes":""},"categories":[17,23],"tags":[],"class_list":["post-31594","post","type-post","status-publish","format-standard","has-post-thumbnail","hentry","category-teofilootoni","category-ultimaedicao"],"_links":{"self":[{"href":"https:\/\/diariotribuna.com.br\/index.php?rest_route=\/wp\/v2\/posts\/31594"}],"collection":[{"href":"https:\/\/diariotribuna.com.br\/index.php?rest_route=\/wp\/v2\/posts"}],"about":[{"href":"https:\/\/diariotribuna.com.br\/index.php?rest_route=\/wp\/v2\/types\/post"}],"author":[{"embeddable":true,"href":"https:\/\/diariotribuna.com.br\/index.php?rest_route=\/wp\/v2\/users\/3"}],"replies":[{"embeddable":true,"href":"https:\/\/diariotribuna.com.br\/index.php?rest_route=%2Fwp%2Fv2%2Fcomments&post=31594"}],"version-history":[{"count":1,"href":"https:\/\/diariotribuna.com.br\/index.php?rest_route=\/wp\/v2\/posts\/31594\/revisions"}],"predecessor-version":[{"id":31595,"href":"https:\/\/diariotribuna.com.br\/index.php?rest_route=\/wp\/v2\/posts\/31594\/revisions\/31595"}],"wp:featuredmedia":[{"embeddable":true,"href":"https:\/\/diariotribuna.com.br\/index.php?rest_route=\/wp\/v2\/media\/31591"}],"wp:attachment":[{"href":"https:\/\/diariotribuna.com.br\/index.php?rest_route=%2Fwp%2Fv2%2Fmedia&parent=31594"}],"wp:term":[{"taxonomy":"category","embeddable":true,"href":"https:\/\/diariotribuna.com.br\/index.php?rest_route=%2Fwp%2Fv2%2Fcategories&post=31594"},{"taxonomy":"post_tag","embeddable":true,"href":"https:\/\/diariotribuna.com.br\/index.php?rest_route=%2Fwp%2Fv2%2Ftags&post=31594"}],"curies":[{"name":"wp","href":"https:\/\/api.w.org\/{rel}","templated":true}]}}