{"id":31596,"date":"2025-10-15T09:43:14","date_gmt":"2025-10-15T12:43:14","guid":{"rendered":"https:\/\/diariotribuna.com.br\/?p=31596"},"modified":"2025-10-15T09:43:14","modified_gmt":"2025-10-15T12:43:14","slug":"parceria-fortalece-prevencao-a-incendios-rurais-em-minas","status":"publish","type":"post","link":"https:\/\/diariotribuna.com.br\/?p=31596","title":{"rendered":"Parceria fortalece preven\u00e7\u00e3o a inc\u00eandios rurais em Minas\u00a0"},"content":{"rendered":"<p class=\"MsoNormal\"><span>FAEMG SENAR | Divulga\u00e7\u00e3o<\/span><\/p>\n<p><span><\/span><span><\/span><span><\/span><span><\/span><span><\/span><span><\/span><span><\/span><span><\/span><span><\/span><span><\/span><span><\/span><\/p>\n<p>A preven\u00e7\u00e3o e o combate aos inc\u00eandios no meio rural ganharam um novo cap\u00edtulo nesta <strong>segunda-feira (13\/10)<\/strong> com a assinatura do <strong>Protocolo de Inten\u00e7\u00f5es<\/strong> que formaliza a uni\u00e3o entre o <strong>Corpo de Bombeiros Militar de Minas Gerais<\/strong> e o <strong>setor agropecu\u00e1rio<\/strong>.<\/p>\n<p>A iniciativa envolve o <strong>Sistema Faemg Senar<\/strong>, a <strong>Secretaria de Estado de Agricultura, Pecu\u00e1ria e Abastecimento (Seapa)<\/strong>, a <strong>Associa\u00e7\u00e3o Mineira da Ind\u00fastria Florestal (Amif)<\/strong>, o <strong>Sistema Ocemg<\/strong>, a <strong>Associa\u00e7\u00e3o da Ind\u00fastria da Bioenergia e do A\u00e7\u00facar de Minas Gerais (Siamig Bioenergia)<\/strong> e a <strong>Empresa de Assist\u00eancia T\u00e9cnica e Extens\u00e3o Rural (Emater-MG)<\/strong>.<\/p>\n<p>O acordo prev\u00ea <strong>a\u00e7\u00f5es conjuntas<\/strong> voltadas \u00e0 <strong>capacita\u00e7\u00e3o de brigadas rurais<\/strong>, <strong>troca de informa\u00e7\u00f5es sobre focos de calor<\/strong> e <strong>promo\u00e7\u00e3o de educa\u00e7\u00e3o ambiental<\/strong>, fortalecendo a preven\u00e7\u00e3o e a resposta a inc\u00eandios florestais em todo o estado.<\/p>\n<h3>Entidades se unem para refor\u00e7ar preven\u00e7\u00e3o e proteger o meio rural<\/h3>\n<p><em>\u201cSabemos o quanto os inc\u00eandios causam danos \u00e0s nossas florestas, \u00e0s \u00e1reas plantadas e \u00e0s propriedades rurais. Precisamos cuidar com aten\u00e7\u00e3o desse ativo valioso, fortalecer a preven\u00e7\u00e3o e investir em capacita\u00e7\u00e3o \u2014 como j\u00e1 fizemos ao treinar mais de 5.000 pessoas nos \u00faltimos anos. \u00c9 hora de agir de forma conjunta, planejada e preventiva. O fogo n\u00e3o \u00e9 pr\u00e1tica do produtor rural moderno, e sim um risco que precisa ser combatido com orienta\u00e7\u00e3o e uni\u00e3o. Contem conosco para seguir juntos nesse esfor\u00e7o por uma Minas mais segura, produtiva e em paz\u201d<\/em>, destacou o <strong>presidente do Sistema Faemg Senar, Ant\u00f4nio de Salvo<\/strong>, durante a cerim\u00f4nia.<\/p>\n<p>O protocolo refor\u00e7a o compromisso das institui\u00e7\u00f5es em <strong>desenvolver normas t\u00e9cnicas conjuntas<\/strong>, <strong>promover capacita\u00e7\u00e3o cont\u00ednua<\/strong>, <strong>compartilhar informa\u00e7\u00f5es sobre focos de calor<\/strong> e <strong>integrar esfor\u00e7os para aumentar a resili\u00eancia das comunidades rurais<\/strong> frente aos inc\u00eandios florestais.<\/p>\n<p>A iniciativa busca <strong>alinhar estrat\u00e9gias de comunica\u00e7\u00e3o, educa\u00e7\u00e3o ambiental e pol\u00edticas p\u00fablicas voltadas \u00e0 sustentabilidade<\/strong>, criando uma <strong>rede colaborativa entre governo, produtores e sociedade civil<\/strong> para enfrentar os desafios das queimadas no campo.<\/p>\n<p><em>\u201cA assinatura deste protocolo representa um marco de maturidade institucional para o nosso estado. Trabalhar em parceria com o setor agropecu\u00e1rio \u00e9 essencial: precisamos unir for\u00e7as, compartilhar experi\u00eancias e buscar solu\u00e7\u00f5es conjuntas. Temos tecnologia, conhecimento e, sobretudo, comprometimento para agir de forma coordenada, proteger o meio ambiente e garantir a sustentabilidade e o desenvolvimento de Minas Gerais. O fogo n\u00e3o reconhece fronteiras, mas, juntos, estaremos cada vez mais preparados para enfrent\u00e1-lo\u201d<\/em>, afirmou a <strong>comandante-geral do Corpo de Bombeiros Militar de Minas Gerais, coronel BM Jordana Daldegan<\/strong>.<\/p>\n<p>O <strong>secret\u00e1rio de Estado de Agricultura, Pecu\u00e1ria e Abastecimento, Thales Fernandes<\/strong>, tamb\u00e9m ressaltou a import\u00e2ncia da uni\u00e3o entre os setores.<\/p>\n<p><em>\u201cA preven\u00e7\u00e3o de inc\u00eandios rurais, junto a todos esses parceiros, \u00e9 fundamental. Nosso objetivo \u00e9 alertar e conscientizar cada vez mais o produtor sobre os riscos do fogo no campo. Os protocolos firmados priorizam justamente a preven\u00e7\u00e3o e a agilidade no combate aos primeiros focos. Unindo for\u00e7as e levando conhecimento at\u00e9 a ponta, junto aos produtores, tenho certeza de que conseguiremos reduzir significativamente os inc\u00eandios florestais e garantir colheitas mais fartas, ano ap\u00f3s ano\u201d<\/em>, afirmou.<\/p>\n<p><span>Presidente do Sistema Faemg Senar, Ant\u00f4nio de Salvo, assinando protocolo de inten\u00e7\u00f5es\u00a0<\/span><\/p>\n<p><\/p>\n<p>Tamb\u00e9m assinaram o protocolo a <strong>presidente da Amif, Adriana Maugeri<\/strong>; o <strong>assessor institucional do Sistema Ocemg, Geraldo Magela da Silva<\/strong>; o <strong>presidente da Siamig Bioenergia, M\u00e1rio Campos<\/strong>; e o <strong>diretor-presidente da Emater-MG, Ot\u00e1vio Maia<\/strong>.<\/p>\n<h3>Queimadas em Minas<\/h3>\n<p>Minas Gerais possui uma das <strong>maiores \u00e1reas rurais do pa\u00eds<\/strong>, com destaque para culturas de grande relev\u00e2ncia nacional e internacional, como <strong>florestas plantadas, soja, cana-de-a\u00e7\u00facar, milho e algod\u00e3o<\/strong>. O per\u00edodo de estiagem aumenta a <strong>vulnerabilidade do meio rural \u00e0 ocorr\u00eancia de inc\u00eandios<\/strong>, que causam <strong>preju\u00edzos econ\u00f4micos, ambientais e sociais<\/strong>, afetando agricultores, comunidades rurais e matas nativas.<\/p>\n<p>Entre <strong>julho e setembro de 2024<\/strong>, as queimadas em Minas atingiram <strong>mais de 305 mil hectares<\/strong> e geraram <strong>preju\u00edzos estimados em R$ 1,2 bilh\u00e3o<\/strong>, especialmente em <strong>pastagens e lavouras<\/strong>.<\/p>\n\n<p>A nova parceria busca <strong>fortalecer a atua\u00e7\u00e3o integrada<\/strong> e <strong>ampliar a colabora\u00e7\u00e3o entre governo, produtores e sociedade<\/strong>, promovendo <strong>prote\u00e7\u00e3o ambiental, seguran\u00e7a no campo e redu\u00e7\u00e3o dos impactos das queimadas<\/strong>.<\/p>\n<p>\u00a0<\/p>","protected":false},"excerpt":{"rendered":"<p>FAEMG SENAR | Divulga\u00e7\u00e3o A preven\u00e7\u00e3o e o combate aos inc\u00eandios no meio rural ganharam um novo cap\u00edtulo nesta segunda-feira (13\/10) com a assinatura do Protocolo de Inten\u00e7\u00f5es que formaliza a uni\u00e3o entre o Corpo de Bombeiros Militar de Minas Gerais e o setor agropecu\u00e1rio. A iniciativa envolve o Sistema Faemg Senar, a Secretaria de [&hellip;]<\/p>\n","protected":false},"author":0,"featured_media":31597,"comment_status":"open","ping_status":"open","sticky":false,"template":"","format":"standard","meta":{"rop_custom_images_group":[],"rop_custom_messages_group":[],"rop_publish_now":"initial","rop_publish_now_accounts":[],"rop_publish_now_history":[],"rop_publish_now_status":"pending","footnotes":""},"categories":[6745],"tags":[],"class_list":["post-31596","post","type-post","status-publish","format-standard","has-post-thumbnail","hentry","category-coluna-sindijori"],"_links":{"self":[{"href":"https:\/\/diariotribuna.com.br\/index.php?rest_route=\/wp\/v2\/posts\/31596"}],"collection":[{"href":"https:\/\/diariotribuna.com.br\/index.php?rest_route=\/wp\/v2\/posts"}],"about":[{"href":"https:\/\/diariotribuna.com.br\/index.php?rest_route=\/wp\/v2\/types\/post"}],"replies":[{"embeddable":true,"href":"https:\/\/diariotribuna.com.br\/index.php?rest_route=%2Fwp%2Fv2%2Fcomments&post=31596"}],"version-history":[{"count":0,"href":"https:\/\/diariotribuna.com.br\/index.php?rest_route=\/wp\/v2\/posts\/31596\/revisions"}],"wp:featuredmedia":[{"embeddable":true,"href":"https:\/\/diariotribuna.com.br\/index.php?rest_route=\/wp\/v2\/media\/31597"}],"wp:attachment":[{"href":"https:\/\/diariotribuna.com.br\/index.php?rest_route=%2Fwp%2Fv2%2Fmedia&parent=31596"}],"wp:term":[{"taxonomy":"category","embeddable":true,"href":"https:\/\/diariotribuna.com.br\/index.php?rest_route=%2Fwp%2Fv2%2Fcategories&post=31596"},{"taxonomy":"post_tag","embeddable":true,"href":"https:\/\/diariotribuna.com.br\/index.php?rest_route=%2Fwp%2Fv2%2Ftags&post=31596"}],"curies":[{"name":"wp","href":"https:\/\/api.w.org\/{rel}","templated":true}]}}