{"id":31598,"date":"2025-10-15T12:11:06","date_gmt":"2025-10-15T15:11:06","guid":{"rendered":"https:\/\/diariotribuna.com.br\/?p=31598"},"modified":"2025-10-15T12:11:06","modified_gmt":"2025-10-15T15:11:06","slug":"queimadas-deixam-11-mil-sem-energia","status":"publish","type":"post","link":"https:\/\/diariotribuna.com.br\/?p=31598","title":{"rendered":"Queimadas deixam 11 mil sem energia\u00a0"},"content":{"rendered":"<p><span>Foto: Divulga\u00e7\u00e3o\/Cemig<\/span><\/p>\n\n\n<p><strong><span>COLUNA MG<\/span><\/strong><\/p>\n<p><span>Principais destaques dos jornais e portais integrantes da rede Sindijori MG\u00a0<\/span><\/p>\n<p><span><a href=\"http:\/\/www.sindijorimg.com.br\/\">www.sindijorimg.com.br<\/a><\/span><\/p>\n<p><span><\/span><\/p>\n\n\n<p><strong><span>Queimadas deixam 11 mil sem energia<\/span><\/strong><\/p>\n<p><span>O n\u00famero de consumidores que tiveram o fornecimento de energia interrompido por causa de queimadas em Juiz de Fora neste ano, no per\u00edodo de janeiro a agosto, foi de 11.301 em duas ocorr\u00eancias, o que representa quase cinco vezes o total verificado em todo o ano passado, quando 2.355 clientes foram prejudicados em seis incidentes. Os dados s\u00e3o da Companhia Energ\u00e9tica de Minas Gerais (Cemig). Na Zona da Mata, o n\u00famero de clientes da Cemig que ficaram sem energia nos oito primeiros meses do ano se aproxima de 13 mil, em 16 ocorr\u00eancias. (Tribuna de Minas \u2013 Juiz de Fora)<\/span><\/p>\n<p><span><a href=\"https:\/\/tribunademinas.com.br\/noticias\/cidade\/15-10-2025\/energia-queimadas.html\">https:\/\/tribunademinas.com.br\/noticias\/cidade\/15-10-2025\/energia-queimadas.html<\/a><\/span><\/p>\n<p><span><\/span><\/p>\n\n<p><strong><span>Asfaltamento da MG-414 retomado<\/span><\/strong><\/p>\n<p><span>O Departamento de Estradas e Rodagens de Minas Gerais (DER) anunciou a empresa vencedora do processo licitat\u00f3rio para o seguimento da obra de asfaltamento da MG-414, que liga o distrito de Amanhece \u00e0 divisa de Minas com o estado de Goi\u00e1s (Rio Parana\u00edba). A empresa HWN Engenharia foi a vencedora do processo e est\u00e1 realizando os tr\u00e2mites legais com confer\u00eancia de documenta\u00e7\u00e3o para a libera\u00e7\u00e3o do in\u00edcio dos trabalhos. (Gazeta do Tri\u00e2ngulo \u2013 Araguari)<\/span><\/p>\n<p><span><a href=\"https:\/\/gazetadotriangulo.com.br\/empresa-hwn-engenharia-vence-licitacao-para-o-seguimento-das-obras-na-mg-414\/\">https:\/\/gazetadotriangulo.com.br\/empresa-hwn-engenharia-vence-licitacao-para-o-seguimento-das-obras-na-mg-414\/<\/a><\/span><\/p>\n<p><span><\/span><\/p>\n\n<p><strong><span>Arax\u00e1 ter\u00e1 torneio de rob\u00f3tica<\/span><\/strong><\/p>\n<p><span>Dias 24 e 25 de outubro, Arax\u00e1 vai sediar a 7\u00aa edi\u00e7\u00e3o do Torneio de Rob\u00f3tica do Cefet Arax\u00e1. Um evento bastante concorrido que vai reunir estudantes de v\u00e1rias cidades brasileiras. Uma disputa que envolve conhecimento, ci\u00eancia, talento, criatividade e estrat\u00e9gia. A competi\u00e7\u00e3o \u00e9 aberta \u00e1 qualquer institui\u00e7\u00e3o educacional, que tenha alunos matriculados, desde o ensino m\u00e9dio \u00e0 universidade. As\u00a0 inscri\u00e7\u00f5es podem ser feitas esta sexta-feira, dia 17 de outubro, pelo site torc-cefetmg.com.br. (Jornal Intera\u00e7\u00e3o)<\/span><\/p>\n<p><span><a href=\"https:\/\/www.jornalinteracao.com.br\/7a-edicao-do-torneio-de-robotica-do-cefet-de-araxa\">https:\/\/www.jornalinteracao.com.br\/7a-edicao-do-torneio-de-robotica-do-cefet-de-araxa<\/a><\/span><\/p>\n<p><span><\/span><\/p>\n\n<p><strong><span>Silvian\u00f3polis tem sitema hakeado<\/span><\/strong><\/p>\n<p><span>A Prefeitura de Silvian\u00f3polis registrou um boletim de ocorr\u00eancia ap\u00f3s constatar o desvio de cerca de R$ 123 mil de contas do munic\u00edpio. De acordo com a administra\u00e7\u00e3o, o caso pode ter rela\u00e7\u00e3o com um golpe aplicado por supostos hackers que se passaram por funcion\u00e1rios do banco. Segundo a prefeitura, R$ 78 mil foram retirados do Fundo Municipal de Turismo, R$ 25 mil da conta da tarifa de ilumina\u00e7\u00e3o p\u00fablica e quase R$ 20 mil de uma conta vinculada a emenda parlamentar. (Di\u00e1rio Regional \u2013 Pouso Alegre)<\/span><\/p>\n<p><span><a href=\"https:\/\/jornaldiarioregional.com.br\/2025\/10\/07\/prefeitura-de-silvianopolis-tem-r-123-mil-desviados-apos-possivel-invasao-hacker\/\">https:\/\/jornaldiarioregional.com.br\/2025\/10\/07\/prefeitura-de-silvianopolis-tem-r-123-mil-desviados-apos-possivel-invasao-hacker\/<\/a><\/span><\/p>\n<p><span><\/span><\/p>\n\n<p><strong><span>Regi\u00e3o do Cerrado lan\u00e7a candidato<\/span><\/strong><\/p>\n<p><span>Com as presen\u00e7as de prefeitos de Uberl\u00e2ndia Dr. Paulo S\u00e9rgio, Elisa Araujo de Uberaba e de mais de 50 cidades com representatividades pol\u00edticas\u00a0 de vereadores das regi\u00f5es do Tri\u00e2ngulo Mineiro, Alto Parana\u00edba, e Noroeste os mais de 500 convidados presentes ao evento Encontro Regional Sou + Cerrado assistiram ao pr\u00e9-lan\u00e7amento da candidatura a deputado estadual do prefeito de Coromandel Dr. Fernando Breno no Clube Recreativo Boa Vista em Coromandel. O evento foi o pontap\u00e9 inicial para a discuss\u00e3o da valoriza\u00e7\u00e3o do Cerrado Mineiro e sua import\u00e2ncia no contexto social, pol\u00edtico, econ\u00f4mico e cultural da regi\u00e3o. (Jornal de Patroc\u00ednio)<\/span><\/p>\n<p><span><a href=\"https:\/\/www.jornaldepatrocinio.com\/coromandel-assiste-confirmacao-do-nome-do-prefeito-fernando-breno-deputado-estadual-em-movimento-sou-cerrado\">https:\/\/www.jornaldepatrocinio.com\/coromandel-assiste-confirmacao-do-nome-do-prefeito-fernando-breno-deputado-estadual-em-movimento-sou-cerrado<\/a><\/span><\/p>\n<p><span><\/span><\/p>\n\n<p><strong><span>Itabira faz festival liter\u00e1rio<\/span><\/strong><\/p>\n<p><span>O 5.\u00ba Flitabira \u2013 Festival Liter\u00e1rio Internacional de Itabira \u2013 acontece entre os dias 29 de outubro, quarta-feira, e 2 de novembro, domingo, com o tema \u201cLiteratura, Encruzilhada e a Rosa do Povo\u201d, no Teatro da FCCDA, em Itabira. O evento \u00e9 apresentado pela Vale, por meio da Lei Rouanet do Minist\u00e9rio da Cultura, com o apoio da Prefeitura de Itabira, e todas as atividades da programa\u00e7\u00e3o s\u00e3o gratuitas. (Itabira Not\u00edcias)<\/span><\/p>\n<p><span><a href=\"https:\/\/itabiranoticia.com.br\/5-o-flitabira-apresenta-inacio-de-loyola-brandao-conceicao-evaristo-milton-hatoum-e-ana-maria-machado-nos-80-anos-de-a-rosa-do-povo-de-drummond\/\">https:\/\/itabiranoticia.com.br\/5-o-flitabira-apresenta-inacio-de-loyola-brandao-conceicao-evaristo-milton-hatoum-e-ana-maria-machado-nos-80-anos-de-a-rosa-do-povo-de-drummond\/<\/a><\/span><\/p>\n<p><span><\/span><\/p>\n\n<p><strong><span>IBGE revela renda em Itatiaiu\u00e7u<\/span><\/strong><\/p>\n<p><span>O rendimento m\u00e9dio mensal do trabalho em Itatiaiu\u00e7u foi de R$ 2.169 em 2022, segundo dados do Censo Demogr\u00e1fico 2022 sobre Trabalho e Rendimento, divulgados pelo Instituto Brasileiro de Geografia e Estat\u00edstica (IBGE). O valor corresponde a quase dois sal\u00e1rios m\u00ednimos da \u00e9poca (R$ 1.212) e posiciona o munic\u00edpio na 2.164\u00aa coloca\u00e7\u00e3o entre os 5.571 munic\u00edpios brasileiros. A m\u00e9dia nacional foi de R$ 2.850, enquanto em Minas Gerais chegou a R$ 2.586. (Folha do Povo)<\/span><\/p>\n<p><span><a href=\"https:\/\/www.folhapovoitatiaiucu.com\/censo-2022-itatiaiucu-tem-rendimento-medio-de-quase-dois-salarios-minimos\">https:\/\/www.folhapovoitatiaiucu.com\/censo-2022-itatiaiucu-tem-rendimento-medio-de-quase-dois-salarios-minimos<\/a><\/span><\/p>\n<p><span><\/span><\/p>\n\n<p>\u00a0<\/p>","protected":false},"excerpt":{"rendered":"<p>Foto: Divulga\u00e7\u00e3o\/Cemig COLUNA MG Principais destaques dos jornais e portais integrantes da rede Sindijori MG\u00a0 www.sindijorimg.com.br Queimadas deixam 11 mil sem energia O n\u00famero de consumidores que tiveram o fornecimento de energia interrompido por causa de queimadas em Juiz de Fora neste ano, no per\u00edodo de janeiro a agosto, foi de 11.301 em duas ocorr\u00eancias, [&hellip;]<\/p>\n","protected":false},"author":0,"featured_media":31599,"comment_status":"open","ping_status":"open","sticky":false,"template":"","format":"standard","meta":{"rop_custom_images_group":[],"rop_custom_messages_group":[],"rop_publish_now":"initial","rop_publish_now_accounts":[],"rop_publish_now_history":[],"rop_publish_now_status":"pending","footnotes":""},"categories":[6745],"tags":[],"class_list":["post-31598","post","type-post","status-publish","format-standard","has-post-thumbnail","hentry","category-coluna-sindijori"],"_links":{"self":[{"href":"https:\/\/diariotribuna.com.br\/index.php?rest_route=\/wp\/v2\/posts\/31598"}],"collection":[{"href":"https:\/\/diariotribuna.com.br\/index.php?rest_route=\/wp\/v2\/posts"}],"about":[{"href":"https:\/\/diariotribuna.com.br\/index.php?rest_route=\/wp\/v2\/types\/post"}],"replies":[{"embeddable":true,"href":"https:\/\/diariotribuna.com.br\/index.php?rest_route=%2Fwp%2Fv2%2Fcomments&post=31598"}],"version-history":[{"count":0,"href":"https:\/\/diariotribuna.com.br\/index.php?rest_route=\/wp\/v2\/posts\/31598\/revisions"}],"wp:featuredmedia":[{"embeddable":true,"href":"https:\/\/diariotribuna.com.br\/index.php?rest_route=\/wp\/v2\/media\/31599"}],"wp:attachment":[{"href":"https:\/\/diariotribuna.com.br\/index.php?rest_route=%2Fwp%2Fv2%2Fmedia&parent=31598"}],"wp:term":[{"taxonomy":"category","embeddable":true,"href":"https:\/\/diariotribuna.com.br\/index.php?rest_route=%2Fwp%2Fv2%2Fcategories&post=31598"},{"taxonomy":"post_tag","embeddable":true,"href":"https:\/\/diariotribuna.com.br\/index.php?rest_route=%2Fwp%2Fv2%2Ftags&post=31598"}],"curies":[{"name":"wp","href":"https:\/\/api.w.org\/{rel}","templated":true}]}}