{"id":31600,"date":"2025-10-16T12:03:17","date_gmt":"2025-10-16T15:03:17","guid":{"rendered":"https:\/\/diariotribuna.com.br\/?p=31600"},"modified":"2025-10-16T12:03:17","modified_gmt":"2025-10-16T15:03:17","slug":"vale-da-eletronica-cresce-20","status":"publish","type":"post","link":"https:\/\/diariotribuna.com.br\/?p=31600","title":{"rendered":"Vale da Eletr\u00f4nica cresce 20%\u00a0"},"content":{"rendered":"<p><span>Foto: Divulga\u00e7\u00e3o\/Sanzio Mello<\/span><\/p>\n\n<p><strong><span>COLUNA MG<\/span><\/strong><\/p>\n<p><span>Principais destaques dos jornais e portais integrantes da rede Sindijori MG\u00a0<\/span><\/p>\n<p><span><a href=\"http:\/\/www.sindijorimg.com.br\/\">www.sindijorimg.com.br<\/a><\/span><\/p>\n<p><span><\/span><\/p>\n\n<p><strong><span>Vale da Eletr\u00f4nica cresce 20%\u00a0<\/span><\/strong><\/p>\n<p><span>O Vale da Eletr\u00f4nica, em Santa Rita do Sapuca\u00ed, no Sul de Minas, deve fechar 2025 com crescimento de 20% no faturamento. O Arranjo Produtivo Local (APL) n\u00e3o sofreu impactos significativos das instabilidades econ\u00f4micas internacional e brasileira. O tarifa\u00e7o imposto pelo presidente dos Estados Unidos, Donald Trump, e a guerra comercial com a China interferiram de forma pontual nas empresas do polo, n\u00e3o impactando a regi\u00e3o como um todo. As informa\u00e7\u00f5es s\u00e3o do presidente do Sindicato das Ind\u00fastrias de Aparelhos El\u00e9tricos, Eletr\u00f4nicos e Similares do Vale da Eletr\u00f4nica (Sindvel), Roberto de Souza Pinto. (Di\u00e1rio do Com\u00e9rcio \u2013 Belo Horizonte)<\/span><\/p>\n<p><span><a href=\"https:\/\/diariodocomercio.com.br\/economia\/vale-eletronica-faturamento-maior\/\">https:\/\/diariodocomercio.com.br\/economia\/vale-eletronica-faturamento-maior\/<\/a><\/span><\/p>\n<p><span><\/span><\/p>\n\n<p><strong><span>260 milh\u00f5es no Projeto Arax\u00e1<\/span><\/strong><\/p>\n<p><span>A St George Mining Limited anunciou a conclus\u00e3o de uma capta\u00e7\u00e3o de A$ 72,5 milh\u00f5es (d\u00f3lar australiano), equivalente a cerca de R$ 260 milh\u00f5es, para financiar a nova etapa de desenvolvimento do Projeto Arax\u00e1, em Minas Gerais, opera\u00e7\u00e3o voltada \u00e0 produ\u00e7\u00e3o de ni\u00f3bio e terras raras. Desse total, A$ 22,5 milh\u00f5es (d\u00f3lar australiano) foram investidos pela Hancock Prospecting Pty Ltd, empresa australiana que \u00e9 acionista das mineradoras Lynas e Arafura, importantes produtoras de terras raras fora da China. (Jornal Intera\u00e7\u00e3o)<\/span><\/p>\n<p><span><a href=\"https:\/\/www.jornalinteracao.com.br\/st-george-recebe-investimento-de-r-260-milhoes-para-o-desenvolvimento-do-projeto-araxa\">https:\/\/www.jornalinteracao.com.br\/st-george-recebe-investimento-de-r-260-milhoes-para-o-desenvolvimento-do-projeto-araxa<\/a><\/span><\/p>\n<p><span><\/span><\/p>\n\n<p><strong><span>Agroneg\u00f3cio em risco de \u2018bolha log\u00edstica\u2019<\/span><\/strong><\/p>\n<p><span>O cen\u00e1rio de dificuldade de cr\u00e9dito no sistema financeiro, somado \u00e0 lentid\u00e3o na chegada dos recursos do Plano Safra ao campo, est\u00e1 for\u00e7ando produtores rurais do Sul de Minas Gerais a adiar a compra de insumos essenciais. Uma, empresa especializada em armazenagem e comercializa\u00e7\u00e3o de gr\u00e3os, com sede em Bom Jesus da Penha\/MG, alerta para o risco iminente de uma &#8220;bolha log\u00edstica&#8221; que pode comprometer o calend\u00e1rio da pr\u00f3xima safra. A falta de acesso a cr\u00e9dito ou o alto custo do financiamento t\u00eam levado muitos agricultores a repensar a estrat\u00e9gia de plantio. (Observo \u2013 Passos)<\/span><\/p>\n<p><span><a href=\"https:\/\/www.observo.com.br\/crise-de-credito-agricola-ameaca-plantio-em-minas\">https:\/\/www.observo.com.br\/crise-de-credito-agricola-ameaca-plantio-em-minas<\/a><\/span><\/p>\n<p><span><\/span><\/p>\n\n<p><strong><span>Ferrovia ter\u00e1 transporte noturno<\/span><\/strong><\/p>\n<p><span>A partir de 2026, a Vale iniciar\u00e1 as viagens noturnas na Estrada de Ferro Vit\u00f3ria-Minas, oferecendo uma nova op\u00e7\u00e3o de transporte entre Belo Horizonte (MG) e Cariacica (ES). O primeiro teste dessa modalidade ocorreu no dia 9 de outubro, quando o trem de passageiros P004 partiu da capital mineira \u00e0s 19h30, com chegada no dia seguinte, \u00e0s 08h45, em Cariacica (ES). A expectativa \u00e9 que as viagens tragam mais comodidade e facilitem o deslocamento de passageiros entre os dois estados. A viagem, com dura\u00e7\u00e3o aproximada de 13 horas, percorre 664 km, passando por 30 esta\u00e7\u00f5es de embarque e desembarque. (Conex 10)<\/span><\/p>\n<p><span><a href=\"https:\/\/www.conex10.com.br\/post\/0005928\/vale-inicia-testes-para-o-futuro-trem-noturno-de-passageiros\">https:\/\/www.conex10.com.br\/post\/0005928\/vale-inicia-testes-para-o-futuro-trem-noturno-de-passageiros<\/a><\/span><\/p>\n<p><span><\/span><\/p>\n\n<p><strong><span>Caet\u00e9 cadastra carro\u00e7as<\/span><\/strong><\/p>\n<p><span>A Prefeitura publicou decreto que estabelece normas para a atividade dos carroceiros na cidade. O chamado Ve\u00edculo de Tra\u00e7\u00e3o Animal (VTA) ter\u00e1 que ser cadastrado e licenciado pelo poder p\u00fablico a cada 24 meses. A utiliza\u00e7\u00e3o de Ve\u00edculo de Tra\u00e7\u00e3o Animal em vias e logradouros p\u00fablicos se sujeita ao pr\u00e9vio licenciamento, cadastramento e fiscaliza\u00e7\u00e3o pela Secretaria Municipal de Defesa Civil e Mobilidade Urbana deste munic\u00edpio, que poder\u00e1 estipular pontos de parada, bem como os locais e hor\u00e1rios em que o tr\u00e2nsito ser\u00e1 permitido, de acordo com as caracter\u00edsticas individuais e destina\u00e7\u00e3o de cada ve\u00edculo. (Jornal Opini\u00e3o \u2013 Caet\u00e9)<\/span><\/p>\n<p><span><a href=\"https:\/\/www.opiniaocaete.com.br\/carrocas-de-caete-terao-cadastro-obrigatorio-e-emplacamento\/\">https:\/\/www.opiniaocaete.com.br\/carrocas-de-caete-terao-cadastro-obrigatorio-e-emplacamento\/<\/a><\/span><\/p>\n<p><span><\/span><\/p>\n\n<p><strong><span>Opera\u00e7\u00e3o apreende notas falsas<\/span><\/strong><\/p>\n<p><span>A Pol\u00edcia Federal, com apoio da Pol\u00edcia Militar de S\u00e3o Sebasti\u00e3o do Para\u00edso, realizou na manh\u00e3 desta quarta-feira, 15, uma opera\u00e7\u00e3o que resultou na apreens\u00e3o de c\u00e9dulas falsas em uma resid\u00eancia localizada na Rua Pedro Montaldi, na cidade. A a\u00e7\u00e3o foi realizada em cumprimento a um mandado de busca e apreens\u00e3o expedido pela Vara Federal de Passos, ap\u00f3s a den\u00fancia dos Correios de S\u00e3o Sebasti\u00e3o do Para\u00edso, que identificaram a entrega de uma encomenda suspeita contendo notas de dinheiro falsificadas. Durante o cumprimento da ordem judicial, duas jovens se encontravam no im\u00f3vel, mas, conforme apurado pela reportagem, elas n\u00e3o t\u00eam qualquer envolvimento com o crime. O principal suspeito de adquirir as c\u00e9dulas n\u00e3o estava na casa no momento da abordagem. (Jornal do Sudoeste \u2013 SS Para\u00edso)<\/span><\/p>\n<p><span><a href=\"https:\/\/jornaldosudoeste.com.br\/noticia_detalhe.php?id=220103\">https:\/\/jornaldosudoeste.com.br\/noticia_detalhe.php?id=220103<\/a><\/span><\/p>\n<p><span><\/span><\/p>\n\n<p>\u00a0<\/p>","protected":false},"excerpt":{"rendered":"<p>Foto: Divulga\u00e7\u00e3o\/Sanzio Mello COLUNA MG Principais destaques dos jornais e portais integrantes da rede Sindijori MG\u00a0 www.sindijorimg.com.br Vale da Eletr\u00f4nica cresce 20%\u00a0 O Vale da Eletr\u00f4nica, em Santa Rita do Sapuca\u00ed, no Sul de Minas, deve fechar 2025 com crescimento de 20% no faturamento. O Arranjo Produtivo Local (APL) n\u00e3o sofreu impactos significativos das instabilidades [&hellip;]<\/p>\n","protected":false},"author":0,"featured_media":31601,"comment_status":"open","ping_status":"open","sticky":false,"template":"","format":"standard","meta":{"rop_custom_images_group":[],"rop_custom_messages_group":[],"rop_publish_now":"initial","rop_publish_now_accounts":[],"rop_publish_now_history":[],"rop_publish_now_status":"pending","footnotes":""},"categories":[6745],"tags":[],"class_list":["post-31600","post","type-post","status-publish","format-standard","has-post-thumbnail","hentry","category-coluna-sindijori"],"_links":{"self":[{"href":"https:\/\/diariotribuna.com.br\/index.php?rest_route=\/wp\/v2\/posts\/31600"}],"collection":[{"href":"https:\/\/diariotribuna.com.br\/index.php?rest_route=\/wp\/v2\/posts"}],"about":[{"href":"https:\/\/diariotribuna.com.br\/index.php?rest_route=\/wp\/v2\/types\/post"}],"replies":[{"embeddable":true,"href":"https:\/\/diariotribuna.com.br\/index.php?rest_route=%2Fwp%2Fv2%2Fcomments&post=31600"}],"version-history":[{"count":0,"href":"https:\/\/diariotribuna.com.br\/index.php?rest_route=\/wp\/v2\/posts\/31600\/revisions"}],"wp:featuredmedia":[{"embeddable":true,"href":"https:\/\/diariotribuna.com.br\/index.php?rest_route=\/wp\/v2\/media\/31601"}],"wp:attachment":[{"href":"https:\/\/diariotribuna.com.br\/index.php?rest_route=%2Fwp%2Fv2%2Fmedia&parent=31600"}],"wp:term":[{"taxonomy":"category","embeddable":true,"href":"https:\/\/diariotribuna.com.br\/index.php?rest_route=%2Fwp%2Fv2%2Fcategories&post=31600"},{"taxonomy":"post_tag","embeddable":true,"href":"https:\/\/diariotribuna.com.br\/index.php?rest_route=%2Fwp%2Fv2%2Ftags&post=31600"}],"curies":[{"name":"wp","href":"https:\/\/api.w.org\/{rel}","templated":true}]}}