{"id":31618,"date":"2025-10-17T12:37:44","date_gmt":"2025-10-17T15:37:44","guid":{"rendered":"https:\/\/diariotribuna.com.br\/?p=31618"},"modified":"2025-10-17T12:37:44","modified_gmt":"2025-10-17T15:37:44","slug":"nova-subestacao-no-norte-de-minas","status":"publish","type":"post","link":"https:\/\/diariotribuna.com.br\/?p=31618","title":{"rendered":"Nova subesta\u00e7\u00e3o no Norte de Minas\u00a0"},"content":{"rendered":"<p><span>Foto: Divulga\u00e7\u00e3o Cemig<\/span><\/p>\n\n<p><strong><span>COLUNA MG<\/span><\/strong><\/p>\n<p><span>Principais destaques dos jornais e portais integrantes da rede Sindijori MG\u00a0<\/span><\/p>\n<p><span><a href=\"http:\/\/www.sindijorimg.com.br\/\">www.sindijorimg.com.br<\/a><\/span><\/p>\n<p><span><\/span><\/p>\n\n<p><strong><span>Nova subesta\u00e7\u00e3o no Norte de Minas<\/span><\/strong><\/p>\n<p><span>A Cemig segue ampliando sua presen\u00e7a e fortalecendo o sistema el\u00e9trico na regi\u00e3o Norte de Minas. A mais recente entrega \u00e9 a amplia\u00e7\u00e3o da subesta\u00e7\u00e3o Jana\u00faba 01, que entra em opera\u00e7\u00e3o no m\u00eas de novembro deste ano, aumentando a pot\u00eancia instalada de 25 MVA para 50 MVA, com a adi\u00e7\u00e3o de mais um transformador. Parte do Programa Mais Energia e com investimento de mais de R$ 19 milh\u00f5es, a obra inclui ainda uma linha de distribui\u00e7\u00e3o met\u00e1lica de 138 kV, com cerca de 32 km de extens\u00e3o. A nova instala\u00e7\u00e3o vai refor\u00e7ar o atendimento \u00e0 Regi\u00e3o de Serra Geral, que j\u00e1 havia re\u00adcebido a SEs Monte Azul e Jana\u00faba 5. (Novo Jornal de Not\u00edcias \u2013 Montes Claros)<\/span><\/p>\n<p><span><a href=\"https:\/\/novojornaldenoticias.com\/noticias\/cemig-entrega-nova-subestacao-e-investe-mais-de-r-62-milhoes\/\">https:\/\/novojornaldenoticias.com\/noticias\/cemig-entrega-nova-subestacao-e-investe-mais-de-r-62-milhoes\/<\/a><\/span><\/p>\n<p><span><\/span><\/p>\n\n<p><strong><span>Festival ajuda na luta contra c\u00e2ncer<\/span><\/strong><\/p>\n<p><span>Entre os dias 2 e 5 de outubro de 2025, a cidade de Nova Resende recebeu o 3\u00ba Festival do Caf\u00e9, um evento solid\u00e1rio promovido pela Coopervitae \u2013 Cooperativa de Cr\u00e9dito de Nova Resende, com o objetivo de arrecadar recursos em prol do Hospital Regional do C\u00e2ncer de Passos (HRC). O evento contou com forte mobiliza\u00e7\u00e3o da comunidade e do setor empresarial, reunindo mais de 53 empresas parceiras, sendo 25 expositores que apresentaram produtos e servi\u00e7os locais. A cada venda realizada, um sino era tocado na tenda central da cooperativa, simbolizando um gesto de esperan\u00e7a e gratid\u00e3o. (Folha Regional \u2013 Muzambinho)<\/span><\/p>\n<p><span><a href=\"https:\/\/afolharegional.com.br\/noticias\/coopervitae-mobiliza-comunidade-no-3o-festival-do-cafe-e-arrecada-fundos-para-o-hospital-do-cancer-de-passos\/\">https:\/\/afolharegional.com.br\/noticias\/coopervitae-mobiliza-comunidade-no-3o-festival-do-cafe-e-arrecada-fundos-para-o-hospital-do-cancer-de-passos\/<\/a><\/span><\/p>\n<p><span><\/span><\/p>\n\n<p><strong><span>Divin\u00f3polis ter\u00e1 evento de inova\u00e7\u00e3o<\/span><\/strong><\/p>\n<p><span>O Sebrae Minas e a Prefeitura de Divin\u00f3polis, por meio da Secretaria Municipal de Desenvolvimento Econ\u00f4mico e Turismo, realizam, no dia 1\u00ba de novembro, a 2\u00aa edi\u00e7\u00e3o do Divin\u00f3polis Summit, o maior evento de inova\u00e7\u00e3o, tecnologia e empreendedorismo do Centro-Oeste mineiro. O evento, que ser\u00e1 realizado das 8h30 \u00e0s 18h, na Faculdade Anhanguera, reunir\u00e1 empreendedores, startups, investidores e mentores especializados em inova\u00e7\u00e3o. (Portal G37)<\/span><\/p>\n<p><span><a href=\"https:\/\/g37.com.br\/divinopolis\/divinopolis-recebe-maior-evento-de-inovacao-e-empreendedorismo-do-centro-oeste-mineiro\/\">https:\/\/g37.com.br\/divinopolis\/divinopolis-recebe-maior-evento-de-inovacao-e-empreendedorismo-do-centro-oeste-mineiro\/<\/a><\/span><\/p>\n<p><span><\/span><\/p>\n\n<p><strong><span>Serra de Santa Helena tem celebra\u00e7\u00e3o<\/span><\/strong><\/p>\n<p><span>A Serra de Santa Helena, s\u00edmbolo natural e espiritual de Sete Lagoas, volta a ser palco de celebra\u00e7\u00e3o e reencontro. No pr\u00f3ximo s\u00e1bado, 25 de outubro, a partir das 18h, acontece a \u00faltima edi\u00e7\u00e3o do ano do Caldo da Lua, evento cultural que encerra 2025 com um convite \u00e0 f\u00e9, \u00e0 reflex\u00e3o e \u00e0 valoriza\u00e7\u00e3o da vida. Com apoio da Prefeitura de Sete Lagoas, o Caldo da Lua \u2013 Edi\u00e7\u00e3o Primavera promete uma noite de m\u00fasica, arte, gastronomia e solidariedade, marcando um novo ciclo de esperan\u00e7a ap\u00f3s os dias dif\u00edceis provocados pelas queimadas que atingiram a Serra nas \u00faltimas semanas. (Di\u00e1rio de Ste Lagoas)<\/span><\/p>\n<p><span><a href=\"https:\/\/www.diariosetelagoas.com.br\/momento-arte-e-renovacao-na-serra-de-santa-helena-caldo-da-lua-celebra-esperanca-apos-as-queimadas\">https:\/\/www.diariosetelagoas.com.br\/momento-arte-e-renovacao-na-serra-de-santa-helena-caldo-da-lua-celebra-esperanca-apos-as-queimadas<\/a><\/span><\/p>\n<p><span><\/span><\/p>\n\n<p><strong><span>Pol\u00edcia ganha Carraro e Poshe<\/span><\/strong><\/p>\n<p><span>Duas potentes m\u00e1quinas agora fazem parte das for\u00e7as de seguran\u00e7a de Minas Gerais. Uma Porsche e um Chevrolet Camaro foram doadas pela Pol\u00edcia Federal (PF) e entregues nessa quinta-feira (16) em Uberaba, no Tri\u00e2ngulo Mineiro. Os ve\u00edculos foram repassados \u00e0 Pol\u00edcia Civil de Minas Gerais (PCMG) e \u00e0 Pol\u00edcia Militar de Minas Gerais (PMMG). A Porsche j\u00e1 foi caracterizada com as cores e ins\u00edgnias da Pol\u00edcia Civil, enquanto o Camaro recebeu o novo padr\u00e3o visual da PM. De acordo com as corpora\u00e7\u00f5es, os autom\u00f3veis ter\u00e3o fun\u00e7\u00e3o simb\u00f3lica e institucional, integrando o acervo de cada for\u00e7a. (Por Dentro de Minas)<\/span><\/p>\n<p><span><a href=\"https:\/\/pordentrodeminas.com.br\/noticias\/gerais\/2025\/10\/policias-civil-e-militar-de-minas-gerais-ganham-porsche-e-camaro-como-viaturas\/?utm_source=whatsapp&amp;utm_medium=Refer%C3%AAncia&amp;utm_term=gerais\">https:\/\/pordentrodeminas.com.br\/noticias\/gerais\/2025\/10\/policias-civil-e-militar-de-minas-gerais-ganham-porsche-e-camaro-como-viaturas\/?utm_source=whatsapp&amp;utm_medium=Refer%C3%AAncia&amp;utm_term=gerais<\/a><\/span><\/p>\n<p><span><\/span><\/p>\n\n<p><strong><span>Diamantina celebra f\u00e9 e devo\u00e7\u00e3o<\/span><\/strong><\/p>\n<p><span>Em Minas Gerais, Diamantina, Patrim\u00f4nio Cultural da Humanidade, celebra em outubro uma de suas mais tradicionais manifesta\u00e7\u00f5es religiosas e culturais: a Festa de Nossa Senhora do Ros\u00e1rio dos Homens Pretos. O evento, que re\u00fane devo\u00e7\u00e3o, hist\u00f3ria e express\u00f5es populares, conta com o apoio da Prefeitura Municipal de Diamantina, por meio da Secretaria Municipal de Cultura e Patrim\u00f4nio, al\u00e9m de devotos e parceiros locais. A programa\u00e7\u00e3o teve in\u00edcio em 10 de outubro e se estende at\u00e9 o dia 19, com novenas, missas tem\u00e1ticas, cortejos, levantamento do mastro, dan\u00e7as tradicionais, participa\u00e7\u00e3o das pastorais e irmandades, al\u00e9m da presen\u00e7a de grupos culturais que refor\u00e7am o car\u00e1ter comunit\u00e1rio da festa. (Estrada Nacional)<\/span><\/p>\n<p><span><a href=\"https:\/\/www.estradanacional.info\/post\/tradi%C3%A7%C3%A3o-f%C3%A9-e-cultura-se-unem-em-diamantina\">https:\/\/www.estradanacional.info\/post\/tradi%C3%A7%C3%A3o-f%C3%A9-e-cultura-se-unem-em-diamantina<\/a><\/span><\/p>\n<p><span><\/span><\/p>\n\n<p>\u00a0<\/p>","protected":false},"excerpt":{"rendered":"<p>Foto: Divulga\u00e7\u00e3o Cemig COLUNA MG Principais destaques dos jornais e portais integrantes da rede Sindijori MG\u00a0 www.sindijorimg.com.br Nova subesta\u00e7\u00e3o no Norte de Minas A Cemig segue ampliando sua presen\u00e7a e fortalecendo o sistema el\u00e9trico na regi\u00e3o Norte de Minas. A mais recente entrega \u00e9 a amplia\u00e7\u00e3o da subesta\u00e7\u00e3o Jana\u00faba 01, que entra em opera\u00e7\u00e3o no [&hellip;]<\/p>\n","protected":false},"author":0,"featured_media":31619,"comment_status":"open","ping_status":"open","sticky":false,"template":"","format":"standard","meta":{"rop_custom_images_group":[],"rop_custom_messages_group":[],"rop_publish_now":"initial","rop_publish_now_accounts":[],"rop_publish_now_history":[],"rop_publish_now_status":"pending","footnotes":""},"categories":[6745],"tags":[],"class_list":["post-31618","post","type-post","status-publish","format-standard","has-post-thumbnail","hentry","category-coluna-sindijori"],"_links":{"self":[{"href":"https:\/\/diariotribuna.com.br\/index.php?rest_route=\/wp\/v2\/posts\/31618"}],"collection":[{"href":"https:\/\/diariotribuna.com.br\/index.php?rest_route=\/wp\/v2\/posts"}],"about":[{"href":"https:\/\/diariotribuna.com.br\/index.php?rest_route=\/wp\/v2\/types\/post"}],"replies":[{"embeddable":true,"href":"https:\/\/diariotribuna.com.br\/index.php?rest_route=%2Fwp%2Fv2%2Fcomments&post=31618"}],"version-history":[{"count":0,"href":"https:\/\/diariotribuna.com.br\/index.php?rest_route=\/wp\/v2\/posts\/31618\/revisions"}],"wp:featuredmedia":[{"embeddable":true,"href":"https:\/\/diariotribuna.com.br\/index.php?rest_route=\/wp\/v2\/media\/31619"}],"wp:attachment":[{"href":"https:\/\/diariotribuna.com.br\/index.php?rest_route=%2Fwp%2Fv2%2Fmedia&parent=31618"}],"wp:term":[{"taxonomy":"category","embeddable":true,"href":"https:\/\/diariotribuna.com.br\/index.php?rest_route=%2Fwp%2Fv2%2Fcategories&post=31618"},{"taxonomy":"post_tag","embeddable":true,"href":"https:\/\/diariotribuna.com.br\/index.php?rest_route=%2Fwp%2Fv2%2Ftags&post=31618"}],"curies":[{"name":"wp","href":"https:\/\/api.w.org\/{rel}","templated":true}]}}