{"id":31620,"date":"2025-10-17T16:18:19","date_gmt":"2025-10-17T19:18:19","guid":{"rendered":"https:\/\/diariotribuna.com.br\/?p=31620"},"modified":"2025-10-17T16:18:19","modified_gmt":"2025-10-17T19:18:19","slug":"pm-recebe-capacitacao-sobre-o-agro-mineiro","status":"publish","type":"post","link":"https:\/\/diariotribuna.com.br\/?p=31620","title":{"rendered":"PM recebe capacita\u00e7\u00e3o sobre o agro mineiro\u00a0"},"content":{"rendered":"<p class=\"MsoNormal\"><span>FAEMG SENAR | Divulga\u00e7\u00e3o<\/span><\/p>\n<p><span><\/span><span><\/span><span><\/span><span><\/span><span><\/span><span><\/span><span><\/span><span><\/span><span><\/span><span><\/span><span><\/span><\/p>\n<p><span>O <\/span><strong>1\u00ba Semin\u00e1rio Seguran\u00e7a no Campo<\/strong><span> foi realizado nesta <\/span><strong>quarta-feira (16\/10)<\/strong><span>, em <\/span><strong>Belo Horizonte<\/strong><span>, pelo <\/span><strong>Sistema Faemg Senar<\/strong><span> em parceria com a <\/span><strong>Pol\u00edcia Militar de Minas Gerais (PMMG)<\/strong><span>. O encontro teve como objetivo <\/span><strong>capacitar os militares que atuam no policiamento rural<\/strong><span> e <\/span><strong>fortalecer as a\u00e7\u00f5es de seguran\u00e7a e integra\u00e7\u00e3o com os produtores mineiros<\/strong><span>.<\/span><\/p>\n<p>O evento ocorreu no <strong>Audit\u00f3rio da Escola de Forma\u00e7\u00e3o e Aperfei\u00e7oamento de Sargentos da Academia de Pol\u00edcia Militar<\/strong> e reuniu cerca de <strong>300 policiais<\/strong>, entre <strong>comandantes de companhias, pelot\u00f5es e patrulhas<\/strong> da <strong>Regi\u00e3o Metropolitana de Belo Horizonte<\/strong>, al\u00e9m de <strong>discentes do Curso de Forma\u00e7\u00e3o de Sargentos<\/strong>.<br \/>A programa\u00e7\u00e3o foi <strong>transmitida ao vivo para unidades do interior<\/strong>, ampliando o alcance da capacita\u00e7\u00e3o.<\/p>\n<p><em>\u201c\u00c0 medida que o campo mineiro cresce e gera mais riqueza, aumenta tamb\u00e9m a necessidade de fortalecer a seguran\u00e7a. Essa parceria entre o Sistema Faemg Senar e a Pol\u00edcia Militar \u00e9 essencial para proteger quem produz. Com di\u00e1logo, informa\u00e7\u00e3o e organiza\u00e7\u00e3o, garantimos um campo mais seguro e produtivo\u201d<\/em>, afirmou o <strong>presidente do Sistema Faemg Senar, Ant\u00f4nio de Salvo<\/strong>.<\/p>\n<p>Tamb\u00e9m participaram do evento o <strong>vice-presidente de Finan\u00e7as do Sistema Faemg Senar, Renato Laguardia<\/strong>; o <strong>superintendente de Relacionamento, Francisco Sim\u00f5es<\/strong>; e o <strong>superintendente do Senar Minas, Celso Furtado J\u00fanior<\/strong>.<\/p>\n<p>Durante o semin\u00e1rio, <strong>especialistas do Sistema Faemg Senar<\/strong> apresentaram um panorama das <strong>principais cadeias produtivas de Minas Gerais<\/strong>, destacando <strong>as \u00e9pocas de safra e os produtos de maior valor de mercado<\/strong>, como o <strong>caf\u00e9<\/strong>, que exige aten\u00e7\u00e3o especial das for\u00e7as de seguran\u00e7a devido ao seu alto valor.<\/p>\n<p>Outros temas em destaque foram a <strong>bovinocultura<\/strong> e a <strong>equideocultura<\/strong>, com explica\u00e7\u00f5es detalhadas sobre os processos de <strong>produ\u00e7\u00e3o, manejo, abate, distribui\u00e7\u00e3o e exporta\u00e7\u00e3o<\/strong>, evidenciando o <strong>impacto econ\u00f4mico e social do agroneg\u00f3cio mineiro<\/strong>.<\/p>\n<p>A <strong>Pol\u00edcia Militar de Minas Gerais<\/strong> tamb\u00e9m apresentou <strong>casos de sucesso da patrulha comunit\u00e1ria rural<\/strong>, mostrando exemplos de como o <strong>estreitamento do relacionamento com as comunidades<\/strong> tem contribu\u00eddo para <strong>aumentar a sensa\u00e7\u00e3o de seguran\u00e7a e confian\u00e7a<\/strong> entre os produtores e moradores do campo.<\/p>\n<p><em>\u201cEste semin\u00e1rio refor\u00e7a o di\u00e1logo da Pol\u00edcia Militar com as comunidades rurais e nosso compromisso em atuar de forma cada vez mais efetiva no campo. Com a patrulha rural e o uso de novas tecnologias, temos registrado redu\u00e7\u00e3o da criminalidade e fortalecido a sensa\u00e7\u00e3o de seguran\u00e7a. Esses resultados refletem o empenho dos nossos policiais em proteger quem vive e trabalha no meio rural\u201d<\/em>, afirmou o <strong>comandante-geral da Pol\u00edcia Militar de Minas Gerais, coronel PM Carlos Frederico Otoni Garcia<\/strong>.<\/p>\n<p>Tamb\u00e9m estiveram presentes o <strong>coronel PM Santiago<\/strong>, da <strong>Diretoria de Comunica\u00e7\u00e3o Organizacional da PMMG<\/strong>; o <strong>coronel PM C\u00e2mara<\/strong>, <strong>diretor de Opera\u00e7\u00f5es<\/strong>; e o <strong>presidente do Sistema Faemg Senar, Ant\u00f4nio de Salvo<\/strong>, al\u00e9m do <strong>vice-presidente de Finan\u00e7as, Renato Laguardia<\/strong>.<\/p>\n\n<p>Coronel Santiago, da Diretoria de Comunica\u00e7\u00e3o Organizacional da PMMG; Coronel Carlos Frederico Otoni Garcia, Comandante-Geral da PMMG, Ant\u00f4nio de Salvo; Coronel C\u00e2mara, Diretor de Opera\u00e7\u00f5es; e Renato Laguardia<\/p>\n<p>Os policiais participantes puderam <strong>aprofundar seus conhecimentos sobre o transporte de produtos e animais<\/strong>, aprendendo a <strong>identificar corretamente os documentos exigidos<\/strong>, como <strong>certificados de origem e notas fiscais<\/strong>, bem como <strong>reconhecer situa\u00e7\u00f5es que dispensam documenta\u00e7\u00e3o<\/strong>.<br \/>Tamb\u00e9m foram abordados temas como a <strong>identifica\u00e7\u00e3o de maquin\u00e1rios agr\u00edcolas<\/strong> e as <strong>boas pr\u00e1ticas no transporte de animais<\/strong>, medidas fundamentais para garantir <strong>seguran\u00e7a, rastreabilidade e conformidade nas opera\u00e7\u00f5es rurais<\/strong>.<\/p>\n\n<p>O semin\u00e1rio proporcionou aos policiais uma <strong>vis\u00e3o aprofundada sobre o perfil dos produtores mineiros<\/strong> e as <strong>especificidades da produ\u00e7\u00e3o rural<\/strong>, contribuindo para uma <strong>atua\u00e7\u00e3o mais estrat\u00e9gica, integrada e pr\u00f3xima das comunidades rurais<\/strong> em todo o estado.<\/p>\n<p>\u00a0<\/p>","protected":false},"excerpt":{"rendered":"<p>FAEMG SENAR | Divulga\u00e7\u00e3o O 1\u00ba Semin\u00e1rio Seguran\u00e7a no Campo foi realizado nesta quarta-feira (16\/10), em Belo Horizonte, pelo Sistema Faemg Senar em parceria com a Pol\u00edcia Militar de Minas Gerais (PMMG). O encontro teve como objetivo capacitar os militares que atuam no policiamento rural e fortalecer as a\u00e7\u00f5es de seguran\u00e7a e integra\u00e7\u00e3o com os [&hellip;]<\/p>\n","protected":false},"author":0,"featured_media":31621,"comment_status":"open","ping_status":"open","sticky":false,"template":"","format":"standard","meta":{"rop_custom_images_group":[],"rop_custom_messages_group":[],"rop_publish_now":"initial","rop_publish_now_accounts":[],"rop_publish_now_history":[],"rop_publish_now_status":"pending","footnotes":""},"categories":[6745],"tags":[],"class_list":["post-31620","post","type-post","status-publish","format-standard","has-post-thumbnail","hentry","category-coluna-sindijori"],"_links":{"self":[{"href":"https:\/\/diariotribuna.com.br\/index.php?rest_route=\/wp\/v2\/posts\/31620"}],"collection":[{"href":"https:\/\/diariotribuna.com.br\/index.php?rest_route=\/wp\/v2\/posts"}],"about":[{"href":"https:\/\/diariotribuna.com.br\/index.php?rest_route=\/wp\/v2\/types\/post"}],"replies":[{"embeddable":true,"href":"https:\/\/diariotribuna.com.br\/index.php?rest_route=%2Fwp%2Fv2%2Fcomments&post=31620"}],"version-history":[{"count":0,"href":"https:\/\/diariotribuna.com.br\/index.php?rest_route=\/wp\/v2\/posts\/31620\/revisions"}],"wp:featuredmedia":[{"embeddable":true,"href":"https:\/\/diariotribuna.com.br\/index.php?rest_route=\/wp\/v2\/media\/31621"}],"wp:attachment":[{"href":"https:\/\/diariotribuna.com.br\/index.php?rest_route=%2Fwp%2Fv2%2Fmedia&parent=31620"}],"wp:term":[{"taxonomy":"category","embeddable":true,"href":"https:\/\/diariotribuna.com.br\/index.php?rest_route=%2Fwp%2Fv2%2Fcategories&post=31620"},{"taxonomy":"post_tag","embeddable":true,"href":"https:\/\/diariotribuna.com.br\/index.php?rest_route=%2Fwp%2Fv2%2Ftags&post=31620"}],"curies":[{"name":"wp","href":"https:\/\/api.w.org\/{rel}","templated":true}]}}