{"id":31622,"date":"2025-10-18T12:09:17","date_gmt":"2025-10-18T15:09:17","guid":{"rendered":"https:\/\/diariotribuna.com.br\/?p=31622"},"modified":"2025-10-18T12:09:17","modified_gmt":"2025-10-18T15:09:17","slug":"montes-claros-inaugura-novo-forum","status":"publish","type":"post","link":"https:\/\/diariotribuna.com.br\/?p=31622","title":{"rendered":"Montes Claros inaugura novo F\u00f3rum\u00a0"},"content":{"rendered":"<p><span>Foto: Divulga\u00e7\u00e3o<\/span><\/p>\n\n<p><strong><span>COLUNA MG<\/span><\/strong><\/p>\n<p><span>Principais destaques dos jornais e portais integrantes da rede Sindijori MG\u00a0<\/span><\/p>\n<p><span><a href=\"http:\/\/www.sindijorimg.com.br\/\">www.sindijorimg.com.br<\/a><\/span><\/p>\n<p><span><\/span><\/p>\n\n<p><strong><span>Montes Claros inaugura novo F\u00f3rum\u00a0<\/span><\/strong><\/p>\n<p><span>A cidade de Montes Claros viveu na quinta-feira, 16, um momento marcante para o sistema judici\u00e1rio e para a cidadania regional: a inaugura\u00e7\u00e3o oficial do novo pr\u00e9dio do F\u00f3rum Gon\u00e7alves Chaves. O evento, que simbolizou um novo cap\u00edtulo na hist\u00f3ria do Judici\u00e1rio no Norte de Minas, teve como principal destaque a presen\u00e7a do Presidente do Tribunal de Justi\u00e7a de Minas Gerais, Desembargador Luiz Carlos de Azevedo Corr\u00eaa J\u00fanior, e do Corregedor-Geral de Justi\u00e7a do Estado, Desembargador Estev\u00e3o Lucheci de Carvalho, al\u00e9m de ju\u00edzes, promotores, defensores p\u00fablicos, advogados, parlamentares e autoridades do Executivo municipal e estadual. (Gazeta Norte Mineira)<\/span><\/p>\n<p><span><a href=\"https:\/\/gazetanm.com.br\/montes-claros-inaugura-novo-forum-goncalves-chaves-com-presenca-de-altas-autoridades-do-judiciario\/\">https:\/\/gazetanm.com.br\/montes-claros-inaugura-novo-forum-goncalves-chaves-com-presenca-de-altas-autoridades-do-judiciario\/<\/a><\/span><\/p>\n<p><span><\/span><\/p>\n\n<p><strong><span>Nova empresa de \u00f4nibus SP\/MG<\/span><\/strong><\/p>\n<p><span>A FlixBus, empresa de tecnologia que conecta pessoas por meio do transporte rodovi\u00e1rio, anuncia o in\u00edcio da comercializa\u00e7\u00e3o de uma nova rota entre S\u00e3o Paulo e Minas Gerais, operada pela Levare Transportes. A novidade liga a grande S\u00e3o Paulo \u00e0 capital mineira, Belo Horizonte, ampliando as op\u00e7\u00f5es de viagem entre dois dos principais polos econ\u00f4micos do pa\u00eds. A empresa j\u00e1 comercializa passagens em outras rotas, com destinos como Uberl\u00e2ndia, Uberaba, Montes Claros, Patos de Minas e Patroc\u00ednio, e segue expandindo sua presen\u00e7a nesse importante corredor interestadual. (Jornal MG Turismo)<\/span><\/p>\n<p><span><a href=\"https:\/\/mgturismo.com.br\/flixbus-lanca-nova-rota-entre-minas-gerais-e-sao-paulo-com-passagens-promocionais-a-partir-de-r-2999\/\">https:\/\/mgturismo.com.br\/flixbus-lanca-nova-rota-entre-minas-gerais-e-sao-paulo-com-passagens-promocionais-a-partir-de-r-2999\/<\/a><\/span><\/p>\n<p><span><\/span><\/p>\n\n<p><strong><span>Uberaba recebe 13 milh\u00f5es para sa\u00fade<\/span><\/strong><\/p>\n<p><span>A Secretaria Municipal de Sa\u00fade de Uberaba informou, por meio de edital, o recebimento de uma s\u00e9rie de repasses financeiros do Minist\u00e9rio da Sa\u00fade, que, somados, ultrapassam a marca de R$13,3 milh\u00f5es. Os recursos, destinados a diversas \u00e1reas da sa\u00fade municipal e regional, foram creditados nas contas da pasta entre os dias 6 e 16 de outubro. O maior volume de recursos (R$5.246.558,27) corresponde \u00e0 parcela 10 de 12 do Teto MAC (M\u00e9dia e Alta Complexidade), fundamental para o custeio de procedimentos de maior complexidade. (Jornal da Manh\u00e3 \u2013 Uberaba)<\/span><\/p>\n<p><span><a href=\"https:\/\/jmonline.com.br\/politica\/ministerio-da-saude-repassa-r-13-3-mi-para-diversas-areas-do-sus-de-uberaba-1.556030\">https:\/\/jmonline.com.br\/politica\/ministerio-da-saude-repassa-r-13-3-mi-para-diversas-areas-do-sus-de-uberaba-1.556030<\/a><\/span><\/p>\n<p><span><\/span><\/p>\n\n<p><strong><span>Agressor ter\u00e1 que ressarcis SUS<\/span><\/strong><\/p>\n<p><span>A Prefeitura de Varginha sancionou a Lei Municipal que determina que agressores de v\u00edtimas de viol\u00eancia dom\u00e9stica e familiar devem ressarcir o Sistema \u00danico de Sa\u00fade (SUS) pelos custos do atendimento prestado \u00e0s v\u00edtimas. Originado do Projeto de Lei n\u00ba 53\/2025, proposto pelo vereador Alexandre Prado, o texto foi sancionado pelo prefeito Leonardo Ciacci em 18 de setembro de 2025 e publicado oficialmente no portal da Prefeitura. O vereador destacou que a lei representa um marco de justi\u00e7a e conscientiza\u00e7\u00e3o. (Gazeta de Varginha)<\/span><\/p>\n<p><span><a href=\"https:\/\/www.gazetadevarginha.com.br\/post\/varginha-sanciona-lei-que-obriga-agressores-a-ressarcir-sus-por-atendimentos-a-v%C3%ADtimas-de-viol%C3%AAncia\">https:\/\/www.gazetadevarginha.com.br\/post\/varginha-sanciona-lei-que-obriga-agressores-a-ressarcir-sus-por-atendimentos-a-v%C3%ADtimas-de-viol%C3%AAncia<\/a><\/span><\/p>\n<p><span><\/span><\/p>\n\n<p><strong><span>Minas cria mais de 87 mil empresas<\/span><\/strong><\/p>\n<p><span>Minas Gerais est\u00e1 prestes a alcan\u00e7ar um marco hist\u00f3rico na cria\u00e7\u00e3o de empresas. De janeiro a setembro deste ano, foram formalizados 87.913 novos empreendimentos no Estado, um crescimento de 17,95% em rela\u00e7\u00e3o ao mesmo per\u00edodo de 2024, quando foram registrados 74.536 neg\u00f3cios. Apenas em setembro, 9.255 empresas foram abertas, o que equivale a mais de 300 novos registros por dia. As informa\u00e7\u00f5es fazem parte do relat\u00f3rio mensal de registros mercantis divulgado pela Junta Comercial do Estado de Minas Gerais (Jucemg). (Edi\u00e7\u00e3o do Brasil)<\/span><\/p>\n<p><span><a href=\"https:\/\/edicaodobrasil.com.br\/estado-registra-abertura-de-cerca-de-88-mil-novos-empreendimentos\/\">https:\/\/edicaodobrasil.com.br\/estado-registra-abertura-de-cerca-de-88-mil-novos-empreendimentos\/<\/a><\/span><\/p>\n<p><span><\/span><\/p>\n\n<p><strong><span>Valadas debate campus da UFJF<\/span><\/strong><\/p>\n<p><span>A constru\u00e7\u00e3o do Campus Unificado da Universidade Federal de Juiz de Fora em Governador Valadares (UFJF-GV) foi tema de uma audi\u00eancia p\u00fablica realizada na semana que passou, na C\u00e2mara Municipal. O encontro reuniu representantes da universidade, docentes, estudantes e lideran\u00e7as locais. O debate ocorreu em um momento estrat\u00e9gico, diante da previs\u00e3o de novos investimentos federais por meio do Novo Acordo Rio Doce, que prev\u00ea a destina\u00e7\u00e3o de R$ 6,5 bilh\u00f5es para ci\u00eancia e tecnologia, dentro de um pacote mais amplo de R$ 170 bilh\u00f5es voltados \u00e0 repara\u00e7\u00e3o e ao desenvolvimento da bacia do Rio Doce. (Di\u00e1rio do Rio Doce)<\/span><\/p>\n<p><span><a href=\"https:\/\/drd.com.br\/valadares-avanca-no-debate-sobre-campus-unificado-da-ufjf\/\">https:\/\/drd.com.br\/valadares-avanca-no-debate-sobre-campus-unificado-da-ufjf\/<\/a><\/span><\/p>\n<p><span><\/span><\/p>\n\n<p>\u00a0<\/p>","protected":false},"excerpt":{"rendered":"<p>Foto: Divulga\u00e7\u00e3o COLUNA MG Principais destaques dos jornais e portais integrantes da rede Sindijori MG\u00a0 www.sindijorimg.com.br Montes Claros inaugura novo F\u00f3rum\u00a0 A cidade de Montes Claros viveu na quinta-feira, 16, um momento marcante para o sistema judici\u00e1rio e para a cidadania regional: a inaugura\u00e7\u00e3o oficial do novo pr\u00e9dio do F\u00f3rum Gon\u00e7alves Chaves. O evento, que [&hellip;]<\/p>\n","protected":false},"author":0,"featured_media":31623,"comment_status":"open","ping_status":"open","sticky":false,"template":"","format":"standard","meta":{"rop_custom_images_group":[],"rop_custom_messages_group":[],"rop_publish_now":"initial","rop_publish_now_accounts":[],"rop_publish_now_history":[],"rop_publish_now_status":"pending","footnotes":""},"categories":[6745],"tags":[],"class_list":["post-31622","post","type-post","status-publish","format-standard","has-post-thumbnail","hentry","category-coluna-sindijori"],"_links":{"self":[{"href":"https:\/\/diariotribuna.com.br\/index.php?rest_route=\/wp\/v2\/posts\/31622"}],"collection":[{"href":"https:\/\/diariotribuna.com.br\/index.php?rest_route=\/wp\/v2\/posts"}],"about":[{"href":"https:\/\/diariotribuna.com.br\/index.php?rest_route=\/wp\/v2\/types\/post"}],"replies":[{"embeddable":true,"href":"https:\/\/diariotribuna.com.br\/index.php?rest_route=%2Fwp%2Fv2%2Fcomments&post=31622"}],"version-history":[{"count":0,"href":"https:\/\/diariotribuna.com.br\/index.php?rest_route=\/wp\/v2\/posts\/31622\/revisions"}],"wp:featuredmedia":[{"embeddable":true,"href":"https:\/\/diariotribuna.com.br\/index.php?rest_route=\/wp\/v2\/media\/31623"}],"wp:attachment":[{"href":"https:\/\/diariotribuna.com.br\/index.php?rest_route=%2Fwp%2Fv2%2Fmedia&parent=31622"}],"wp:term":[{"taxonomy":"category","embeddable":true,"href":"https:\/\/diariotribuna.com.br\/index.php?rest_route=%2Fwp%2Fv2%2Fcategories&post=31622"},{"taxonomy":"post_tag","embeddable":true,"href":"https:\/\/diariotribuna.com.br\/index.php?rest_route=%2Fwp%2Fv2%2Ftags&post=31622"}],"curies":[{"name":"wp","href":"https:\/\/api.w.org\/{rel}","templated":true}]}}