{"id":31628,"date":"2025-10-20T12:11:14","date_gmt":"2025-10-20T15:11:14","guid":{"rendered":"https:\/\/diariotribuna.com.br\/?p=31628"},"modified":"2025-10-20T12:11:14","modified_gmt":"2025-10-20T15:11:14","slug":"professores-da-ufjf-no-ranking","status":"publish","type":"post","link":"https:\/\/diariotribuna.com.br\/?p=31628","title":{"rendered":"Professores da UFJF no ranking\u00a0"},"content":{"rendered":"<p><span>Foto: Divulga\u00e7\u00e3o<\/span><\/p>\n\n<p><strong><span>COLUNA MG<\/span><\/strong><\/p>\n<p><span>Principais destaques dos jornais e portais integrantes da rede Sindijori MG\u00a0<\/span><\/p>\n<p><span><a href=\"http:\/\/www.sindijorimg.com.br\/\">www.sindijorimg.com.br<\/a><\/span><\/p>\n<p><span><\/span><\/p>\n\n<p><strong><span>Professores da UFJF no ranking<\/span><\/strong><\/p>\n<p><span>Seis docentes da Universidade Federal de Juiz de Fora iguram entre os 2% de cientistas mais influentes do mundo, segundo ranking internacional elaborado pela Universidade de Stanford (EUA). O levantamento re\u00fane dados padronizados sobre cita\u00e7\u00f5es e inclui o \u00edndice h \u2014 m\u00e9trica que combina produtividade e impacto com base nos artigos mais citados. A lista, referente ao ano de 2024, avalia a relev\u00e2ncia da produ\u00e7\u00e3o cient\u00edfica global em diferentes \u00e1reas do conhecimento. No total, 1.461 pesquisadores brasileiros integram o estudo, o que posiciona o Brasil na 24\u00aa coloca\u00e7\u00e3o mundial. (Tribuna de Minas \u2013 Juiz de Fora)<\/span><\/p>\n<p><span><a href=\"https:\/\/tribunademinas.com.br\/noticias\/cidade\/19-10-2025\/ranking-de-stanford-coloca-seis-professores-da-ufjf-entre-os-2-mais-influentes-do-mundo-na-ciencia.html\">https:\/\/tribunademinas.com.br\/noticias\/cidade\/19-10-2025\/ranking-de-stanford-coloca-seis-professores-da-ufjf-entre-os-2-mais-influentes-do-mundo-na-ciencia.html<\/a><\/span><\/p>\n<p><span><\/span><\/p>\n\n<p><strong><span>Campeonato de Parapente foi sucesso<\/span><\/strong><\/p>\n<p><span>Terminou no domingo, 19, a 2\u00aa etapa do Campeonato Valadarense de Parapente. A competi\u00e7\u00e3o que contou com a participa\u00e7\u00e3o de v\u00e1rios pilotos de nossa cidade e da regi\u00e3o teve apenas uma prova v\u00e1lida. A iniciativa da Associa\u00e7\u00e3o do Voo Livre Ibituruna contou com o apoio da Prefeitura, por meio da Secretaria de Cultura, Esporte, Lazer e Turismo<\/span><\/p>\n<p><span>No s\u00e1bado (18) a prova de 37 km consistiu em sair da Ibituruna sentido Galil\u00e9ia, depois retornar a Ibituruna, ir em Derribadinha (pontilh\u00e3o) e novamente retornar a Ibituruna e goal (chegada) foi na feira da paz. Segundo o piloto e organizador Enderson Moreira o campeonato foi um sucesso. (Jornal da Cidade)<\/span><\/p>\n<p><span><a href=\"https:\/\/jornaldacidadevalesdeminas.com\/2a-etapa-do-campeonato-valadarense-de-parapente-foi-um-sucesso\/\">https:\/\/jornaldacidadevalesdeminas.com\/2a-etapa-do-campeonato-valadarense-de-parapente-foi-um-sucesso\/<\/a><\/span><\/p>\n<p><span><\/span><\/p>\n\n<p><strong><span>Caratinga se destaca na alimenta\u00e7\u00e3o<\/span><\/strong><\/p>\n<p><span>Em meio \u00e0s discuss\u00f5es do Dia Mundial da Alimenta\u00e7\u00e3o (16 de outubro), um estudo divulgado pelo Tribunal de Contas do Estado de Minas Gerais (TCEMG) revela que a microrregi\u00e3o de Caratinga \u00e9 um dos destaques positivos do estado na ades\u00e3o a pol\u00edticas de seguran\u00e7a alimentar, mas ainda precisa avan\u00e7ar na estrutura das escolas p\u00fablicas. O levantamento integra a s\u00e9rie \u201cConhecer para Fiscalizar\u201d e analisa a situa\u00e7\u00e3o da seguran\u00e7a alimentar em todos os 853 munic\u00edpios mineiros, abordando desde a governan\u00e7a local at\u00e9 a infraestrutura das escolas e a execu\u00e7\u00e3o de programas federais. (Di\u00e1rio de Caratinga)<\/span><\/p>\n<p><span><a href=\"https:\/\/diariodecaratinga.com.br\/regional\/microrregiao-de-caratinga-se-destaca-em-seguranca-alimentar-mas-ainda-enfrenta-desafios-estruturais-nas-escolas-aponta-tcemg\/\">https:\/\/diariodecaratinga.com.br\/regional\/microrregiao-de-caratinga-se-destaca-em-seguranca-alimentar-mas-ainda-enfrenta-desafios-estruturais-nas-escolas-aponta-tcemg\/<\/a><\/span><\/p>\n<p><span><\/span><\/p>\n\n<p><strong><span>Feira de Artesanato abre inscri\u00e7\u00f5es<\/span><\/strong><\/p>\n<p><span>A maior feira de artesanato da Am\u00e9rica Latina, a Feira Nacional de Artesanato (FNA), est\u00e1 com inscri\u00e7\u00f5es abertas para a sua 36\u00aa edi\u00e7\u00e3o, que ser\u00e1 realizada entre os dias 3 e 7 de dezembro, no Expominas, em Belo Horizonte. O evento \u00e9 promovido pelo Instituto Centro de Capacita\u00e7\u00e3o e Apoio ao Empreendedor (Centro Cape) e promete reunir milhares de visitantes, expositores e artistas de todo o pa\u00eds. Com o tema \u201cSustentabilidade\u201d, a edi\u00e7\u00e3o de 2025 refor\u00e7a a import\u00e2ncia de pr\u00e1ticas respons\u00e1veis na produ\u00e7\u00e3o artesanal, incentivando a inova\u00e7\u00e3o sem perder o v\u00ednculo com a tradi\u00e7\u00e3o. (Cidade Conecta \u2013 Nova Lima)<\/span><\/p>\n<p><span><a href=\"https:\/\/www.cidadeconecta.com\/noticias\/cultura\/feira-nacional-de-artesanato-abre-inscricoes-para-a-36a-edicao-em-belo-horizonte\/\">https:\/\/www.cidadeconecta.com\/noticias\/cultura\/feira-nacional-de-artesanato-abre-inscricoes-para-a-36a-edicao-em-belo-horizonte\/<\/a><\/span><\/p>\n<p><span><\/span><\/p>\n\n<p><strong><span>C\u00e2mara quer apurar premia\u00e7\u00e3o<\/span><\/strong><\/p>\n<p><span>A vereadora Meiriele Maximino apresentou um requerimento \u00e0 C\u00e2mara Municipal de Po\u00e7os de Caldas solicitando informa\u00e7\u00f5es sobre os R$ 1.248.000 que, segundo publica\u00e7\u00e3o no Di\u00e1rio Oficial do Munic\u00edpio, foram destinados \u00e0 aquisi\u00e7\u00e3o de medalhas e trof\u00e9us. O pedido ser\u00e1 lido durante a sess\u00e3o legislativa desta ter\u00e7a-feira (21). A parlamentar tamb\u00e9m requer esclarecimentos sobre os gastos com premia\u00e7\u00f5es, arbitragem e outras despesas nos campeonatos de futebol de campo, society e futsal, realizados ou apoiados pela Secretaria Municipal de Esportes nos anos de 2023, 2024 e 2025. (Po\u00e7os J\u00e1)<\/span><\/p>\n<p><span><a href=\"https:\/\/pocosja.com.br\/geral\/2025\/10\/20\/vereadora-quer-explicacoes-sobre-gasto-de-r-12-milhao-com-medalhas-e-trofeus\/\">https:\/\/pocosja.com.br\/geral\/2025\/10\/20\/vereadora-quer-explicacoes-sobre-gasto-de-r-12-milhao-com-medalhas-e-trofeus\/\u00a0<\/a><\/span><\/p>\n<p><span><\/span><\/p>\n\n<p><strong><span>Retotaliza\u00e7\u00e3o altera composi\u00e7\u00e3o da C\u00e2mara<\/span><\/strong><\/p>\n<p><span>No dia 3 de outubro, o TRE\u00ad-MG realizou a retotaliza\u00e7\u00e3o do resultado das Elei\u00e7\u00f5es 2024 para a C\u00e2mara Municipal de Las\u00adsance, no Norte de Minas. O ato foi determinado ap\u00f3s o Tribunal Superior Eleitoral (TSE) acolher o recurso do Avante e deferir o Demonstrativo de Regularidade de Atos Partid\u00e1rios (DRAP) da agremia\u00e7\u00e3o, com a consequente valida\u00e7\u00e3o dos votos recebidos pelos candidatos que concorreram nas elei\u00e7\u00f5es. Com a retotaliza\u00e7\u00e3o, houve mudan\u00e7a nos quocientes eleitoral e partid\u00e1rio. Em raz\u00e3o disso, dois candidatos do Avante foram eleitos (Jornal de Not\u00edcias)<\/span><\/p>\n<p><span><a href=\"https:\/\/novojornaldenoticias.com\/noticias\/retotalizacao-de-votos-altera-a-camara-municipal-de-lassance\/\">https:\/\/novojornaldenoticias.com\/noticias\/retotalizacao-de-votos-altera-a-camara-municipal-de-lassance\/<\/a><\/span><\/p>\n<p><span><\/span><\/p>\n\n<p>\u00a0<\/p>","protected":false},"excerpt":{"rendered":"<p>Foto: Divulga\u00e7\u00e3o COLUNA MG Principais destaques dos jornais e portais integrantes da rede Sindijori MG\u00a0 www.sindijorimg.com.br Professores da UFJF no ranking Seis docentes da Universidade Federal de Juiz de Fora iguram entre os 2% de cientistas mais influentes do mundo, segundo ranking internacional elaborado pela Universidade de Stanford (EUA). O levantamento re\u00fane dados padronizados sobre [&hellip;]<\/p>\n","protected":false},"author":0,"featured_media":31629,"comment_status":"open","ping_status":"open","sticky":false,"template":"","format":"standard","meta":{"rop_custom_images_group":[],"rop_custom_messages_group":[],"rop_publish_now":"initial","rop_publish_now_accounts":[],"rop_publish_now_history":[],"rop_publish_now_status":"pending","footnotes":""},"categories":[6745],"tags":[],"class_list":["post-31628","post","type-post","status-publish","format-standard","has-post-thumbnail","hentry","category-coluna-sindijori"],"_links":{"self":[{"href":"https:\/\/diariotribuna.com.br\/index.php?rest_route=\/wp\/v2\/posts\/31628"}],"collection":[{"href":"https:\/\/diariotribuna.com.br\/index.php?rest_route=\/wp\/v2\/posts"}],"about":[{"href":"https:\/\/diariotribuna.com.br\/index.php?rest_route=\/wp\/v2\/types\/post"}],"replies":[{"embeddable":true,"href":"https:\/\/diariotribuna.com.br\/index.php?rest_route=%2Fwp%2Fv2%2Fcomments&post=31628"}],"version-history":[{"count":0,"href":"https:\/\/diariotribuna.com.br\/index.php?rest_route=\/wp\/v2\/posts\/31628\/revisions"}],"wp:featuredmedia":[{"embeddable":true,"href":"https:\/\/diariotribuna.com.br\/index.php?rest_route=\/wp\/v2\/media\/31629"}],"wp:attachment":[{"href":"https:\/\/diariotribuna.com.br\/index.php?rest_route=%2Fwp%2Fv2%2Fmedia&parent=31628"}],"wp:term":[{"taxonomy":"category","embeddable":true,"href":"https:\/\/diariotribuna.com.br\/index.php?rest_route=%2Fwp%2Fv2%2Fcategories&post=31628"},{"taxonomy":"post_tag","embeddable":true,"href":"https:\/\/diariotribuna.com.br\/index.php?rest_route=%2Fwp%2Fv2%2Ftags&post=31628"}],"curies":[{"name":"wp","href":"https:\/\/api.w.org\/{rel}","templated":true}]}}