{"id":31630,"date":"2025-10-20T11:19:03","date_gmt":"2025-10-20T14:19:03","guid":{"rendered":"https:\/\/diariotribuna.com.br\/?p=31630"},"modified":"2025-10-20T11:19:03","modified_gmt":"2025-10-20T14:19:03","slug":"minas-trend-tera-programacao-gratuita-aberta-ao-publico-com-palestras-desfiles-e-concerto-da-orquestra-sesiminas","status":"publish","type":"post","link":"https:\/\/diariotribuna.com.br\/?p=31630","title":{"rendered":"Minas Trend ter\u00e1 programa\u00e7\u00e3o gratuita, aberta ao p\u00fablico, com palestras, desfiles e concerto da Orquestra SESIMINAS\u00a0"},"content":{"rendered":"<p class=\"MsoNormal\"><span>SISTEMA FIEMG | Divulga\u00e7\u00e3o<\/span><span><\/span><\/p>\n<p><span><\/span><span><\/span><\/p>\n<p><strong>Interessados j\u00e1 podem retirar os ingressos no site Sympla; evento ser\u00e1 realizado de 21 a 23 de outubro, no BH Shopping<\/strong><\/p>\n<p>Al\u00e9m do sal\u00e3o de neg\u00f3cios \u2014 exclusivo para compradores inscritos \u2014, a <strong>34\u00aa edi\u00e7\u00e3o do Minas Trend<\/strong> tamb\u00e9m contar\u00e1 com uma <strong>programa\u00e7\u00e3o gratuita e aberta ao p\u00fablico<\/strong>, entre os dias <strong>21 e 23 de outubro<\/strong>, no <strong>BH Shopping<\/strong>, em Belo Horizonte.<\/p>\n<p>A agenda inclui <strong>palestras, desfiles infantojuvenis<\/strong> e um <strong>concerto especial com a Orquestra SESIMINAS<\/strong>. Os interessados em participar j\u00e1 podem <strong>retirar gratuitamente os ingressos pelo site Sympla<\/strong>.<\/p>\n<h3><strong>Programa\u00e7\u00e3o<\/strong><\/h3>\n<h4><strong>Dia 21 (ter\u00e7a-feira)<\/strong><\/h4>\n<p><strong>10h30 \u2013 Palestra:<\/strong> <em>\u201cPor que a sua loja n\u00e3o d\u00e1 lucro como antes?\u201d<\/em>, com <strong>Leonardo Siqueira<\/strong>, s\u00f3cio e consultor da <strong>Hangar Consultoria<\/strong>. <a href=\"https:\/\/www.sindijorimg.com.br\/admin\/sympla.com.br\/evento\/34-edicao-minas-trend-por-que-a-sua-loja-nao-da-lucro-como-antes-leonardo-siqueira\/3165797?referrer=www.fiemg.com.br\">[Link para ingresso]<\/a><br \/><strong>12h30 \u2013 Palestra:<\/strong> <em>\u201cDo caos ao lucro: o roteiro das lojas que crescem de verdade\u201d<\/em>, com <strong>Jana\u00edna Ortiga<\/strong>, especialista em gest\u00e3o de lojas. <a href=\"https:\/\/www.sindijorimg.com.br\/admin\/sympla.com.br\/evento\/34-edicao-minas-trend-por-que-a-sua-loja-nao-da-lucro-como-antes-leonardo-siqueira\/3165797?referrer=www.fiemg.com.br\">[Link para ingresso]<\/a><br \/><strong>15h \u2013 Desfile Kids:<\/strong> Marcas <strong>Luluzinha, Beefun, Mylu, Oliver, Roana, Tribo da Preserva\u00e7\u00e3o Kids<\/strong> e <strong>Bibe<\/strong>. <a href=\"https:\/\/www.sindijorimg.com.br\/admin\/sympla.com.br\/evento\/34-edicao-minas-trend-por-que-a-sua-loja-nao-da-lucro-como-antes-leonardo-siqueira\/3165797?referrer=www.fiemg.com.br\">[Link para ingresso]<\/a><br \/><strong>16h \u2013 Palestra:<\/strong> <em>\u201cExpans\u00e3o de canais: como marcas de moda est\u00e3o reinventando seu mercado\u201d<\/em>, com <strong>M\u00e1rcia Croce<\/strong>, designer de joias e fundadora da <strong>DGNG<\/strong>, e <strong>Manoel Bernardes<\/strong>, joalheiro e empres\u00e1rio. <a href=\"https:\/\/www.sympla.com.br\/evento\/34-edicao-minas-trend-como-marcas-de-moda-estao-reinventando-seu-mercado-marcia-croce\/3120183?referrer=www.fiemg.com.br&amp;referrer=www.fiemg.com.br\">[Link para ingresso]<\/a><br \/><strong>17h \u2013 Desfile Kids:<\/strong> Marcas <strong>Precoce, Gabriela Aquarela, Pinkx, Cattai, Tribo da Preserva\u00e7\u00e3o Teen, Calvin Klein<\/strong> e <strong>Fro Petit Cal\u00e7ados<\/strong>. <a href=\"https:\/\/www.sympla.com.br\/evento\/34-edicao-minas-trend-desfile-kids-baby-teen\/3140581?referrer=www.fiemg.com.br&amp;referrer=www.fiemg.com.br\">[Link para ingresso]<\/a><br \/><strong>19h \u2013 Palestra:<\/strong> <em>\u201cDicas e estrat\u00e9gias para empreendedores de moda\u201d<\/em>, com <strong>Maria Eduarda Ver\u00edssimo<\/strong>, editora e pesquisadora na <strong>Start by WGSN<\/strong>. <a href=\"https:\/\/www.sympla.com.br\/evento\/34-edicao-minas-trend-desfile-kids-baby-teen\/3140581?referrer=www.fiemg.com.br&amp;referrer=www.fiemg.com.br\">[Link para ingresso]<\/a><\/p>\n<h4><strong>Dia 22 (quarta-feira)<\/strong><\/h4>\n<p><strong>10h30 \u2013 Desfile Kids:<\/strong> Marcas <strong>Bijucharme Acess\u00f3rios, Laia Kids Acess\u00f3rios, Keko Baby, Blue Infantis, Reserva Mini, Rita Colato<\/strong> e <strong>Lilies &amp; Roses NY<\/strong>. <a href=\"https:\/\/www.sindijorimg.com.br\/admin\/sympla.com.br\/evento\/34-edicao-minas-trend-desfile-kids-baby-teen\/3140637?referrer=www.fiemg.com.br\">[Link para ingresso]<\/a><br \/><strong>12h30 \u2013 Desfile Kids:<\/strong> Marcas <strong>Nini e Bambini, Jaca-Lel\u00e9, Digi, Casulo de Anjo, Poah Noah, Banana Danger, Poah Noah Mini<\/strong> e <strong>Ser Garoto Ser Garota<\/strong>. <a href=\"https:\/\/www.sympla.com.br\/evento\/34-edicao-minas-trend-desfile-kids-baby-teen\/3145672?_gl=1*79jgg5*_gcl_au*MTYyNzgyNzQ5NC4xNzU3OTU2MDQ0LjE0MTAxMzI0MzcuMTc1OTIzMTcxNi4xNzU5MjMyMDQz*_ga*NDgwNjkyOTUxLjE3NTc5NTYwNDQ.*_ga_KXH10SQTZF*czE3NTkyMzEzNTMkbzE5JGcxJHQxNzU5MjMyMDU3JGo0NiRsMCRoMzI3MTQ3MjA0&amp;referrer=www.fiemg.com.br&amp;referrer=www.fiemg.com.br\">[Link para ingresso]<\/a><br \/><strong>19h \u2013 Cine Concerto Orquestra SESIMINAS.<\/strong><a href=\"https:\/\/www.sympla.com.br\/evento\/34-edicao-minas-trend-apresentacao-cine-concerto-orquestra-sesiminas\/3120121?referrer=www.fiemg.com.br&amp;referrer=www.fiemg.com.br\"> [Link para ingresso]<\/a><\/p>\n<h4><strong>Dia 23 (quinta-feira)<\/strong><\/h4>\n<p><strong>14h \u2013 Sebrae apresenta:<\/strong> <em>\u201cInspiramais 2026 II\u201d<\/em>, com <strong>Walter Rodrigues<\/strong>, estilista e consultor de design de produto, coordenador do <strong>N\u00facleo de Pesquisa e Design do Inspiramais<\/strong>. <a href=\"https:\/\/www.sympla.com.br\/evento\/34-edicao-minas-trend-apresentacao-cine-concerto-orquestra-sesiminas\/3120121?referrer=www.fiemg.com.br&amp;referrer=www.fiemg.com.br\">[Link para ingresso]<\/a><br \/><strong>15h \u2013 Sebrae apresenta:<\/strong> <em>\u201cLan\u00e7amento de tend\u00eancias Primavera-Ver\u00e3o 26\/27\u201d<\/em>, com <strong>Ang\u00e9lica Coelho<\/strong>, designer de moda. <a href=\"https:\/\/www.sympla.com.br\/evento\/34-edicao-minas-trend-sebrae-apresenta-lancamento-tendencias-primavera-verao-26-27\/3120033?referrer=www.fiemg.com.br&amp;referrer=www.fiemg.com.br\">[Link para ingresso]<\/a><br \/><strong>16h \u2013 Sebrae apresenta:<\/strong> <em>\u201cModa para al\u00e9m da IA: criatividade conectada \u00e0 tecnologia\u201d<\/em>, com <strong>Aline Nunes<\/strong>, consultora no <strong>Senai CETIQT<\/strong>. <a href=\"https:\/\/www.sympla.com.br\/evento\/34-edicao-minas-trend-sebrae-apresenta-moda-para-alem-da-ia-criatividade-conectada-a-tecnologia\/3124827?referrer=www.fiemg.com.br&amp;referrer=www.fiemg.com.br\">[Link para ingresso]<\/a><\/p>\n<h3><strong>Sobre o evento<\/strong><\/h3>\n<p>O <strong>Minas Trend<\/strong> \u00e9 uma realiza\u00e7\u00e3o da <strong>FIEMG<\/strong>, por iniciativa de sua <strong>C\u00e2mara da Ind\u00fastria de Insumos e Transforma\u00e7\u00e3o do Vestu\u00e1rio, Cal\u00e7ados e Acess\u00f3rios<\/strong>, e das entidades <strong>SESI<\/strong> e <strong>SENAI<\/strong>, com <strong>patroc\u00ednio da Companhia de Desenvolvimento de Minas Gerais (Codemge)<\/strong> e <strong>apoio m\u00e1ster do Sebrae Minas<\/strong>.<\/p>\n<h3><strong>Servi\u00e7o<\/strong><\/h3>\n<p><strong>34\u00aa edi\u00e7\u00e3o do Minas Trend<\/strong><br \/><strong>Data:<\/strong> 21 a 23 de outubro de 2025<br \/><strong>Hor\u00e1rio:<\/strong> 10h \u00e0s 20h<br \/><strong>Local:<\/strong> BH Shopping \u2013 Piso Ouro Preto (BR-356, 3049, Belvedere \u2013 Belo Horizonte\/MG)<\/p>\n<p><strong>Credenciamento:<\/strong><br \/>O credenciamento para <strong>imprensa e influenciadores digitais<\/strong>, limitado a <strong>250 profissionais<\/strong>, <a href=\"https:\/\/www11.fiemg.com.br\/MINASTREND\/APP\/SolicitacaoParticipacao\/cadastro-imprensa\">j\u00e1 est\u00e1 dispon\u00edvel [neste link].<\/a><br \/>Confira o regulamento de participa\u00e7\u00e3o <a href=\"https:\/\/www.fiemg.com.br\/wp-content\/uploads\/2025\/09\/REGULAMENTO-PARA-A-PARTICIPACAO-DO-MINAS-TREND.pdf\">clicando aqui.<\/a><br \/>Para mais informa\u00e7\u00f5es em: <strong><a href=\"https:\/\/www.fiemg.com.br\/minas-trend\/\">www.minastrend.com.br\u00a0<\/a><\/strong><\/p>\n\n<p><strong>Imprensa FIEMG<\/strong><\/p>\n<p>\u00a0<\/p>","protected":false},"excerpt":{"rendered":"<p>SISTEMA FIEMG | Divulga\u00e7\u00e3o Interessados j\u00e1 podem retirar os ingressos no site Sympla; evento ser\u00e1 realizado de 21 a 23 de outubro, no BH Shopping Al\u00e9m do sal\u00e3o de neg\u00f3cios \u2014 exclusivo para compradores inscritos \u2014, a 34\u00aa edi\u00e7\u00e3o do Minas Trend tamb\u00e9m contar\u00e1 com uma programa\u00e7\u00e3o gratuita e aberta ao p\u00fablico, entre os dias [&hellip;]<\/p>\n","protected":false},"author":0,"featured_media":31631,"comment_status":"open","ping_status":"open","sticky":false,"template":"","format":"standard","meta":{"rop_custom_images_group":[],"rop_custom_messages_group":[],"rop_publish_now":"initial","rop_publish_now_accounts":[],"rop_publish_now_history":[],"rop_publish_now_status":"pending","footnotes":""},"categories":[6745],"tags":[],"class_list":["post-31630","post","type-post","status-publish","format-standard","has-post-thumbnail","hentry","category-coluna-sindijori"],"_links":{"self":[{"href":"https:\/\/diariotribuna.com.br\/index.php?rest_route=\/wp\/v2\/posts\/31630"}],"collection":[{"href":"https:\/\/diariotribuna.com.br\/index.php?rest_route=\/wp\/v2\/posts"}],"about":[{"href":"https:\/\/diariotribuna.com.br\/index.php?rest_route=\/wp\/v2\/types\/post"}],"replies":[{"embeddable":true,"href":"https:\/\/diariotribuna.com.br\/index.php?rest_route=%2Fwp%2Fv2%2Fcomments&post=31630"}],"version-history":[{"count":0,"href":"https:\/\/diariotribuna.com.br\/index.php?rest_route=\/wp\/v2\/posts\/31630\/revisions"}],"wp:featuredmedia":[{"embeddable":true,"href":"https:\/\/diariotribuna.com.br\/index.php?rest_route=\/wp\/v2\/media\/31631"}],"wp:attachment":[{"href":"https:\/\/diariotribuna.com.br\/index.php?rest_route=%2Fwp%2Fv2%2Fmedia&parent=31630"}],"wp:term":[{"taxonomy":"category","embeddable":true,"href":"https:\/\/diariotribuna.com.br\/index.php?rest_route=%2Fwp%2Fv2%2Fcategories&post=31630"},{"taxonomy":"post_tag","embeddable":true,"href":"https:\/\/diariotribuna.com.br\/index.php?rest_route=%2Fwp%2Fv2%2Ftags&post=31630"}],"curies":[{"name":"wp","href":"https:\/\/api.w.org\/{rel}","templated":true}]}}