{"id":31716,"date":"2025-10-31T22:58:17","date_gmt":"2025-11-01T01:58:17","guid":{"rendered":"https:\/\/diariotribuna.com.br\/?p=31716"},"modified":"2025-10-31T23:04:14","modified_gmt":"2025-11-01T02:04:14","slug":"jovens-acolhidos-participam-de-acoes-no-forum-de-teofilo-otoni","status":"publish","type":"post","link":"https:\/\/diariotribuna.com.br\/?p=31716","title":{"rendered":"Jovens acolhidos participam de a\u00e7\u00f5es no F\u00f3rum de Te\u00f3filo Otoni"},"content":{"rendered":"<div class=\"wp-block-image\">\n<figure class=\"alignleft size-full\"><img loading=\"lazy\" decoding=\"async\" width=\"543\" height=\"364\" src=\"https:\/\/diariotribuna.com.br\/wp-content\/uploads\/2025\/10\/image-1.png\" alt=\"\" class=\"wp-image-31718\" srcset=\"https:\/\/diariotribuna.com.br\/wp-content\/uploads\/2025\/10\/image-1.png 543w, https:\/\/diariotribuna.com.br\/wp-content\/uploads\/2025\/10\/image-1-300x201.png 300w\" sizes=\"(max-width: 543px) 100vw, 543px\" \/><\/figure><\/div>\n\n\n<p>A Comarca de Te\u00f3filo Otoni realizou, no dia 24\/10, atividades em refer\u00eancia \u00e0 \u201cSemana da Prote\u00e7\u00e3o Integral da Inf\u00e2ncia e da Juventude\u201d, institu\u00edda pela Portaria Conjunta n\u00ba 1726\/PR\/2025 do TJMG. Conduzidas pela ju\u00edza diretora do Foro e titular da Vara da Inf\u00e2ncia e da Juventude e de Cartas Precat\u00f3rias C\u00edveis da Comarca de Te\u00f3filo Otoni.<\/p>\n\n\n\n<p>Aline Gomes dos Santos Silva, as a\u00e7\u00f5es ocorreram durante o per\u00edodo em que crian\u00e7as e adolescentes aguardavam para ser ouvidos nas audi\u00eancias concentradas, realizadas pela Vara da Inf\u00e2ncia e Juventude.<br>\u201cNessa Semana da Prote\u00e7\u00e3o Integral fizemos audi\u00eancias concentradas dos acolhidos e, enquanto eles aguardavam serem ouvidos, participaram de brincadeiras e din\u00e2micas no servi\u00e7o psicossocial.<br>Em meio a brincadeiras, din\u00e2micas de grupo, sorrisos e conex\u00f5es de afeto, o Setor Psicossocial<br>da Comarca de Te\u00f3filo Otoni realizou, no m\u00eas de outubro, a a\u00e7\u00e3o \u2018A Amizade como Forma de Conex\u00e3o e Apoio Afetivos\u2019, com crian\u00e7as e adolescentes em situa\u00e7\u00e3o de acolhimento institucional.\u201d<br><br><a href=\"https:\/\/diariotribuna.com.br\/wp-content\/uploads\/2025\/10\/DIARIO-TRIBUNA-31-OUT-2025.pdf#page=2\" data-type=\"page\" data-id=\"31717\">Leia a mat\u00e9ria completa aqui<\/a>.<br><br><\/p>\n\n\n\n<p><\/p>\n","protected":false},"excerpt":{"rendered":"<p>A Comarca de Te\u00f3filo Otoni realizou, no dia 24\/10, atividades em refer\u00eancia \u00e0 \u201cSemana da Prote\u00e7\u00e3o Integral da Inf\u00e2ncia e da Juventude\u201d, institu\u00edda pela Portaria Conjunta n\u00ba 1726\/PR\/2025 do TJMG. Conduzidas pela ju\u00edza diretora do Foro e titular da Vara da Inf\u00e2ncia e da Juventude e de Cartas Precat\u00f3rias C\u00edveis da Comarca de Te\u00f3filo Otoni. [&hellip;]<\/p>\n","protected":false},"author":3,"featured_media":31718,"comment_status":"open","ping_status":"open","sticky":false,"template":"","format":"standard","meta":{"rop_custom_images_group":[],"rop_custom_messages_group":[],"rop_publish_now":"initial","rop_publish_now_accounts":[],"rop_publish_now_history":[],"rop_publish_now_status":"pending","footnotes":""},"categories":[25,19],"tags":[],"class_list":["post-31716","post","type-post","status-publish","format-standard","has-post-thumbnail","hentry","category-destaque","category-gerais"],"_links":{"self":[{"href":"https:\/\/diariotribuna.com.br\/index.php?rest_route=\/wp\/v2\/posts\/31716"}],"collection":[{"href":"https:\/\/diariotribuna.com.br\/index.php?rest_route=\/wp\/v2\/posts"}],"about":[{"href":"https:\/\/diariotribuna.com.br\/index.php?rest_route=\/wp\/v2\/types\/post"}],"author":[{"embeddable":true,"href":"https:\/\/diariotribuna.com.br\/index.php?rest_route=\/wp\/v2\/users\/3"}],"replies":[{"embeddable":true,"href":"https:\/\/diariotribuna.com.br\/index.php?rest_route=%2Fwp%2Fv2%2Fcomments&post=31716"}],"version-history":[{"count":2,"href":"https:\/\/diariotribuna.com.br\/index.php?rest_route=\/wp\/v2\/posts\/31716\/revisions"}],"predecessor-version":[{"id":31721,"href":"https:\/\/diariotribuna.com.br\/index.php?rest_route=\/wp\/v2\/posts\/31716\/revisions\/31721"}],"wp:featuredmedia":[{"embeddable":true,"href":"https:\/\/diariotribuna.com.br\/index.php?rest_route=\/wp\/v2\/media\/31718"}],"wp:attachment":[{"href":"https:\/\/diariotribuna.com.br\/index.php?rest_route=%2Fwp%2Fv2%2Fmedia&parent=31716"}],"wp:term":[{"taxonomy":"category","embeddable":true,"href":"https:\/\/diariotribuna.com.br\/index.php?rest_route=%2Fwp%2Fv2%2Fcategories&post=31716"},{"taxonomy":"post_tag","embeddable":true,"href":"https:\/\/diariotribuna.com.br\/index.php?rest_route=%2Fwp%2Fv2%2Ftags&post=31716"}],"curies":[{"name":"wp","href":"https:\/\/api.w.org\/{rel}","templated":true}]}}