{"id":31722,"date":"2025-10-31T23:11:46","date_gmt":"2025-11-01T02:11:46","guid":{"rendered":"https:\/\/diariotribuna.com.br\/?p=31722"},"modified":"2025-10-31T23:14:57","modified_gmt":"2025-11-01T02:14:57","slug":"circuito-turistico-das-pedras-preciosas-e-prefeitura-municipal-de-itamarandiba-lancam-plano-integrado-de-turismo","status":"publish","type":"post","link":"https:\/\/diariotribuna.com.br\/?p=31722","title":{"rendered":"Circuito Tur\u00edstico das Pedras Preciosas e Prefeitura Municipal de Itamarandiba lan\u00e7am plano integrado de turismo"},"content":{"rendered":"<div class=\"wp-block-image\">\n<figure class=\"aligncenter size-full\"><img loading=\"lazy\" decoding=\"async\" width=\"611\" height=\"305\" src=\"https:\/\/diariotribuna.com.br\/wp-content\/uploads\/2025\/10\/image-2.png\" alt=\"\" class=\"wp-image-31723\" srcset=\"https:\/\/diariotribuna.com.br\/wp-content\/uploads\/2025\/10\/image-2.png 611w, https:\/\/diariotribuna.com.br\/wp-content\/uploads\/2025\/10\/image-2-300x150.png 300w\" sizes=\"(max-width: 611px) 100vw, 611px\" \/><\/figure><\/div>\n\n\n<p>No \u00faltimo dia 22 de outubro foi lan\u00e7ado em Itamarandiba, no Vale do Jequitinhonha, o Plano Integrado de Desenvolvimento Sustent\u00e1vel do Turismo do Munic\u00edpio 2026-2027- PIDTUR Itamarandiba. Estiveram presentes na reuni\u00e3o de lan\u00e7amento os representantes da comunidade local ligados direta e indiretamente com o setor tur\u00edstico; o prefeito do munic\u00edpio, Dr. Pedro Afonso Fernandes Filho; e os representantes da Associa\u00e7\u00e3o do Circuito Tur\u00edstico das Pedras Preciosas, o turism\u00f3logo e Mestre em Cultura e Turismo, Bruno de S\u00e1; e a turism\u00f3loga formada pela UFMG, Luana Monticelli.<br>O plano prev\u00ea um conjunto de a\u00e7\u00f5es integradas entre prefeitura, atores locais e o Circuito Tur\u00edstico das Pedras Preciosas, e visa o amadurecimento, o fortalecimento, o desenvolvimento e a promo\u00e7\u00e3o do turismo de Itamarandiba. Dentre as a\u00e7\u00f5es previstas no documento est\u00e3o a formata\u00e7\u00e3o de roteiros tur\u00edsticos, experi\u00eancias tur\u00edsticas e produtos tur\u00edsticos no munic\u00edpio; melhorias nos atrativos locais j\u00e1 existentes, como o Parque Estadual da Serra Negra; a implanta\u00e7\u00e3o de um projeto de sinaliza\u00e7\u00e3o tur\u00edstica; e a cria\u00e7\u00e3o de uma marca para o turismo de Itamarandiba, que ser\u00e1 utilizada em todas as campanhas tur\u00edsticas promocionais deste destino.<br><br><a href=\"https:\/\/diariotribuna.com.br\/wp-content\/uploads\/2025\/10\/DIARIO-TRIBUNA-31-OUT-2025.pdf#page=2\">Leia a mat\u00e9ria completa aqui<\/a>.<\/p>\n","protected":false},"excerpt":{"rendered":"<p>No \u00faltimo dia 22 de outubro foi lan\u00e7ado em Itamarandiba, no Vale do Jequitinhonha, o Plano Integrado de Desenvolvimento Sustent\u00e1vel do Turismo do Munic\u00edpio 2026-2027- PIDTUR Itamarandiba. Estiveram presentes na reuni\u00e3o de lan\u00e7amento os representantes da comunidade local ligados direta e indiretamente com o setor tur\u00edstico; o prefeito do munic\u00edpio, Dr. Pedro Afonso Fernandes Filho; [&hellip;]<\/p>\n","protected":false},"author":3,"featured_media":31723,"comment_status":"open","ping_status":"open","sticky":false,"template":"","format":"standard","meta":{"rop_custom_images_group":[],"rop_custom_messages_group":[],"rop_publish_now":"initial","rop_publish_now_accounts":[],"rop_publish_now_history":[],"rop_publish_now_status":"pending","footnotes":""},"categories":[25,18],"tags":[],"class_list":["post-31722","post","type-post","status-publish","format-standard","has-post-thumbnail","hentry","category-destaque","category-regiao"],"_links":{"self":[{"href":"https:\/\/diariotribuna.com.br\/index.php?rest_route=\/wp\/v2\/posts\/31722"}],"collection":[{"href":"https:\/\/diariotribuna.com.br\/index.php?rest_route=\/wp\/v2\/posts"}],"about":[{"href":"https:\/\/diariotribuna.com.br\/index.php?rest_route=\/wp\/v2\/types\/post"}],"author":[{"embeddable":true,"href":"https:\/\/diariotribuna.com.br\/index.php?rest_route=\/wp\/v2\/users\/3"}],"replies":[{"embeddable":true,"href":"https:\/\/diariotribuna.com.br\/index.php?rest_route=%2Fwp%2Fv2%2Fcomments&post=31722"}],"version-history":[{"count":3,"href":"https:\/\/diariotribuna.com.br\/index.php?rest_route=\/wp\/v2\/posts\/31722\/revisions"}],"predecessor-version":[{"id":31726,"href":"https:\/\/diariotribuna.com.br\/index.php?rest_route=\/wp\/v2\/posts\/31722\/revisions\/31726"}],"wp:featuredmedia":[{"embeddable":true,"href":"https:\/\/diariotribuna.com.br\/index.php?rest_route=\/wp\/v2\/media\/31723"}],"wp:attachment":[{"href":"https:\/\/diariotribuna.com.br\/index.php?rest_route=%2Fwp%2Fv2%2Fmedia&parent=31722"}],"wp:term":[{"taxonomy":"category","embeddable":true,"href":"https:\/\/diariotribuna.com.br\/index.php?rest_route=%2Fwp%2Fv2%2Fcategories&post=31722"},{"taxonomy":"post_tag","embeddable":true,"href":"https:\/\/diariotribuna.com.br\/index.php?rest_route=%2Fwp%2Fv2%2Ftags&post=31722"}],"curies":[{"name":"wp","href":"https:\/\/api.w.org\/{rel}","templated":true}]}}