{"id":31734,"date":"2025-10-29T19:39:51","date_gmt":"2025-10-29T22:39:51","guid":{"rendered":"https:\/\/diariotribuna.com.br\/?p=31734"},"modified":"2025-11-01T12:46:22","modified_gmt":"2025-11-01T15:46:22","slug":"apreensao-de-arma-de-fogo-acessorio-e-municao-em-aracuai","status":"publish","type":"post","link":"https:\/\/diariotribuna.com.br\/?p=31734","title":{"rendered":"Apreens\u00e3o de arma de fogo, acess\u00f3rio e muni\u00e7\u00e3o, em Ara\u00e7ua\u00ed"},"content":{"rendered":"<div class=\"wp-block-image\">\n<figure class=\"alignleft size-full\"><img loading=\"lazy\" decoding=\"async\" width=\"400\" height=\"289\" src=\"https:\/\/diariotribuna.com.br\/wp-content\/uploads\/2025\/11\/armas.png\" alt=\"\" class=\"wp-image-31735\" srcset=\"https:\/\/diariotribuna.com.br\/wp-content\/uploads\/2025\/11\/armas.png 400w, https:\/\/diariotribuna.com.br\/wp-content\/uploads\/2025\/11\/armas-300x217.png 300w, https:\/\/diariotribuna.com.br\/wp-content\/uploads\/2025\/11\/armas-324x235.png 324w\" sizes=\"(max-width: 400px) 100vw, 400px\" \/><\/figure><\/div>\n\n\n<p>Durante opera\u00e7\u00e3o policial, na quinta-feira (23\/10\/25) a equipe policial foi acionada via 190 para atender a uma ocorr\u00eancia de amea\u00e7a em uma mercearia na comunidade Alfredo Gra\u00e7a. Segundo a solicita\u00e7\u00e3o, o autor de 48 anos de idade estaria amea\u00e7ando clientes e funcion\u00e1rios de morte, inicialmente com uma faca e, posteriormente, com uma espingarda.<br>No local, os policiais encontraram o indiv\u00edduo<br>amarrado e ferido, com escoria\u00e7\u00f5es pelo corpo e<br>sangramento na cabe\u00e7a.<br>Pr\u00f3ximo a ele havia uma espingarda tipo polveira quebrada e uma faca danificada. Ele recebeu voz de pris\u00e3o em flagrante.<br>As v\u00edtimas relataram que o autor chegou ao com\u00e9rcio bastante alterado, aparentando uso de \u00e1lcool e drogas, e come\u00e7ou a fazer amea\u00e7as, dizendo que \u201cqueria matar algu\u00e9m e voltar para a cadeia\u201d. Ap\u00f3s discutir com funcion\u00e1rios, saiu e retornou armado com uma faca, amea\u00e7ando novamente as v\u00edtimas. Em seguida, foi embora e retornou mais uma vez, agora com uma espingarda, refor\u00e7ando as amea\u00e7as de morte. Diante do risco, uma das v\u00edtimas, com ajuda de familiares, conseguiu desarmar e imobilizar o autor ap\u00f3s luta corporal, quebrando a espingarda.<br><br><a href=\"https:\/\/diariotribuna.com.br\/wp-content\/uploads\/2025\/10\/DIARIO-TRIBUNA-29-OUT-2025.pdf#page=6\" data-type=\"link\" data-id=\"https:\/\/diariotribuna.com.br\/wp-content\/uploads\/2025\/10\/DIARIO-TRIBUNA-29-OUT-2025.pdf#page=6\">Leia a mat\u00e9ria completa aqui<\/a>.<\/p>\n\n\n\n<p><\/p>\n","protected":false},"excerpt":{"rendered":"<p>Durante opera\u00e7\u00e3o policial, na quinta-feira (23\/10\/25) a equipe policial foi acionada via 190 para atender a uma ocorr\u00eancia de amea\u00e7a em uma mercearia na comunidade Alfredo Gra\u00e7a. Segundo a solicita\u00e7\u00e3o, o autor de 48 anos de idade estaria amea\u00e7ando clientes e funcion\u00e1rios de morte, inicialmente com uma faca e, posteriormente, com uma espingarda.No local, os [&hellip;]<\/p>\n","protected":false},"author":3,"featured_media":31735,"comment_status":"open","ping_status":"open","sticky":false,"template":"","format":"standard","meta":{"rop_custom_images_group":[],"rop_custom_messages_group":[],"rop_publish_now":"initial","rop_publish_now_accounts":[],"rop_publish_now_history":[],"rop_publish_now_status":"pending","footnotes":""},"categories":[25,20],"tags":[],"class_list":["post-31734","post","type-post","status-publish","format-standard","has-post-thumbnail","hentry","category-destaque","category-policia"],"_links":{"self":[{"href":"https:\/\/diariotribuna.com.br\/index.php?rest_route=\/wp\/v2\/posts\/31734"}],"collection":[{"href":"https:\/\/diariotribuna.com.br\/index.php?rest_route=\/wp\/v2\/posts"}],"about":[{"href":"https:\/\/diariotribuna.com.br\/index.php?rest_route=\/wp\/v2\/types\/post"}],"author":[{"embeddable":true,"href":"https:\/\/diariotribuna.com.br\/index.php?rest_route=\/wp\/v2\/users\/3"}],"replies":[{"embeddable":true,"href":"https:\/\/diariotribuna.com.br\/index.php?rest_route=%2Fwp%2Fv2%2Fcomments&post=31734"}],"version-history":[{"count":2,"href":"https:\/\/diariotribuna.com.br\/index.php?rest_route=\/wp\/v2\/posts\/31734\/revisions"}],"predecessor-version":[{"id":31737,"href":"https:\/\/diariotribuna.com.br\/index.php?rest_route=\/wp\/v2\/posts\/31734\/revisions\/31737"}],"wp:featuredmedia":[{"embeddable":true,"href":"https:\/\/diariotribuna.com.br\/index.php?rest_route=\/wp\/v2\/media\/31735"}],"wp:attachment":[{"href":"https:\/\/diariotribuna.com.br\/index.php?rest_route=%2Fwp%2Fv2%2Fmedia&parent=31734"}],"wp:term":[{"taxonomy":"category","embeddable":true,"href":"https:\/\/diariotribuna.com.br\/index.php?rest_route=%2Fwp%2Fv2%2Fcategories&post=31734"},{"taxonomy":"post_tag","embeddable":true,"href":"https:\/\/diariotribuna.com.br\/index.php?rest_route=%2Fwp%2Fv2%2Ftags&post=31734"}],"curies":[{"name":"wp","href":"https:\/\/api.w.org\/{rel}","templated":true}]}}