{"id":31748,"date":"2025-11-03T12:51:19","date_gmt":"2025-11-03T15:51:19","guid":{"rendered":"https:\/\/diariotribuna.com.br\/?p=31748"},"modified":"2025-11-03T12:51:19","modified_gmt":"2025-11-03T15:51:19","slug":"empresa-amplia-fabrica-em-araxa","status":"publish","type":"post","link":"https:\/\/diariotribuna.com.br\/?p=31748","title":{"rendered":"Empresa amplia f\u00e1brica em Arax\u00e1\u00a0"},"content":{"rendered":"<p><span>Foto: Divulga\u00e7\u00e3o<\/span><\/p>\n\n<p><strong><span>COLUNA MG<\/span><\/strong><\/p>\n<p><span>Principais destaques dos jornais e portais integrantes da rede Sindijori MG\u00a0<\/span><\/p>\n<p><span><a href=\"http:\/\/www.sindijorimg.com.br\/\">www.sindijorimg.com.br<\/a><\/span><\/p>\n<p><span><\/span><\/p>\n\n<p><strong><span>Empresa amplia f\u00e1brica em Arax\u00e1<\/span><\/strong><\/p>\n<p><span>A McCain, l\u00edder global na produ\u00e7\u00e3o de batatas pr\u00e9-fritas congeladas, anuncia a expans\u00e3o de sua unidade fabril em Arax\u00e1, com um investimento de R$ 1,8 bilh\u00e3o \u2013 o maior da hist\u00f3ria da empresa na regi\u00e3o. Nos \u00faltimos anos, a empresa tem fortalecido sua presen\u00e7a no Brasil por meio de investimentos significativos, como a inaugura\u00e7\u00e3o da planta de Arax\u00e1 em 2022 e a aquisi\u00e7\u00e3o total da Forno de Minas em 2023. O projeto de expans\u00e3o da f\u00e1brica de Arax\u00e1 inclui uma nova linha de produ\u00e7\u00e3o de batatas fritas e uma linha de produtos pr\u00e9-formados. (Jornal Intera\u00e7\u00e3o)<\/span><\/p>\n<p><span><a href=\"https:\/\/www.jornalinteracao.com.br\/mccain-anuncia-expansao-da-fabrica-em-araxa-com-investimento-de-r-18-bilhao\">https:\/\/www.jornalinteracao.com.br\/mccain-anuncia-expansao-da-fabrica-em-araxa-com-investimento-de-r-18-bilhao<\/a><\/span><\/p>\n<p><span><\/span><\/p>\n\n<p><strong><span>Helenas de Sete Lagoas: tema da cole\u00e7\u00e3o\u00a0<\/span><\/strong><\/p>\n<p><span>As mulheres empreendedoras da cidade ir\u00e3o integrar a antologia de obras liter\u00e1rias Minas Feminina, da editora Lisboa, cuja primeira edi\u00e7\u00e3o ser\u00e1 lan\u00e7ada em Congonhas no dia 11 de novembro, em noite de aut\u00f3grafos no Museu de Congonhas. A proposta principal do Minas Feminina \u00e9 mostrar ao universo da mulher que escrever n\u00e3o \u00e9 nenhum bicho de sete cabe\u00e7as, al\u00e9m de se constituir em uma forma de terapia e autoexpress\u00e3o. Basta dar vaz\u00e3o aos seus pensamentos e sentimentos, deixando o resto por conta da sua sensibilidade. (Jornal &#8211; Sete Dias)<\/span><\/p>\n<p><span><a href=\"https:\/\/www.setedias.com.br\/helenas-de-sete-lagoas-serao-tema-da-colecao-de-livros-minas-feminina\/\">https:\/\/www.setedias.com.br\/helenas-de-sete-lagoas-serao-tema-da-colecao-de-livros-minas-feminina\/<\/a><\/span><\/p>\n<p><span><\/span><\/p>\n\n<p><strong><span>Uberl\u00e2ndia faz a\u00e7\u00e3o contra sarampo<\/span><\/strong><\/p>\n<p><span>O Governo de Minas , por meio da Secretaria de Estado de Sa\u00fade (SES-MG) , realiza, nos dias 4 e 5\/11, uma a\u00e7\u00e3o especial da For\u00e7a Estadual do SUS (FES-SUS) em Uberl\u00e2ndia, no Tri\u00e2ngulo Mineiro. A mobiliza\u00e7\u00e3o tem como objetivo apoiar o munic\u00edpio na investiga\u00e7\u00e3o de casos suspeitos de sarampo, fortalecer a vigil\u00e2ncia epidemiol\u00f3gica e ampliar as estrat\u00e9gias de vacina\u00e7\u00e3o. Equipes t\u00e9cnicas da SES-MG e da Superintend\u00eancia Regional de Sa\u00fade (SRS) de Uberl\u00e2ndia v\u00e3o atuar em conjunto com a Secretaria Municipal de Sa\u00fade. Al\u00e9m da investiga\u00e7\u00e3o dos casos, a a\u00e7\u00e3o prev\u00ea capacita\u00e7\u00f5es para os profissionais locais em temas como coleta de amostras, vigil\u00e2ncia laboratorial, manejo cl\u00ednico e atualiza\u00e7\u00e3o sobre os sinais e sintomas da doen\u00e7a. (Correio de Uberl\u00e2ndia)<\/span><\/p>\n<p><span><a href=\"https:\/\/jornalcorreiodeuberlandia.com.br\/noticia\/82886\/governo-de-minas-reforca-acoes-de-vigilancia-contra-o-sarampo-em-uberlandia\">https:\/\/jornalcorreiodeuberlandia.com.br\/noticia\/82886\/governo-de-minas-reforca-acoes-de-vigilancia-contra-o-sarampo-em-uberlandia<\/a><\/span><\/p>\n<p><span><\/span><\/p>\n\n<p><strong><span>Defesa Civil remove 100 \u00e1rvores<\/span><\/strong><\/p>\n<p><span>A Defesa Civil de Arcos removeu aproximadamente cem \u00e1rvores de eucalipto que ofereciam risco de queda sobre a rodovia MG 170, no munic\u00edpio de Arcos, trecho pr\u00f3ximo \u00e0 balan\u00e7a rodovi\u00e1ria. Foi verificado que as \u00e1rvores eram de grande porte \u2013 algumas com mais de 35m de altura \u2013 e estavam projetadas sobre a via. (Correio do Centro Oeste)<\/span><\/p>\n<p><span><a href=\"https:\/\/www.jornalcco.com.br\/defesa-civil-de-arcos-remove-cerca-de-100-arvores-que-ofereciam-risco-na-mg-170\">https:\/\/www.jornalcco.com.br\/defesa-civil-de-arcos-remove-cerca-de-100-arvores-que-ofereciam-risco-na-mg-170<\/a><\/span><\/p>\n<p><span><\/span><\/p>\n\n<p><strong><span>Vale do A\u00e7o ter\u00e1 cremat\u00f3rio<\/span><\/strong><\/p>\n<p><span>O munic\u00edpio de Coronel Fabriciano ter\u00e1 o primeiro cremat\u00f3rio do Vale do A\u00e7o e, consequentemente, da regi\u00e3o Leste de Minas Gerais. A expectativa \u00e9 que o empreendimento entre em funcionamento ainda este ano. O cremat\u00f3rio ficar\u00e1 no mesmo terreno do Vale da Saudade Cemit\u00e9rio Parque, na rua Tr\u00eas Grotas, no bairro Todos os Santos. A empres\u00e1ria Sonja Ione Neves Barcellos Costa, propriet\u00e1ria do cremat\u00f3rio, disse que todas as licen\u00e7as ambientais e autoriza\u00e7\u00f5es junto aos \u00f3rg\u00e3os p\u00fablicos foram liberadas, e o local est\u00e1 totalmente regularizado e pronto para operar dentro das normas exigidas. (Di\u00e1rio do A\u00e7o)<\/span><\/p>\n<p><span><a href=\"https:\/\/www.diariodoaco.com.br\/noticia\/0128851-vale-do-aco-esta-proximo-de-ter-seu-primeiro-crematorio\">https:\/\/www.diariodoaco.com.br\/noticia\/0128851-vale-do-aco-esta-proximo-de-ter-seu-primeiro-crematorio<\/a><\/span><\/p>\n<p><span><\/span><\/p>\n\n<p><strong><span>Hospital ganha Jardim Terap\u00eautico<\/span><\/strong><\/p>\n<p><span>A Alcoa Foundation, com apoio do Instituto Alcoa e em parceria com o grupo de inclus\u00e3o AWN \u2013 Rede de Mulheres da Alcoa (focado em equidade de g\u00eanero), realizou uma a\u00e7\u00e3o volunt\u00e1ria na Santa Casa de Po\u00e7os de Caldas, que tamb\u00e9m beneficiou a institui\u00e7\u00e3o com a doa\u00e7\u00e3o de 15 mil d\u00f3lares para a cria\u00e7\u00e3o de um Jardim Terap\u00eautico. A iniciativa integra a Campanha de Impacto Comunit\u00e1rio, a\u00e7\u00e3o global promovida pela Alcoa Foundation que estimula o voluntariado e fortalece a conex\u00e3o entre colaboradores e as comunidades onde a empresa atua. (Jornal Mantiqueira \u2013 Po\u00e7os de Caldas)<\/span><\/p>\n<p><span><a href=\"https:\/\/www.jornalmantiqueira.com.br\/2025\/10\/31\/alcoa-foundation-destina-15-mil-dolares-para-criacao-de-jardim-terapeutico-na-santa-casa\/\">https:\/\/www.jornalmantiqueira.com.br\/2025\/10\/31\/alcoa-foundation-destina-15-mil-dolares-para-criacao-de-jardim-terapeutico-na-santa-casa\/\u00a0<\/a><\/span><\/p>\n<p><span><\/span><\/p>\n\n<p><strong><span>Passense ser\u00e1 homenageada na COP 30<\/span><\/strong><\/p>\n<p><span>Em um ano marcado pela urg\u00eancia clim\u00e1tica, com a COP30 batendo \u00e0 porta do Brasil, uma voz impactante emerge da pesquisa cient\u00edfica: Ludmila Rattis, a ecologista passense que acaba de ser consagrada entre os 100 Latinos Mais Comprometidos com a A\u00e7\u00e3o Clim\u00e1tica de 2025, pela Funda\u00e7\u00e3o Sachamama e a ag\u00eancia EFE Verde \u2013 que tem na lista o presidente Luiz In\u00e1cio Lula da Silva, a ministra S\u00f4nia Guajajara e a cientista Natalie Unterstell. A conquista chega como um reconhecimento para uma carreira constru\u00edda na linha de frente do &#8220;arco do desmatamento&#8221;, aquela faixa cr\u00edtica da Amaz\u00f4nia onde o avan\u00e7o da soja e do gado devora milh\u00f5es de hectares por ano. (Observo \u2013 Passos)<\/span><\/p>\n<p><span><a href=\"https:\/\/www.observo.com.br\/passense-entre-os-100-latinos-mais-comprometidos-com-a-acao-climatica-de-2025\">https:\/\/www.observo.com.br\/passense-entre-os-100-latinos-mais-comprometidos-com-a-acao-climatica-de-2025<\/a><\/span><\/p>\n<p><span><\/span><\/p>\n\n<p>\u00a0<\/p>","protected":false},"excerpt":{"rendered":"<p>Foto: Divulga\u00e7\u00e3o COLUNA MG Principais destaques dos jornais e portais integrantes da rede Sindijori MG\u00a0 www.sindijorimg.com.br Empresa amplia f\u00e1brica em Arax\u00e1 A McCain, l\u00edder global na produ\u00e7\u00e3o de batatas pr\u00e9-fritas congeladas, anuncia a expans\u00e3o de sua unidade fabril em Arax\u00e1, com um investimento de R$ 1,8 bilh\u00e3o \u2013 o maior da hist\u00f3ria da empresa na [&hellip;]<\/p>\n","protected":false},"author":0,"featured_media":31749,"comment_status":"open","ping_status":"open","sticky":false,"template":"","format":"standard","meta":{"rop_custom_images_group":[],"rop_custom_messages_group":[],"rop_publish_now":"initial","rop_publish_now_accounts":[],"rop_publish_now_history":[],"rop_publish_now_status":"pending","footnotes":""},"categories":[6745],"tags":[],"class_list":["post-31748","post","type-post","status-publish","format-standard","has-post-thumbnail","hentry","category-coluna-sindijori"],"_links":{"self":[{"href":"https:\/\/diariotribuna.com.br\/index.php?rest_route=\/wp\/v2\/posts\/31748"}],"collection":[{"href":"https:\/\/diariotribuna.com.br\/index.php?rest_route=\/wp\/v2\/posts"}],"about":[{"href":"https:\/\/diariotribuna.com.br\/index.php?rest_route=\/wp\/v2\/types\/post"}],"replies":[{"embeddable":true,"href":"https:\/\/diariotribuna.com.br\/index.php?rest_route=%2Fwp%2Fv2%2Fcomments&post=31748"}],"version-history":[{"count":0,"href":"https:\/\/diariotribuna.com.br\/index.php?rest_route=\/wp\/v2\/posts\/31748\/revisions"}],"wp:featuredmedia":[{"embeddable":true,"href":"https:\/\/diariotribuna.com.br\/index.php?rest_route=\/wp\/v2\/media\/31749"}],"wp:attachment":[{"href":"https:\/\/diariotribuna.com.br\/index.php?rest_route=%2Fwp%2Fv2%2Fmedia&parent=31748"}],"wp:term":[{"taxonomy":"category","embeddable":true,"href":"https:\/\/diariotribuna.com.br\/index.php?rest_route=%2Fwp%2Fv2%2Fcategories&post=31748"},{"taxonomy":"post_tag","embeddable":true,"href":"https:\/\/diariotribuna.com.br\/index.php?rest_route=%2Fwp%2Fv2%2Ftags&post=31748"}],"curies":[{"name":"wp","href":"https:\/\/api.w.org\/{rel}","templated":true}]}}