{"id":31750,"date":"2025-11-01T12:16:13","date_gmt":"2025-11-01T15:16:13","guid":{"rendered":"https:\/\/diariotribuna.com.br\/?p=31750"},"modified":"2025-11-01T12:16:13","modified_gmt":"2025-11-01T15:16:13","slug":"lobos-do-caraca-adaptados-aos-visitantes","status":"publish","type":"post","link":"https:\/\/diariotribuna.com.br\/?p=31750","title":{"rendered":"Lobos do Cara\u00e7a adaptados aos visitantes\u00a0"},"content":{"rendered":"<p><span>Foto: Reprodu\u00e7\u00e3o PDM<\/span><\/p>\n\n<p><strong><span>COLUNA MG<\/span><\/strong><\/p>\n<p><span>Principais destaques dos jornais e portais integrantes da rede Sindijori MG\u00a0<\/span><\/p>\n<p><span><a href=\"http:\/\/www.sindijorimg.com.br\/\">www.sindijorimg.com.br<\/a><\/span><\/p>\n<p><span><\/span><\/p>\n\n<p><strong><span>Lobos do Cara\u00e7a adaptados aos visitantes<\/span><\/strong><\/p>\n<p><span>Um estudo recente realizado na Reserva Particular do Patrim\u00f4nio Natural (RPPN) Santu\u00e1rio do Cara\u00e7a, em Minas Gerais, trouxe dados surpreendentes sobre os lobos-guar\u00e1s, ic\u00f4nicos moradores da regi\u00e3o. O projeto, intitulado \u201cTurismo de observa\u00e7\u00e3o do lobo-guar\u00e1 como ferramenta de conserva\u00e7\u00e3o\u201d, foi contemplado pelo programa Semente e revelou que os animais demonstram habitua\u00e7\u00e3o natural \u00e0 presen\u00e7a de observadores humanos, especialmente no entorno do adro da Igreja Nossa Senhora M\u00e3e dos Homens. Os primeiros resultados foram apresentados durante o Festival do Lobo. (Por Dentro de Minas)<\/span><\/p>\n<p><span><a href=\"https:\/\/pordentrodeminas.com.br\/noticias\/ultimas-noticias\/2025\/10\/lobos-do-santuario-do-caraca-se-mostram-adaptados-a-presenca-de-visitantes-aponta-estudo\/\">https:\/\/pordentrodeminas.com.br\/noticias\/ultimas-noticias\/2025\/10\/lobos-do-santuario-do-caraca-se-mostram-adaptados-a-presenca-de-visitantes-aponta-estudo\/<\/a><\/span><\/p>\n<p><span><\/span><\/p>\n\n<p><strong><span>STJ mantem condena\u00e7\u00e3o de pastor<\/span><\/strong><\/p>\n<p><span>O pastor Jer\u00f4nimo Onofre da Silveira, ligado \u00e0 Igreja do Evangelho Quadrangular em Contagem, responde h\u00e1 anos a uma a\u00e7\u00e3o civil p\u00fablica por improbidade administrativa, que apura suposto desvio de recursos p\u00fablicos destinados a projetos sociais e de recupera\u00e7\u00e3o de dependentes qu\u00edmicos. As investiga\u00e7\u00f5es apontaram que dinheiro repassado pela Prefeitura de Contagem teria sido usado para manter a estrutura ligada ao pastor e para financiar patrim\u00f4nio privado. (Jornal dos Vales)<\/span><\/p>\n<p><span><a href=\"https:\/\/www.jornaldosvales.com.br\/noticia\/58957\/stj-mantem-condenacao-do-pastor-jeronimo-onofre-por-desvio-de-r-14-milhao-de-verba-publica\">https:\/\/www.jornaldosvales.com.br\/noticia\/58957\/stj-mantem-condenacao-do-pastor-jeronimo-onofre-por-desvio-de-r-14-milhao-de-verba-publica<\/a><\/span><\/p>\n<p><span><\/span><\/p>\n\n<p><strong><span>Hospitalar realiza transplante card\u00edaco<\/span><\/strong><\/p>\n<p><span>O Complexo Hospitalar Samuel Lib\u00e2nio (CHSL) escreveu um cap\u00edtulo importante na sua\u00a0 hist\u00f3ria na \u00e1rea de sa\u00fade de Pouso Alegre e regi\u00e3o nesta quarta-feira, dia 29 de outubro, com a realiza\u00e7\u00e3o do primeiro transplante card\u00edaco em paciente que estava esperando h\u00e1 seis meses no hospital. O procedimento durou cerca de 28 horas, se for considerado o momento em que o doador de \u00f3rg\u00e3os e tecidos foi elencado como poss\u00edvel doador, at\u00e9 a chegada do paciente na UTI. A cirurgia em si foi iniciada \u00e0s 8h e finalizada \u00e0s 15h. (Estrada Nacional)<\/span><\/p>\n<p><span><a href=\"https:\/\/www.estradanacional.info\/post\/complexo-hospitalar-samuel-lib%C3%A2nio-realiza-primeiro-transplante-card%C3%ADaco-em-pouso-alegre\">https:\/\/www.estradanacional.info\/post\/complexo-hospitalar-samuel-lib%C3%A2nio-realiza-primeiro-transplante-card%C3%ADaco-em-pouso-alegre<\/a><\/span><\/p>\n<p><span><\/span><\/p>\n\n<p><strong><span>Rios mineiros na rota do tr\u00e1fico<\/span><\/strong><\/p>\n<p><span>Fac\u00e7\u00f5es criminosas t\u00eam ampliado o uso dos rios Parana\u00edba, Grande e Paran\u00e1 \u2014 que formam as divisas entre Minas Gerais, S\u00e3o Paulo e Mato Grosso do Sul \u2014 para o escoamento de drogas, armas e produtos contrabandeados. A movimenta\u00e7\u00e3o pelas hidrovias consolidou o Tri\u00e2ngulo Mineiro como um corredor estrat\u00e9gico para o crime organizado, levando as for\u00e7as de seguran\u00e7a dos tr\u00eas estados a intensificar o monitoramento na regi\u00e3o. Para enfrentar o problema, foi criada uma for\u00e7a-tarefa interestadual com o objetivo de refor\u00e7ar as opera\u00e7\u00f5es e o patrulhamento fluvial. (Jornal da Manh\u00e3 \u2013 Uberaba)<\/span><\/p>\n<p><span><a href=\"https:\/\/www.jmonline.com.br\/policia\/rios-do-triangulo-mineiro-viram-rota-do-trafico-e-mobilizam-forcas-de-seguranca-1.560675\">https:\/\/www.jmonline.com.br\/policia\/rios-do-triangulo-mineiro-viram-rota-do-trafico-e-mobilizam-forcas-de-seguranca-1.560675<\/a><\/span><\/p>\n<p><span><\/span><\/p>\n\n<p><strong><span>Bacia do S. Francisco ganha melhorias<\/span><\/strong><\/p>\n<p><span>Com investimentos de R$ 8,6 milh\u00f5es, a Copasa iniciou, nesta semana, as obras de amplia\u00e7\u00e3o do sistema de abastecimento de \u00e1gua de Tr\u00eas Marias e do distrito de Beira Rio, pertencente a S\u00e3o Gon\u00e7alo do Abaet\u00e9, regi\u00e3o Noroeste de Minas, ambos localizados na Bacia do Rio S\u00e3o Francisco. Essas frentes de servi\u00e7os visam garantir seguran\u00e7a h\u00eddrica e qualidade de vida para cerca de 30 mil moradores da regi\u00e3o. Assim que forem conclu\u00eddas, as obras representar\u00e3o um aumento de 50% na reserva\u00e7\u00e3o de \u00e1gua para Tr\u00eas Marias e Beira Rio, importantes polos tur\u00edsticos da regi\u00e3o. (Gazeta Norte Mineira)<\/span><\/p>\n<p><span><a href=\"https:\/\/gazetanm.com.br\/obras-de-r-86-milhoes-beneficiarao-30-mil-moradores-na-bacia-do-sao-francisco\/\">https:\/\/gazetanm.com.br\/obras-de-r-86-milhoes-beneficiarao-30-mil-moradores-na-bacia-do-sao-francisco\/<\/a><\/span><\/p>\n<p><span><\/span><\/p>\n\n<p><strong><span>Produtora \u00e9 o Brasil em certame mundial<\/span><\/strong><\/p>\n<p><span>A produtora Arabela Pereira Lima, da Fazenda Nova Esperan\u00e7a, localizada em Monte Santo de Minas, est\u00e1 prestes a viver um dos momentos mais marcantes de sua trajet\u00f3ria na cafeicultura. Ela embarca no in\u00edcio da semana para a It\u00e1lia, onde participar\u00e1, no pr\u00f3ximo dia 6 de novembro, da grande final do 10\u00ba Pr\u00eamio Internacional Ernesto Illy de Caf\u00e9, reunindo 27 cafeicultores de nove pa\u00edses. A conquista que a levou \u00e0 etapa mundial veio em maio deste ano, quando o caf\u00e9 produzido na Fazenda Nova Esperan\u00e7a foi eleito o melhor caf\u00e9 do Sul de Minas. (Jornal do Sudoeste \u2013 SS Para\u00edso)<\/span><\/p>\n<p><span><a href=\"https:\/\/jornaldosudoeste.com.br\/noticia_detalhe.php?id=220205\">https:\/\/jornaldosudoeste.com.br\/noticia_detalhe.php?id=220205<\/a><\/span><\/p>\n<p><span><\/span><\/p>\n\n<p>\u00a0<\/p>","protected":false},"excerpt":{"rendered":"<p>Foto: Reprodu\u00e7\u00e3o PDM COLUNA MG Principais destaques dos jornais e portais integrantes da rede Sindijori MG\u00a0 www.sindijorimg.com.br Lobos do Cara\u00e7a adaptados aos visitantes Um estudo recente realizado na Reserva Particular do Patrim\u00f4nio Natural (RPPN) Santu\u00e1rio do Cara\u00e7a, em Minas Gerais, trouxe dados surpreendentes sobre os lobos-guar\u00e1s, ic\u00f4nicos moradores da regi\u00e3o. O projeto, intitulado \u201cTurismo de [&hellip;]<\/p>\n","protected":false},"author":0,"featured_media":31751,"comment_status":"open","ping_status":"open","sticky":false,"template":"","format":"standard","meta":{"rop_custom_images_group":[],"rop_custom_messages_group":[],"rop_publish_now":"initial","rop_publish_now_accounts":[],"rop_publish_now_history":[],"rop_publish_now_status":"pending","footnotes":""},"categories":[6745],"tags":[],"class_list":["post-31750","post","type-post","status-publish","format-standard","has-post-thumbnail","hentry","category-coluna-sindijori"],"_links":{"self":[{"href":"https:\/\/diariotribuna.com.br\/index.php?rest_route=\/wp\/v2\/posts\/31750"}],"collection":[{"href":"https:\/\/diariotribuna.com.br\/index.php?rest_route=\/wp\/v2\/posts"}],"about":[{"href":"https:\/\/diariotribuna.com.br\/index.php?rest_route=\/wp\/v2\/types\/post"}],"replies":[{"embeddable":true,"href":"https:\/\/diariotribuna.com.br\/index.php?rest_route=%2Fwp%2Fv2%2Fcomments&post=31750"}],"version-history":[{"count":0,"href":"https:\/\/diariotribuna.com.br\/index.php?rest_route=\/wp\/v2\/posts\/31750\/revisions"}],"wp:featuredmedia":[{"embeddable":true,"href":"https:\/\/diariotribuna.com.br\/index.php?rest_route=\/wp\/v2\/media\/31751"}],"wp:attachment":[{"href":"https:\/\/diariotribuna.com.br\/index.php?rest_route=%2Fwp%2Fv2%2Fmedia&parent=31750"}],"wp:term":[{"taxonomy":"category","embeddable":true,"href":"https:\/\/diariotribuna.com.br\/index.php?rest_route=%2Fwp%2Fv2%2Fcategories&post=31750"},{"taxonomy":"post_tag","embeddable":true,"href":"https:\/\/diariotribuna.com.br\/index.php?rest_route=%2Fwp%2Fv2%2Ftags&post=31750"}],"curies":[{"name":"wp","href":"https:\/\/api.w.org\/{rel}","templated":true}]}}