{"id":31752,"date":"2025-10-31T11:46:01","date_gmt":"2025-10-31T14:46:01","guid":{"rendered":"https:\/\/diariotribuna.com.br\/?p=31752"},"modified":"2025-10-31T11:46:01","modified_gmt":"2025-10-31T14:46:01","slug":"acordo-viabiliza-minas-de-araxa","status":"publish","type":"post","link":"https:\/\/diariotribuna.com.br\/?p=31752","title":{"rendered":"Acordo viabiliza minas de Arax\u00e1\u00a0"},"content":{"rendered":"<p><span>Foto: Divulga\u00e7\u00e3o CBMM<\/span><\/p>\n\n<p><strong><span>COLUNA MG<\/span><\/strong><\/p>\n<p><span>Principais destaques dos jornais e portais integrantes da rede Sindijori MG\u00a0<\/span><\/p>\n<p><span><a href=\"http:\/\/www.sindijorimg.com.br\/\">www.sindijorimg.com.br<\/a><\/span><\/p>\n<p><span><\/span><\/p>\n\n<p><strong><span>Acordo viabiliza minas de Arax\u00e1<\/span><\/strong><\/p>\n<p><span>Minas Gerais garantiu, na quinta-feira, 30, uma fonte est\u00e1vel de receita para as pr\u00f3ximas d\u00e9cadas. O Grupo Codemge formalizou um novo acordo entre a Codemig e a Companhia Brasileira de Metalurgia e Minera\u00e7\u00e3o (CBMM) para as minas de Arax\u00e1. Pelo contrato, a estatal assegura 25% do lucro l\u00edquido com o ni\u00f3bio por 30 anos, com possibilidade de prorroga\u00e7\u00e3o por mais 15 anos, o que pode levar a vig\u00eancia at\u00e9 2070. O novo instrumento substitui o que terminaria em 2032, refor\u00e7a as regras de fiscaliza\u00e7\u00e3o e amplia a participa\u00e7\u00e3o da Codemig no lucro da comercializa\u00e7\u00e3o de outros materiais pela CBMM, incluindo terras raras, sem exigir novos investimentos da estatal. (Clarin.net)<\/span><\/p>\n<p><span><a href=\"https:\/\/clarim.net.br\/codemig-e-cbmm-celebram-novo-acordo-para-exploracao-do-niobio\/\">https:\/\/clarim.net.br\/codemig-e-cbmm-celebram-novo-acordo-para-exploracao-do-niobio\/<\/a><\/span><\/p>\n<p><span><\/span><\/p>\n\n<p><strong><span>Caratinga a caminho da COP 30<\/span><\/strong><\/p>\n<p><span>O Santu\u00e1rio de Caratinga ser\u00e1 palco, no s\u00e1bado, 1\u00ba de novembro, a partir das 9h, do Mutir\u00e3o Democratizando Saberes, um grande encontro voltado \u00e0 valoriza\u00e7\u00e3o de iniciativas sociais, ambientais e educativas desenvolvidas no munic\u00edpio. O evento aberto ao p\u00fablico \u00e9 idealizado e coordenado por Andr\u00e9ia Patr\u00edcio, que explica que o mutir\u00e3o nasceu com um prop\u00f3sito: colocar Caratinga na COP30, confer\u00eancia internacional sobre mudan\u00e7as clim\u00e1ticas promovida pela ONU. (Di\u00e1rio de Caratinga)<\/span><\/p>\n<p><span><a href=\"https:\/\/diariodecaratinga.com.br\/cidade\/caratinga-no-caminho-da-cop30\/\">https:\/\/diariodecaratinga.com.br\/cidade\/caratinga-no-caminho-da-cop30\/<\/a><\/span><\/p>\n<p><span><\/span><\/p>\n\n<p><strong><span>JF incentiva artes marciais<\/span><\/strong><\/p>\n<p><span>A 3\u00aa Semana de Incentivo \u00e0s Artes Marciais 2025 est\u00e1 movimentando o Gin\u00e1sio Municipal Jornalista Ant\u00f4nio Marcos, em Juiz de Fora, com uma programa\u00e7\u00e3o diversificada e a participa\u00e7\u00e3o de 2.360 atletas. O evento, promovido pela Prefeitura de Juiz de Fora (PJF), por meio da Secretaria de Esporte e Lazer (SEL), re\u00fane seis modalidades: jiu-jitsu (800 participantes), capoeira (550), jud\u00f4 (450), karat\u00ea (400), kickboxing (100) e boxe (60). A iniciativa tem como objetivo valorizar as artes marciais, incentivar a pr\u00e1tica esportiva e revelar novos talentos locais e prossegue at\u00e9 domingo. (RCWTV \u2013 Juiz de Fora)<\/span><\/p>\n<p><span><a href=\"https:\/\/www.rcwtv.com.br\/noticia\/semana-de-incentivo-as-artes-marciais-reune-mais-de-2-mil-atletas-em-juiz-de-fora\">https:\/\/www.rcwtv.com.br\/noticia\/semana-de-incentivo-as-artes-marciais-reune-mais-de-2-mil-atletas-em-juiz-de-fora<\/a><\/span><\/p>\n<p><span><\/span><\/p>\n\n<p><strong><span>Mariana suspendeu ONG ambiental<\/span><\/strong><\/p>\n<p><span>O Conselho Municipal de Meio Ambiente de Mariana, no \u00faltimo dia 21 de outubro, determinou pela suspens\u00e3o, de forma preventiva, da ONG Zeladoria do Planeta, citada na Opera\u00e7\u00e3o Rejeito, deflagrada pela Pol\u00edcia Federal (PF) e que investiga um esquema de minera\u00e7\u00e3o ilegal em Minas Gerais. Em raz\u00e3o dos desdobramentos da opera\u00e7\u00e3o policial, que se tornaram de conhecimento p\u00fablico, e de modo a assegurar a integridade, a transpar\u00eancia e a imparcialidade nas resolu\u00e7\u00f5es do conselho, a medida cautelar ser\u00e1 mantida at\u00e9 que a organiza\u00e7\u00e3o preste esclarecimentos sobre os fatos narrados e a apura\u00e7\u00e3o seja efetivada. (O Liberal \u2013 Ouro Preto)<\/span><\/p>\n<p><span><a href=\"https:\/\/oliberalinconfidentes.com.br\/mariana\/operacao-rejeito-codema-de-mariana-suspende-preventivamente-ong-citada-na-investigacao-da-pf\/\">https:\/\/oliberalinconfidentes.com.br\/mariana\/operacao-rejeito-codema-de-mariana-suspende-preventivamente-ong-citada-na-investigacao-da-pf\/<\/a><\/span><\/p>\n<p><span><\/span><\/p>\n\n<p><strong><span>UPA ganha colch\u00f5es pneum\u00e1ticos<\/span><\/strong><\/p>\n<p><span>A Unidade de Pronto Atendimento de Divin\u00f3polis \u2013 UPA Padre Roberto Cordeiro Martins deu mais um passo importante na melhoria nos atendimentos. Com a aquisi\u00e7\u00e3o de 25 colch\u00f5es pneum\u00e1ticos, tornou-se a primeira UPA da regi\u00e3o a contar com esse tipo de equipamento. O investimento representa um diferencial importante na preven\u00e7\u00e3o, tratamento de les\u00f5es por press\u00e3o (LPP) e conforto aos pacientes que permanecem acamados. (Portal G37 \u2013 Divin\u00f3polis)<\/span><\/p>\n<p><span><a href=\"https:\/\/g37.com.br\/divinopolis\/upa-divinopolis-e-a-primeira-da-regiao-a-usar-colchoes-pneumaticos-para-prevencao-e-tratamento-de-lesoes-por-pressao\/\">https:\/\/g37.com.br\/divinopolis\/upa-divinopolis-e-a-primeira-da-regiao-a-usar-colchoes-pneumaticos-para-prevencao-e-tratamento-de-lesoes-por-pressao\/<\/a><\/span><\/p>\n<p><span><\/span><\/p>\n\n<p><strong><span>M\u00e9dico de Passos ganha o Jabuti<\/span><\/strong><\/p>\n<p><span>A 67\u00aa edi\u00e7\u00e3o do Pr\u00eamio Jabuti, realizada na noite de 27 de outubro, no Theatro Municipal do Rio de Janeiro, consagrou o escritor passense Marcelo Henrique Silva como vencedor na categoria Escritor Estreante &#8211; Romance com sua obra Sangue Neon (Editora Faria e Silva). O evento, promovido pela C\u00e2mara Brasileira do Livro (CBL), celebrou a literatura brasileira em 23 categorias, com destaque para a conquista do autor de Passos, que levou para casa R$ 5 mil e a ic\u00f4nica estatueta do Jabuti. (Obervo \u2013 Passos)<\/span><\/p>\n<p><span><a href=\"https:\/\/www.observo.com.br\/marcelo-henrique-silva-de-passos-conquista-o-premio-jabuti-2025-com-sangue-neon\">https:\/\/www.observo.com.br\/marcelo-henrique-silva-de-passos-conquista-o-premio-jabuti-2025-com-sangue-neon<\/a><\/span><\/p>\n<p><span><\/span><\/p>\n\n<p><strong><span>Santos Dumont ter\u00e1 feira afro-brasileira<\/span><\/strong><\/p>\n<p><span>A C\u00e2mara de Santos Dumont aprovou Projeto de Lei que institui a Corrida Zumbi dos Palmares e a Feira Cultural Afro-Brasileira na programa\u00e7\u00e3o oficial do Dia Municipal da Consci\u00eancia Negra em Santos Dumont.\u00a0 A proposta institui a Corrida de Rua &#8220;Zumbi dos Palmares&#8221; com car\u00e1ter esportivo, hist\u00f3rico e cultural, aberta \u00e0 participa\u00e7\u00e3o de atletas profissionais, amadores e da comunidade em geral em diversas categorias. A premia\u00e7\u00e3o simb\u00f3lica poder\u00e1 ser por meio de medalhas, trof\u00e9us ou certificados de participa\u00e7\u00e3o. (Portal 14B \u2013 Santos Dumont)<\/span><\/p>\n<p><span><a href=\"https:\/\/portal14b.com.br\/Publicacao.aspx?id=626709\">https:\/\/portal14b.com.br\/Publicacao.aspx?id=626709<\/a><\/span><\/p>\n<p><span><\/span><\/p>\n\n<p>\u00a0<\/p>","protected":false},"excerpt":{"rendered":"<p>Foto: Divulga\u00e7\u00e3o CBMM COLUNA MG Principais destaques dos jornais e portais integrantes da rede Sindijori MG\u00a0 www.sindijorimg.com.br Acordo viabiliza minas de Arax\u00e1 Minas Gerais garantiu, na quinta-feira, 30, uma fonte est\u00e1vel de receita para as pr\u00f3ximas d\u00e9cadas. O Grupo Codemge formalizou um novo acordo entre a Codemig e a Companhia Brasileira de Metalurgia e Minera\u00e7\u00e3o [&hellip;]<\/p>\n","protected":false},"author":0,"featured_media":31753,"comment_status":"open","ping_status":"open","sticky":false,"template":"","format":"standard","meta":{"rop_custom_images_group":[],"rop_custom_messages_group":[],"rop_publish_now":"initial","rop_publish_now_accounts":[],"rop_publish_now_history":[],"rop_publish_now_status":"pending","footnotes":""},"categories":[6745],"tags":[],"class_list":["post-31752","post","type-post","status-publish","format-standard","has-post-thumbnail","hentry","category-coluna-sindijori"],"_links":{"self":[{"href":"https:\/\/diariotribuna.com.br\/index.php?rest_route=\/wp\/v2\/posts\/31752"}],"collection":[{"href":"https:\/\/diariotribuna.com.br\/index.php?rest_route=\/wp\/v2\/posts"}],"about":[{"href":"https:\/\/diariotribuna.com.br\/index.php?rest_route=\/wp\/v2\/types\/post"}],"replies":[{"embeddable":true,"href":"https:\/\/diariotribuna.com.br\/index.php?rest_route=%2Fwp%2Fv2%2Fcomments&post=31752"}],"version-history":[{"count":0,"href":"https:\/\/diariotribuna.com.br\/index.php?rest_route=\/wp\/v2\/posts\/31752\/revisions"}],"wp:featuredmedia":[{"embeddable":true,"href":"https:\/\/diariotribuna.com.br\/index.php?rest_route=\/wp\/v2\/media\/31753"}],"wp:attachment":[{"href":"https:\/\/diariotribuna.com.br\/index.php?rest_route=%2Fwp%2Fv2%2Fmedia&parent=31752"}],"wp:term":[{"taxonomy":"category","embeddable":true,"href":"https:\/\/diariotribuna.com.br\/index.php?rest_route=%2Fwp%2Fv2%2Fcategories&post=31752"},{"taxonomy":"post_tag","embeddable":true,"href":"https:\/\/diariotribuna.com.br\/index.php?rest_route=%2Fwp%2Fv2%2Ftags&post=31752"}],"curies":[{"name":"wp","href":"https:\/\/api.w.org\/{rel}","templated":true}]}}