{"id":31754,"date":"2025-10-30T12:31:59","date_gmt":"2025-10-30T15:31:59","guid":{"rendered":"https:\/\/diariotribuna.com.br\/?p=31754"},"modified":"2025-10-30T12:31:59","modified_gmt":"2025-10-30T15:31:59","slug":"black-friday-tera-1-bilhao-em-minas","status":"publish","type":"post","link":"https:\/\/diariotribuna.com.br\/?p=31754","title":{"rendered":"Black Friday ter\u00e1 1 bilh\u00e3o em Minas\u00a0"},"content":{"rendered":"<p><span>Foto: (Reprodu\u00e7\u00e3o Adobe Stock\/DC)<\/span><\/p>\n\n<p><strong><span>COLUNA MG<\/span><\/strong><\/p>\n<p><span>Principais destaques dos jornais e portais integrantes da rede Sindijori MG\u00a0<\/span><\/p>\n<p><span><a href=\"http:\/\/www.sindijorimg.com.br\/\">www.sindijorimg.com.br<\/a><\/span><\/p>\n<p><span><\/span><\/p>\n\n<p><strong><span>Black Friday ter\u00e1 1 bilh\u00e3o em Minas<\/span><\/strong><\/p>\n<p><span>Se as proje\u00e7\u00f5es da Associa\u00e7\u00e3o Brasileira de Intelig\u00eancia Artificial e E-commerce (Abiacom) se confirmarem e o com\u00e9rcio digital realmente faturar R$ 13,34 bilh\u00f5es no Brasil durante a Black Friday, a data deve movimentar, em Minas Gerais, cerca de R$ 1,6 bilh\u00e3o. Isso porque de acordo com os dados da Abiacom, no ano passado, o Estado respondeu por quase 12% das vendas no mercado digital durante o ano, sendo o segundo que mais contribuiu para o faturamento do com\u00e9rcio eletr\u00f4nico, ficando atr\u00e1s somente de S\u00e3o Paulo. (Di\u00e1rio do Com\u00e9rcio \u2013 Belo Horizonte)<\/span><\/p>\n<p><span><a href=\"https:\/\/diariodocomercio.com.br\/economia\/minas-pode-faturar-mais-r-1-bilhao-black-friday\/\">https:\/\/diariodocomercio.com.br\/economia\/minas-pode-faturar-mais-r-1-bilhao-black-friday\/<\/a><\/span><\/p>\n<p><span><\/span><\/p>\n\n<p><strong><span>Col\u00e9gio Batista chega a Valadares<\/span><\/strong><\/p>\n<p><span>Contagem regressiva para abertura do Col\u00e9gio Batista Mineiro na cidade de Governador Valadares\u00a0 que, a partir de janeiro pr\u00f3ximo, ter\u00e1 acesso a esta institui\u00e7\u00e3o centen\u00e1ria reconhecida por sua excel\u00eancia acad\u00eamica e compromisso com valores crist\u00e3os. Trata-se da unidade 23 ligada \u00e0 Rede Batista de Educa\u00e7\u00e3o. A Rede Batista de Educa\u00e7\u00e3o tem mais 100 anos de tradi\u00e7\u00e3o, come\u00e7ou em Belo Horizonte com o Col\u00e9gio Batista Mineiro, \u00e9 mantida pela Conven\u00e7\u00e3o Batista Mineira, que atua do ber\u00e7\u00e1rio ao ensino m\u00e9dio em 22 unidades educacionais distribu\u00eddas por sete estados brasileiros. (Minas Conex\u00e3o)<\/span><\/p>\n<p><span><a href=\"https:\/\/minasconexao.com.br\/o-tradicional-colegio-batista-mineiro-abre-unidade-na-cidade-de-governador-valadares-em-janeiro-proximo\/\">https:\/\/minasconexao.com.br\/o-tradicional-colegio-batista-mineiro-abre-unidade-na-cidade-de-governador-valadares-em-janeiro-proximo\/<\/a><\/span><\/p>\n<p><span><\/span><\/p>\n\n<p><strong><span>Caet\u00e9 tem pontos de Wi-Fi gratuito<\/span><\/strong><\/p>\n<p><span>A Prefeitura de Caet\u00e9 lan\u00e7ou nessa semana o programa \u201cWi-Fi da Gente\u201d que j\u00e1 est\u00e1 dispon\u00edvel em tr\u00eas importantes locais de Caet\u00e9: Pra\u00e7a Jo\u00e3o Pinheiro, (centro), Rodovi\u00e1ria e Pra\u00e7a Get\u00falio Vargas (Jos\u00e9 Brand\u00e3o). A popula\u00e7\u00e3o poder\u00e1 acessar a internet gratuitamente por at\u00e9 2 horas por dia, ap\u00f3s realizar um cadastro simples no primeiro acesso. Segundo o prefeito Alberto Pires, a meta \u00e9 expandir para todas as pra\u00e7as e espa\u00e7os p\u00fablicos da cidade. (Opini\u00e3o Caet\u00e9)<\/span><\/p>\n<p><span><a href=\"https:\/\/www.opiniaocaete.com.br\/prefeitura-entrega-3-pontos-de-wi-fi-gratuito\/\">https:\/\/www.opiniaocaete.com.br\/prefeitura-entrega-3-pontos-de-wi-fi-gratuito\/<\/a><\/span><\/p>\n<p><span><\/span><\/p>\n\n<p><strong><span>Araguari lan\u00e7a campanha de natal<\/span><\/strong><\/p>\n<p><span>A magia do Natal j\u00e1 come\u00e7a a tomar forma e a definir o calend\u00e1rio de celebra\u00e7\u00f5es em Araguari. Em uma reuni\u00e3o estrat\u00e9gica realizada na noite desta segunda-feira, a Prefeitura Municipal, em uma parceria com a C\u00e2mara de Dirigentes Lojistas, a Associa\u00e7\u00e3o Comercial e Industrial de Araguari, lojistas e comerciantes, lan\u00e7ou os detalhes do projeto deste ano, batizado de \u201cNatal Encantado\u201d. O objetivo central \u00e9 fortalecer o com\u00e9rcio local e transformar a cidade em um polo de atra\u00e7\u00e3o regional por meio de uma decora\u00e7\u00e3o criativa e uma programa\u00e7\u00e3o intensa. (Gazeta do Tri\u00e2ngulo)<\/span><\/p>\n<p><span><a href=\"https:\/\/gazetadotriangulo.com.br\/uniao-em-prol-da-magia-natal-encantado-promete-aquecer-o-comercio-e-encantar-familias-em-araguari\/\">https:\/\/gazetadotriangulo.com.br\/uniao-em-prol-da-magia-natal-encantado-promete-aquecer-o-comercio-e-encantar-familias-em-araguari\/<\/a><\/span><\/p>\n<p><span><\/span><\/p>\n\n<p><strong><span>Capit\u00f3lio sedia circuito mineiro<\/span><\/strong><\/p>\n<p><span>A Prainha de Capit\u00f3lio sedia, neste final de semana, a etapa local do Circuito Mineiro de V\u00f4lei de Praia 2025. Organizado pela Federa\u00e7\u00e3o Mineira de V\u00f4lei em parceria com a Prefeitura Municipal e a C\u00e2mara de Vereadores, o evento re\u00fane duplas profissionais e amadoras em uma celebra\u00e7\u00e3o que integra esporte, turismo e revela\u00e7\u00e3o de talentos. Com uma premia\u00e7\u00e3o total de R$ 5 mil, a competi\u00e7\u00e3o promove disputas de alto n\u00edvel, atraindo a aten\u00e7\u00e3o de moradores, turistas e entusiastas do v\u00f4lei de praia. Os jogos ocorrem no s\u00e1bado e domingo (1\u00ba e 2 de novembro). (O Debate)<\/span><\/p>\n<p><span><a href=\"https:\/\/www.odebatenoticias.com.br\/post\/circuito-mineiro-de-v%C3%B4lei-de-praia-2025-realiza-etapa-em-capit%C3%B3lio-com-premia%C3%A7%C3%A3o-e-participa%C3%A7%C3%A3o-de-a\">https:\/\/www.odebatenoticias.com.br\/post\/circuito-mineiro-de-v%C3%B4lei-de-praia-2025-realiza-etapa-em-capit%C3%B3lio-com-premia%C3%A7%C3%A3o-e-participa%C3%A7%C3%A3o-de-a<\/a><\/span><\/p>\n<p><span><\/span><\/p>\n\n<p><strong><span>Minas \u00e9 destaque na Brazil Travel<\/span><\/strong><\/p>\n<p><span>As belezas naturais, os sabores aut\u00eanticos e a hospitalidade de Minas Gerais s\u00e3o destaque na 14\u00aa edi\u00e7\u00e3o do Brazil Travel Market (BTM), realizada nos dias 23 e 24 de outubro, em Fortaleza (CE). O evento, considerado um dos mais importantes do Norte e Nordeste voltados \u00e0 promo\u00e7\u00e3o do turismo no Brasil, reuniu representantes do trade nacional e internacional, al\u00e9m de hosted buyers de diversos pa\u00edses. A participa\u00e7\u00e3o mineira integra o conjunto de a\u00e7\u00f5es promovidas pelo Governo de Minas, por meio da Secretaria de Estado de Cultura e Turismo de Minas Gerais (MG Turismo)<\/span><\/p>\n<p><span><a href=\"https:\/\/mgturismo.com.br\/minas-gerais-e-destaque-na-brazil-travel-market-btm\/\">https:\/\/mgturismo.com.br\/minas-gerais-e-destaque-na-brazil-travel-market-btm\/<\/a><\/span><\/p>\n<p><span><\/span><\/p>\n\n<p><strong><span>Santo Antonio re\u00fane idosos<\/span><\/strong><\/p>\n<p><span>\u00a0Um encontro que uniu hist\u00f3rias, cidades e cora\u00e7\u00f5es. Assim foi o 5\u00ba Encontro Regional da Melhor Idade, realizado no \u00faltimo domingo, 26 de outubro, em Santo Ant\u00f4nio do Monte, pela Prefeitura Municipal, por meio da Secretaria de Assist\u00eancia Social. O evento se consagrou como o maior j\u00e1 realizado na cidade, reunindo centenas de participantes de mais de 25 munic\u00edpios da regi\u00e3o, que vieram para celebrar a vida, a amizade e a alegria de viver. (Gazeta Montense)<\/span><\/p>\n<p><span><a href=\"https:\/\/gmontense.com.br\/\">https:\/\/gmontense.com.br\/<\/a><\/span><\/p>\n<p><span><\/span><\/p>\n\n<p>\u00a0<\/p>","protected":false},"excerpt":{"rendered":"<p>Foto: (Reprodu\u00e7\u00e3o Adobe Stock\/DC) COLUNA MG Principais destaques dos jornais e portais integrantes da rede Sindijori MG\u00a0 www.sindijorimg.com.br Black Friday ter\u00e1 1 bilh\u00e3o em Minas Se as proje\u00e7\u00f5es da Associa\u00e7\u00e3o Brasileira de Intelig\u00eancia Artificial e E-commerce (Abiacom) se confirmarem e o com\u00e9rcio digital realmente faturar R$ 13,34 bilh\u00f5es no Brasil durante a Black Friday, a [&hellip;]<\/p>\n","protected":false},"author":0,"featured_media":31755,"comment_status":"open","ping_status":"open","sticky":false,"template":"","format":"standard","meta":{"rop_custom_images_group":[],"rop_custom_messages_group":[],"rop_publish_now":"initial","rop_publish_now_accounts":[],"rop_publish_now_history":[],"rop_publish_now_status":"pending","footnotes":""},"categories":[6745],"tags":[],"class_list":["post-31754","post","type-post","status-publish","format-standard","has-post-thumbnail","hentry","category-coluna-sindijori"],"_links":{"self":[{"href":"https:\/\/diariotribuna.com.br\/index.php?rest_route=\/wp\/v2\/posts\/31754"}],"collection":[{"href":"https:\/\/diariotribuna.com.br\/index.php?rest_route=\/wp\/v2\/posts"}],"about":[{"href":"https:\/\/diariotribuna.com.br\/index.php?rest_route=\/wp\/v2\/types\/post"}],"replies":[{"embeddable":true,"href":"https:\/\/diariotribuna.com.br\/index.php?rest_route=%2Fwp%2Fv2%2Fcomments&post=31754"}],"version-history":[{"count":0,"href":"https:\/\/diariotribuna.com.br\/index.php?rest_route=\/wp\/v2\/posts\/31754\/revisions"}],"wp:featuredmedia":[{"embeddable":true,"href":"https:\/\/diariotribuna.com.br\/index.php?rest_route=\/wp\/v2\/media\/31755"}],"wp:attachment":[{"href":"https:\/\/diariotribuna.com.br\/index.php?rest_route=%2Fwp%2Fv2%2Fmedia&parent=31754"}],"wp:term":[{"taxonomy":"category","embeddable":true,"href":"https:\/\/diariotribuna.com.br\/index.php?rest_route=%2Fwp%2Fv2%2Fcategories&post=31754"},{"taxonomy":"post_tag","embeddable":true,"href":"https:\/\/diariotribuna.com.br\/index.php?rest_route=%2Fwp%2Fv2%2Ftags&post=31754"}],"curies":[{"name":"wp","href":"https:\/\/api.w.org\/{rel}","templated":true}]}}