{"id":31756,"date":"2025-11-04T10:19:12","date_gmt":"2025-11-04T13:19:12","guid":{"rendered":"https:\/\/diariotribuna.com.br\/?p=31756"},"modified":"2025-11-04T10:19:12","modified_gmt":"2025-11-04T13:19:12","slug":"deputado-arantes-representa-assembleia-no-conecta-com-minas-2025-e-destaca-importancia-da-midia-regional-e-dos-jornais-impressos","status":"publish","type":"post","link":"https:\/\/diariotribuna.com.br\/?p=31756","title":{"rendered":"Deputado Arantes representa Assembleia no Conecta Com Minas 2025 e destaca import\u00e2ncia da m\u00eddia regional e dos jornais impressos\u00a0"},"content":{"rendered":"<p>Foto: @csmidiabrasil<\/p>\n<p>O deputado estadual <strong>Ant\u00f4nio Carlos Arantes<\/strong> representou a <strong>Assembleia Legislativa de Minas Gerais (ALMG)<\/strong> na <strong>3\u00aa edi\u00e7\u00e3o do evento Conecta Com Minas<\/strong>, realizado no dia 27 de outubro, em Belo Horizonte, e promovido pelo <strong>Sindicato dos Propriet\u00e1rios de Jornais, Revistas e Ve\u00edculos de Comunica\u00e7\u00e3o Digital de Minas Gerais (Sindijori\/MG)<\/strong>.<\/p>\n<p>Na ocasi\u00e3o, o parlamentar destacou a <strong>relev\u00e2ncia da m\u00eddia regional e dos jornais impressos<\/strong> para o fortalecimento da democracia, o desenvolvimento do Estado e a valoriza\u00e7\u00e3o das comunidades locais. O encontro reuniu <strong>comunicadores, empres\u00e1rios, jornalistas, representantes do governo estadual, ag\u00eancias de publicidade e dirigentes de ve\u00edculos do interior<\/strong>, que debateram os <strong>desafios e inova\u00e7\u00f5es do setor de comunica\u00e7\u00e3o<\/strong>.<\/p>\n<p>Durante sua participa\u00e7\u00e3o, Arantes ressaltou que a <strong>imprensa do interior exerce papel essencial na forma\u00e7\u00e3o da opini\u00e3o p\u00fablica<\/strong>, na <strong>fiscaliza\u00e7\u00e3o do poder p\u00fablico<\/strong> e na <strong>divulga\u00e7\u00e3o de a\u00e7\u00f5es e pautas locais<\/strong> que muitas vezes n\u00e3o ganham espa\u00e7o na grande m\u00eddia. O deputado elogiou o <strong>trabalho e a resist\u00eancia dos profissionais<\/strong> que, mesmo com recursos limitados, <strong>mant\u00eam viva a tradi\u00e7\u00e3o do jornalismo impresso comprometido com a verdade<\/strong> \u2014 sendo aplaudido pelos participantes do evento.<\/p>\n\n<p>O parlamentar tamb\u00e9m <strong>reafirmou o compromisso da Assembleia Legislativa<\/strong> em apoiar <strong>iniciativas que valorizem a comunica\u00e7\u00e3o regional<\/strong>, reconhecendo o <strong>jornalismo local como instrumento de fortalecimento das comunidades<\/strong>. Arantes ainda <strong>ressaltou o avan\u00e7o da digitaliza\u00e7\u00e3o<\/strong> e a <strong>import\u00e2ncia da integra\u00e7\u00e3o entre os meios tradicionais e as novas plataformas de comunica\u00e7\u00e3o<\/strong>, como caminho para garantir a sustentabilidade e a relev\u00e2ncia da m\u00eddia mineira no futuro.<\/p>\n<p>\u00a0<\/p>","protected":false},"excerpt":{"rendered":"<p>Foto: @csmidiabrasil O deputado estadual Ant\u00f4nio Carlos Arantes representou a Assembleia Legislativa de Minas Gerais (ALMG) na 3\u00aa edi\u00e7\u00e3o do evento Conecta Com Minas, realizado no dia 27 de outubro, em Belo Horizonte, e promovido pelo Sindicato dos Propriet\u00e1rios de Jornais, Revistas e Ve\u00edculos de Comunica\u00e7\u00e3o Digital de Minas Gerais (Sindijori\/MG). Na ocasi\u00e3o, o parlamentar [&hellip;]<\/p>\n","protected":false},"author":0,"featured_media":31757,"comment_status":"open","ping_status":"open","sticky":false,"template":"","format":"standard","meta":{"rop_custom_images_group":[],"rop_custom_messages_group":[],"rop_publish_now":"initial","rop_publish_now_accounts":[],"rop_publish_now_history":[],"rop_publish_now_status":"pending","footnotes":""},"categories":[6745],"tags":[],"class_list":["post-31756","post","type-post","status-publish","format-standard","has-post-thumbnail","hentry","category-coluna-sindijori"],"_links":{"self":[{"href":"https:\/\/diariotribuna.com.br\/index.php?rest_route=\/wp\/v2\/posts\/31756"}],"collection":[{"href":"https:\/\/diariotribuna.com.br\/index.php?rest_route=\/wp\/v2\/posts"}],"about":[{"href":"https:\/\/diariotribuna.com.br\/index.php?rest_route=\/wp\/v2\/types\/post"}],"replies":[{"embeddable":true,"href":"https:\/\/diariotribuna.com.br\/index.php?rest_route=%2Fwp%2Fv2%2Fcomments&post=31756"}],"version-history":[{"count":0,"href":"https:\/\/diariotribuna.com.br\/index.php?rest_route=\/wp\/v2\/posts\/31756\/revisions"}],"wp:featuredmedia":[{"embeddable":true,"href":"https:\/\/diariotribuna.com.br\/index.php?rest_route=\/wp\/v2\/media\/31757"}],"wp:attachment":[{"href":"https:\/\/diariotribuna.com.br\/index.php?rest_route=%2Fwp%2Fv2%2Fmedia&parent=31756"}],"wp:term":[{"taxonomy":"category","embeddable":true,"href":"https:\/\/diariotribuna.com.br\/index.php?rest_route=%2Fwp%2Fv2%2Fcategories&post=31756"},{"taxonomy":"post_tag","embeddable":true,"href":"https:\/\/diariotribuna.com.br\/index.php?rest_route=%2Fwp%2Fv2%2Ftags&post=31756"}],"curies":[{"name":"wp","href":"https:\/\/api.w.org\/{rel}","templated":true}]}}